{"id":10550,"date":"2018-11-19T13:27:29","date_gmt":"2018-11-19T12:27:29","guid":{"rendered":"http:\/\/www.lecollectifdesfestivals.org\/collectif\/?p=10550"},"modified":"2023-06-27T16:15:29","modified_gmt":"2023-06-27T14:15:29","slug":"diy-la-table-de-tri-du-festival-du-roi-arthur","status":"publish","type":"post","link":"https:\/\/www.lecollectifdesfestivals.org\/collectif\/2018\/11\/diy-la-table-de-tri-du-festival-du-roi-arthur\/","title":{"rendered":"[DIY] La table de tri du Festival du Roi Arthur"},"content":{"rendered":"\n<figure class=\"wp-block-image\"><img loading=\"lazy\" decoding=\"async\" width=\"1024\" height=\"579\" src=\"http:\/\/www.lecollectifdesfestivals.org\/collectif\/wp-content\/uploads\/2018\/11\/Table-de-tri.jpg\" alt=\"Table de tri\" class=\"wp-image-10552\" srcset=\"https:\/\/www.lecollectifdesfestivals.org\/collectif\/wp-content\/uploads\/2018\/11\/Table-de-tri.jpg 1024w, https:\/\/www.lecollectifdesfestivals.org\/collectif\/wp-content\/uploads\/2018\/11\/Table-de-tri-300x170.jpg 300w, https:\/\/www.lecollectifdesfestivals.org\/collectif\/wp-content\/uploads\/2018\/11\/Table-de-tri-768x434.jpg 768w\" sizes=\"auto, (max-width: 1024px) 100vw, 1024px\" \/><\/figure>\n\n\n\n<div style=\"height:37px\" aria-hidden=\"true\" class=\"wp-block-spacer\"><\/div>\n\n\n\n<p>Le Festival du Roi Arthur a construit une table de tri en 2014. Celle-ci permet de re-trier facilement les d\u00e9chets du festival en peu de temps. Elle est fabriqu\u00e9e gr\u00e2ce \u00e0 des mat\u00e9riaux de r\u00e9cup, essentiellement du bois et chaque ann\u00e9e un peu am\u00e9lior\u00e9e.<br>Ergonomique, elle am\u00e9liore les conditions de travail des b\u00e9n\u00e9voles en charge des d\u00e9chets.<br>Le festival a accept\u00e9 de partager ses plans !<\/p>\n\n\n\n<p class=\"has-medium-font-size\"><strong><a href=\"https:\/\/www.lecollectifdesfestivals.org\/collectif\/download\/DIY_Table_tri_RA.pdf\">T\u00e9l\u00e9chargez le DIY<\/a><\/strong><\/p>\n\n\n\n<div style=\"height:100px\" aria-hidden=\"true\" class=\"wp-block-spacer\"><\/div>\n","protected":false},"excerpt":{"rendered":"<p>Le Festival du Roi Arthur a construit une table de tri en 2014. Celle-ci permet de re-trier facilement les d\u00e9chets du festival en peu de temps. Elle est fabriqu\u00e9e gr\u00e2ce \u00e0 des mat\u00e9riaux de r\u00e9cup, essentiellement du bois et chaque ann\u00e9e un peu am\u00e9lior\u00e9e.Ergonomique, elle am\u00e9liore les conditions de travail des b\u00e9n\u00e9voles en charge des&hellip;&nbsp;<a href=\"https:\/\/www.lecollectifdesfestivals.org\/collectif\/2018\/11\/diy-la-table-de-tri-du-festival-du-roi-arthur\/\" rel=\"bookmark\">Lire la suite &raquo;<span class=\"screen-reader-text\">[DIY] La table de tri du Festival du Roi Arthur<\/span><\/a><\/p>\n","protected":false},"author":1,"featured_media":0,"comment_status":"open","ping_status":"open","sticky":false,"template":"","format":"standard","meta":{"neve_meta_sidebar":"","neve_meta_container":"","neve_meta_enable_content_width":"","neve_meta_content_width":0,"neve_meta_title_alignment":"","neve_meta_author_avatar":"","neve_post_elements_order":"","neve_meta_disable_header":"","neve_meta_disable_footer":"","neve_meta_disable_title":"","footnotes":""},"categories":[27,281,114],"tags":[55,282,283,108],"class_list":["post-10550","post","type-post","status-publish","format-standard","hentry","category-dechets","category-diy","category-festivals","tag-dechets-2","tag-festival-du-roi-arthur","tag-table-de-tri","tag-tri"],"yoast_head":"<!-- This site is optimized with the Yoast SEO plugin v27.4 - https:\/\/yoast.com\/product\/yoast-seo-wordpress\/ -->\n<title>[DIY] La table de tri du Festival du Roi Arthur &#8226; Le Collectif des festivals<\/title>\n<meta name=\"description\" content=\"Le Collectif des festivals accompagne les organisateurs de festivals de Bretagne dans leurs d\u00e9marches de d\u00e9veloppement durable et solidaire.\" \/>\n<meta name=\"robots\" content=\"index, follow, max-snippet:-1, max-image-preview:large, max-video-preview:-1\" \/>\n<link rel=\"canonical\" href=\"https:\/\/www.lecollectifdesfestivals.org\/collectif\/2018\/11\/diy-la-table-de-tri-du-festival-du-roi-arthur\/\" \/>\n<meta property=\"og:locale\" content=\"fr_FR\" \/>\n<meta property=\"og:type\" content=\"article\" \/>\n<meta property=\"og:title\" content=\"[DIY] La table de tri du Festival du Roi Arthur &#8226; Le Collectif des festivals\" \/>\n<meta property=\"og:description\" content=\"Le Collectif des festivals accompagne les organisateurs de festivals de Bretagne dans leurs d\u00e9marches de d\u00e9veloppement durable et solidaire.\" \/>\n<meta property=\"og:url\" content=\"https:\/\/www.lecollectifdesfestivals.org\/collectif\/2018\/11\/diy-la-table-de-tri-du-festival-du-roi-arthur\/\" \/>\n<meta property=\"og:site_name\" content=\"Le Collectif des festivals\" \/>\n<meta property=\"article:publisher\" content=\"https:\/\/www.facebook.com\/LeCollectifDesFestivals\/\" \/>\n<meta property=\"article:published_time\" content=\"2018-11-19T12:27:29+00:00\" \/>\n<meta property=\"article:modified_time\" content=\"2023-06-27T14:15:29+00:00\" \/>\n<meta property=\"og:image\" content=\"http:\/\/www.lecollectifdesfestivals.org\/collectif\/wp-content\/uploads\/2018\/11\/Table-de-tri.jpg\" \/>\n<meta name=\"author\" content=\"Le Collectif\" \/>\n<meta name=\"twitter:card\" content=\"summary_large_image\" \/>\n<meta name=\"twitter:creator\" content=\"@CollFestivals\" \/>\n<meta name=\"twitter:site\" content=\"@CollFestivals\" \/>\n<meta name=\"twitter:label1\" content=\"\u00c9crit par\" \/>\n\t<meta name=\"twitter:data1\" content=\"Le Collectif\" \/>\n\t<meta name=\"twitter:label2\" content=\"Dur\u00e9e de lecture estim\u00e9e\" \/>\n\t<meta name=\"twitter:data2\" content=\"1 minute\" \/>\n<script type=\"application\/ld+json\" class=\"yoast-schema-graph\">{\"@context\":\"https:\\\/\\\/schema.org\",\"@graph\":[{\"@type\":\"Article\",\"@id\":\"https:\\\/\\\/www.lecollectifdesfestivals.org\\\/collectif\\\/2018\\\/11\\\/diy-la-table-de-tri-du-festival-du-roi-arthur\\\/#article\",\"isPartOf\":{\"@id\":\"https:\\\/\\\/www.lecollectifdesfestivals.org\\\/collectif\\\/2018\\\/11\\\/diy-la-table-de-tri-du-festival-du-roi-arthur\\\/\"},\"author\":{\"name\":\"Le Collectif\",\"@id\":\"https:\\\/\\\/www.lecollectifdesfestivals.org\\\/collectif\\\/#\\\/schema\\\/person\\\/86601dd4ec4be86cc3e9fc0f7a6de31c\"},\"headline\":\"[DIY] La table de tri du Festival du Roi Arthur\",\"datePublished\":\"2018-11-19T12:27:29+00:00\",\"dateModified\":\"2023-06-27T14:15:29+00:00\",\"mainEntityOfPage\":{\"@id\":\"https:\\\/\\\/www.lecollectifdesfestivals.org\\\/collectif\\\/2018\\\/11\\\/diy-la-table-de-tri-du-festival-du-roi-arthur\\\/\"},\"wordCount\":90,\"commentCount\":0,\"image\":{\"@id\":\"https:\\\/\\\/www.lecollectifdesfestivals.org\\\/collectif\\\/2018\\\/11\\\/diy-la-table-de-tri-du-festival-du-roi-arthur\\\/#primaryimage\"},\"thumbnailUrl\":\"http:\\\/\\\/www.lecollectifdesfestivals.org\\\/collectif\\\/wp-content\\\/uploads\\\/2018\\\/11\\\/Table-de-tri.jpg\",\"keywords\":[\"d\u00e9chets\",\"festival du roi Arthur\",\"table de tri\",\"tri\"],\"articleSection\":[\"D\u00e9chets \\\/ \u00c9conomie circulaire\",\"Do it yourself\",\"Festivals\"],\"inLanguage\":\"fr-FR\",\"potentialAction\":[{\"@type\":\"CommentAction\",\"name\":\"Comment\",\"target\":[\"https:\\\/\\\/www.lecollectifdesfestivals.org\\\/collectif\\\/2018\\\/11\\\/diy-la-table-de-tri-du-festival-du-roi-arthur\\\/#respond\"]}]},{\"@type\":\"WebPage\",\"@id\":\"https:\\\/\\\/www.lecollectifdesfestivals.org\\\/collectif\\\/2018\\\/11\\\/diy-la-table-de-tri-du-festival-du-roi-arthur\\\/\",\"url\":\"https:\\\/\\\/www.lecollectifdesfestivals.org\\\/collectif\\\/2018\\\/11\\\/diy-la-table-de-tri-du-festival-du-roi-arthur\\\/\",\"name\":\"[DIY] La table de tri du Festival du Roi Arthur &#8226; Le Collectif des festivals\",\"isPartOf\":{\"@id\":\"https:\\\/\\\/www.lecollectifdesfestivals.org\\\/collectif\\\/#website\"},\"primaryImageOfPage\":{\"@id\":\"https:\\\/\\\/www.lecollectifdesfestivals.org\\\/collectif\\\/2018\\\/11\\\/diy-la-table-de-tri-du-festival-du-roi-arthur\\\/#primaryimage\"},\"image\":{\"@id\":\"https:\\\/\\\/www.lecollectifdesfestivals.org\\\/collectif\\\/2018\\\/11\\\/diy-la-table-de-tri-du-festival-du-roi-arthur\\\/#primaryimage\"},\"thumbnailUrl\":\"http:\\\/\\\/www.lecollectifdesfestivals.org\\\/collectif\\\/wp-content\\\/uploads\\\/2018\\\/11\\\/Table-de-tri.jpg\",\"datePublished\":\"2018-11-19T12:27:29+00:00\",\"dateModified\":\"2023-06-27T14:15:29+00:00\",\"author\":{\"@id\":\"https:\\\/\\\/www.lecollectifdesfestivals.org\\\/collectif\\\/#\\\/schema\\\/person\\\/86601dd4ec4be86cc3e9fc0f7a6de31c\"},\"description\":\"Le Collectif des festivals accompagne les organisateurs de festivals de Bretagne dans leurs d\u00e9marches de d\u00e9veloppement durable et solidaire.\",\"breadcrumb\":{\"@id\":\"https:\\\/\\\/www.lecollectifdesfestivals.org\\\/collectif\\\/2018\\\/11\\\/diy-la-table-de-tri-du-festival-du-roi-arthur\\\/#breadcrumb\"},\"inLanguage\":\"fr-FR\",\"potentialAction\":[{\"@type\":\"ReadAction\",\"target\":[\"https:\\\/\\\/www.lecollectifdesfestivals.org\\\/collectif\\\/2018\\\/11\\\/diy-la-table-de-tri-du-festival-du-roi-arthur\\\/\"]}]},{\"@type\":\"ImageObject\",\"inLanguage\":\"fr-FR\",\"@id\":\"https:\\\/\\\/www.lecollectifdesfestivals.org\\\/collectif\\\/2018\\\/11\\\/diy-la-table-de-tri-du-festival-du-roi-arthur\\\/#primaryimage\",\"url\":\"https:\\\/\\\/www.lecollectifdesfestivals.org\\\/collectif\\\/wp-content\\\/uploads\\\/2018\\\/11\\\/Table-de-tri.jpg\",\"contentUrl\":\"https:\\\/\\\/www.lecollectifdesfestivals.org\\\/collectif\\\/wp-content\\\/uploads\\\/2018\\\/11\\\/Table-de-tri.jpg\",\"width\":1024,\"height\":579,\"caption\":\"Table de tri\"},{\"@type\":\"BreadcrumbList\",\"@id\":\"https:\\\/\\\/www.lecollectifdesfestivals.org\\\/collectif\\\/2018\\\/11\\\/diy-la-table-de-tri-du-festival-du-roi-arthur\\\/#breadcrumb\",\"itemListElement\":[{\"@type\":\"ListItem\",\"position\":1,\"name\":\"Accueil\",\"item\":\"https:\\\/\\\/www.lecollectifdesfestivals.org\\\/collectif\\\/\"},{\"@type\":\"ListItem\",\"position\":2,\"name\":\"[DIY] La table de tri du Festival du Roi Arthur\"}]},{\"@type\":\"WebSite\",\"@id\":\"https:\\\/\\\/www.lecollectifdesfestivals.org\\\/collectif\\\/#website\",\"url\":\"https:\\\/\\\/www.lecollectifdesfestivals.org\\\/collectif\\\/\",\"name\":\"Le Collectif des festivals\",\"description\":\"Depuis 2005, le Collectif des festivals accompagne les acteurices culturel\u00b7les dans leurs d\u00e9marches de d\u00e9veloppement durable.\",\"potentialAction\":[{\"@type\":\"SearchAction\",\"target\":{\"@type\":\"EntryPoint\",\"urlTemplate\":\"https:\\\/\\\/www.lecollectifdesfestivals.org\\\/collectif\\\/?s={search_term_string}\"},\"query-input\":{\"@type\":\"PropertyValueSpecification\",\"valueRequired\":true,\"valueName\":\"search_term_string\"}}],\"inLanguage\":\"fr-FR\"},{\"@type\":\"Person\",\"@id\":\"https:\\\/\\\/www.lecollectifdesfestivals.org\\\/collectif\\\/#\\\/schema\\\/person\\\/86601dd4ec4be86cc3e9fc0f7a6de31c\",\"name\":\"Le Collectif\",\"image\":{\"@type\":\"ImageObject\",\"inLanguage\":\"fr-FR\",\"@id\":\"https:\\\/\\\/secure.gravatar.com\\\/avatar\\\/89073059d9fc0729af171a2cef817d198574cc88ac24fc455b289cc6ea1e6caa?s=96&d=mm&r=g\",\"url\":\"https:\\\/\\\/secure.gravatar.com\\\/avatar\\\/89073059d9fc0729af171a2cef817d198574cc88ac24fc455b289cc6ea1e6caa?s=96&d=mm&r=g\",\"contentUrl\":\"https:\\\/\\\/secure.gravatar.com\\\/avatar\\\/89073059d9fc0729af171a2cef817d198574cc88ac24fc455b289cc6ea1e6caa?s=96&d=mm&r=g\",\"caption\":\"Le Collectif\"}}]}<\/script>\n<!-- \/ Yoast SEO plugin. -->","yoast_head_json":{"title":"[DIY] La table de tri du Festival du Roi Arthur &#8226; Le Collectif des festivals","description":"Le Collectif des festivals accompagne les organisateurs de festivals de Bretagne dans leurs d\u00e9marches de d\u00e9veloppement durable et solidaire.","robots":{"index":"index","follow":"follow","max-snippet":"max-snippet:-1","max-image-preview":"max-image-preview:large","max-video-preview":"max-video-preview:-1"},"canonical":"https:\/\/www.lecollectifdesfestivals.org\/collectif\/2018\/11\/diy-la-table-de-tri-du-festival-du-roi-arthur\/","og_locale":"fr_FR","og_type":"article","og_title":"[DIY] La table de tri du Festival du Roi Arthur &#8226; Le Collectif des festivals","og_description":"Le Collectif des festivals accompagne les organisateurs de festivals de Bretagne dans leurs d\u00e9marches de d\u00e9veloppement durable et solidaire.","og_url":"https:\/\/www.lecollectifdesfestivals.org\/collectif\/2018\/11\/diy-la-table-de-tri-du-festival-du-roi-arthur\/","og_site_name":"Le Collectif des festivals","article_publisher":"https:\/\/www.facebook.com\/LeCollectifDesFestivals\/","article_published_time":"2018-11-19T12:27:29+00:00","article_modified_time":"2023-06-27T14:15:29+00:00","og_image":[{"url":"http:\/\/www.lecollectifdesfestivals.org\/collectif\/wp-content\/uploads\/2018\/11\/Table-de-tri.jpg","type":"","width":"","height":""}],"author":"Le Collectif","twitter_card":"summary_large_image","twitter_creator":"@CollFestivals","twitter_site":"@CollFestivals","twitter_misc":{"\u00c9crit par":"Le Collectif","Dur\u00e9e de lecture estim\u00e9e":"1 minute"},"schema":{"@context":"https:\/\/schema.org","@graph":[{"@type":"Article","@id":"https:\/\/www.lecollectifdesfestivals.org\/collectif\/2018\/11\/diy-la-table-de-tri-du-festival-du-roi-arthur\/#article","isPartOf":{"@id":"https:\/\/www.lecollectifdesfestivals.org\/collectif\/2018\/11\/diy-la-table-de-tri-du-festival-du-roi-arthur\/"},"author":{"name":"Le Collectif","@id":"https:\/\/www.lecollectifdesfestivals.org\/collectif\/#\/schema\/person\/86601dd4ec4be86cc3e9fc0f7a6de31c"},"headline":"[DIY] La table de tri du Festival du Roi Arthur","datePublished":"2018-11-19T12:27:29+00:00","dateModified":"2023-06-27T14:15:29+00:00","mainEntityOfPage":{"@id":"https:\/\/www.lecollectifdesfestivals.org\/collectif\/2018\/11\/diy-la-table-de-tri-du-festival-du-roi-arthur\/"},"wordCount":90,"commentCount":0,"image":{"@id":"https:\/\/www.lecollectifdesfestivals.org\/collectif\/2018\/11\/diy-la-table-de-tri-du-festival-du-roi-arthur\/#primaryimage"},"thumbnailUrl":"http:\/\/www.lecollectifdesfestivals.org\/collectif\/wp-content\/uploads\/2018\/11\/Table-de-tri.jpg","keywords":["d\u00e9chets","festival du roi Arthur","table de tri","tri"],"articleSection":["D\u00e9chets \/ \u00c9conomie circulaire","Do it yourself","Festivals"],"inLanguage":"fr-FR","potentialAction":[{"@type":"CommentAction","name":"Comment","target":["https:\/\/www.lecollectifdesfestivals.org\/collectif\/2018\/11\/diy-la-table-de-tri-du-festival-du-roi-arthur\/#respond"]}]},{"@type":"WebPage","@id":"https:\/\/www.lecollectifdesfestivals.org\/collectif\/2018\/11\/diy-la-table-de-tri-du-festival-du-roi-arthur\/","url":"https:\/\/www.lecollectifdesfestivals.org\/collectif\/2018\/11\/diy-la-table-de-tri-du-festival-du-roi-arthur\/","name":"[DIY] La table de tri du Festival du Roi Arthur &#8226; Le Collectif des festivals","isPartOf":{"@id":"https:\/\/www.lecollectifdesfestivals.org\/collectif\/#website"},"primaryImageOfPage":{"@id":"https:\/\/www.lecollectifdesfestivals.org\/collectif\/2018\/11\/diy-la-table-de-tri-du-festival-du-roi-arthur\/#primaryimage"},"image":{"@id":"https:\/\/www.lecollectifdesfestivals.org\/collectif\/2018\/11\/diy-la-table-de-tri-du-festival-du-roi-arthur\/#primaryimage"},"thumbnailUrl":"http:\/\/www.lecollectifdesfestivals.org\/collectif\/wp-content\/uploads\/2018\/11\/Table-de-tri.jpg","datePublished":"2018-11-19T12:27:29+00:00","dateModified":"2023-06-27T14:15:29+00:00","author":{"@id":"https:\/\/www.lecollectifdesfestivals.org\/collectif\/#\/schema\/person\/86601dd4ec4be86cc3e9fc0f7a6de31c"},"description":"Le Collectif des festivals accompagne les organisateurs de festivals de Bretagne dans leurs d\u00e9marches de d\u00e9veloppement durable et solidaire.","breadcrumb":{"@id":"https:\/\/www.lecollectifdesfestivals.org\/collectif\/2018\/11\/diy-la-table-de-tri-du-festival-du-roi-arthur\/#breadcrumb"},"inLanguage":"fr-FR","potentialAction":[{"@type":"ReadAction","target":["https:\/\/www.lecollectifdesfestivals.org\/collectif\/2018\/11\/diy-la-table-de-tri-du-festival-du-roi-arthur\/"]}]},{"@type":"ImageObject","inLanguage":"fr-FR","@id":"https:\/\/www.lecollectifdesfestivals.org\/collectif\/2018\/11\/diy-la-table-de-tri-du-festival-du-roi-arthur\/#primaryimage","url":"https:\/\/www.lecollectifdesfestivals.org\/collectif\/wp-content\/uploads\/2018\/11\/Table-de-tri.jpg","contentUrl":"https:\/\/www.lecollectifdesfestivals.org\/collectif\/wp-content\/uploads\/2018\/11\/Table-de-tri.jpg","width":1024,"height":579,"caption":"Table de tri"},{"@type":"BreadcrumbList","@id":"https:\/\/www.lecollectifdesfestivals.org\/collectif\/2018\/11\/diy-la-table-de-tri-du-festival-du-roi-arthur\/#breadcrumb","itemListElement":[{"@type":"ListItem","position":1,"name":"Accueil","item":"https:\/\/www.lecollectifdesfestivals.org\/collectif\/"},{"@type":"ListItem","position":2,"name":"[DIY] La table de tri du Festival du Roi Arthur"}]},{"@type":"WebSite","@id":"https:\/\/www.lecollectifdesfestivals.org\/collectif\/#website","url":"https:\/\/www.lecollectifdesfestivals.org\/collectif\/","name":"Le Collectif des festivals","description":"Depuis 2005, le Collectif des festivals accompagne les acteurices culturel\u00b7les dans leurs d\u00e9marches de d\u00e9veloppement durable.","potentialAction":[{"@type":"SearchAction","target":{"@type":"EntryPoint","urlTemplate":"https:\/\/www.lecollectifdesfestivals.org\/collectif\/?s={search_term_string}"},"query-input":{"@type":"PropertyValueSpecification","valueRequired":true,"valueName":"search_term_string"}}],"inLanguage":"fr-FR"},{"@type":"Person","@id":"https:\/\/www.lecollectifdesfestivals.org\/collectif\/#\/schema\/person\/86601dd4ec4be86cc3e9fc0f7a6de31c","name":"Le Collectif","image":{"@type":"ImageObject","inLanguage":"fr-FR","@id":"https:\/\/secure.gravatar.com\/avatar\/89073059d9fc0729af171a2cef817d198574cc88ac24fc455b289cc6ea1e6caa?s=96&d=mm&r=g","url":"https:\/\/secure.gravatar.com\/avatar\/89073059d9fc0729af171a2cef817d198574cc88ac24fc455b289cc6ea1e6caa?s=96&d=mm&r=g","contentUrl":"https:\/\/secure.gravatar.com\/avatar\/89073059d9fc0729af171a2cef817d198574cc88ac24fc455b289cc6ea1e6caa?s=96&d=mm&r=g","caption":"Le Collectif"}}]}},"_links":{"self":[{"href":"https:\/\/www.lecollectifdesfestivals.org\/collectif\/wp-json\/wp\/v2\/posts\/10550","targetHints":{"allow":["GET"]}}],"collection":[{"href":"https:\/\/www.lecollectifdesfestivals.org\/collectif\/wp-json\/wp\/v2\/posts"}],"about":[{"href":"https:\/\/www.lecollectifdesfestivals.org\/collectif\/wp-json\/wp\/v2\/types\/post"}],"author":[{"embeddable":true,"href":"https:\/\/www.lecollectifdesfestivals.org\/collectif\/wp-json\/wp\/v2\/users\/1"}],"replies":[{"embeddable":true,"href":"https:\/\/www.lecollectifdesfestivals.org\/collectif\/wp-json\/wp\/v2\/comments?post=10550"}],"version-history":[{"count":3,"href":"https:\/\/www.lecollectifdesfestivals.org\/collectif\/wp-json\/wp\/v2\/posts\/10550\/revisions"}],"predecessor-version":[{"id":22749,"href":"https:\/\/www.lecollectifdesfestivals.org\/collectif\/wp-json\/wp\/v2\/posts\/10550\/revisions\/22749"}],"wp:attachment":[{"href":"https:\/\/www.lecollectifdesfestivals.org\/collectif\/wp-json\/wp\/v2\/media?parent=10550"}],"wp:term":[{"taxonomy":"category","embeddable":true,"href":"https:\/\/www.lecollectifdesfestivals.org\/collectif\/wp-json\/wp\/v2\/categories?post=10550"},{"taxonomy":"post_tag","embeddable":true,"href":"https:\/\/www.lecollectifdesfestivals.org\/collectif\/wp-json\/wp\/v2\/tags?post=10550"}],"curies":[{"name":"wp","href":"https:\/\/api.w.org\/{rel}","templated":true}]}}