{"id":10914,"date":"2019-11-21T10:14:35","date_gmt":"2019-11-21T09:14:35","guid":{"rendered":"https:\/\/www.lecollectifdesfestivals.org\/collectif\/?p=10914"},"modified":"2023-06-28T08:56:56","modified_gmt":"2023-06-28T06:56:56","slug":"signaletique-pour-le-tri-des-dechets-un-kit-daffiches","status":"publish","type":"post","link":"https:\/\/www.lecollectifdesfestivals.org\/collectif\/2019\/11\/signaletique-pour-le-tri-des-dechets-un-kit-daffiches\/","title":{"rendered":"Signal\u00e9tique pour le tri des d\u00e9chets : un kit d\u2019affiches"},"content":{"rendered":"\n<p>Pour faciliter la mise en place du tri sur les \u00e9v\u00e9nements, le Collectif des festivals met \u00e0 disposition un kit d\u2019affiches signal\u00e9tiques.<\/p>\n\n\n\n<p>A vous de choisir les plus adapt\u00e9es selon les fili\u00e8res de\nvalorisation existantes sur votre territoire et selon la configuration des\npoints de tri sur votre \u00e9v\u00e8nement. <\/p>\n\n\n\n<p>Si besoin le Collectif loue des supports sacs poubelles bi-flux jaunes et noirs, stock\u00e9s \u00e0 Rennes et \u00e0 Quimper&nbsp;: voir <a href=\"https:\/\/www.lecollectifdesfestivals.org\/collectif\/wp-content\/files\/Presentation_Poubelles_de_tri_du_Collectif.pdf\">modalit\u00e9s de location. <\/a><\/p>\n\n\n\n<p>Format d\u2019impression conseill\u00e9 pour les affiches&nbsp;: A3\npaysage couleur. <\/p>\n\n\n\n<p><strong>Attention&nbsp;: il est important de bien v\u00e9rifier les\nconsignes de tri locales avant d\u2019imprimer les affiches&nbsp;!!! <\/strong><\/p>\n\n\n\n<p>Contacter votre service en charge des d\u00e9chets ou consulter\nle site <a href=\"https:\/\/www.consignesdetri.fr\/\">https:\/\/www.consignesdetri.fr\/<\/a>\n<\/p>\n\n\n\n<p><strong>Rappels des consignes pour la poubelle jaune<\/strong>&nbsp;:\nles papiers et cartonnettes (sauf si tr\u00e8s souill\u00e9s), les emballages\nm\u00e9talliques, les briques alimentaires, et pour les emballages plastiques 2 cas\nde figures&nbsp;: <\/p>\n\n\n\n<p>\u2022 S\u2019il y a l\u2019extension des consignes de tri du plastique&nbsp;sur votre territoire : les affiches de tri doivent inclure tous les emballages plastiques (barquettes, gobelets, sacs,sachets, pots de yaourt, \u2026)<br>\u2022 S\u2019il n\u2019y a pas l\u2019extension des consignes de tri sur votre territoire : en ce qui concerne les plastiques, seuls les bouteilles et les flacons sont \u00e0 mettre dans la poubelle jaune<br><\/p>\n\n\n\n<p><strong>Pour les biod\u00e9chets<\/strong>, en fonction de la fili\u00e8re dont\nvous disposez (compostage domestique, collecte en porte-\u00e0-porte,\nm\u00e9thanisation\u2026), v\u00e9rifier en amont&nbsp;: <\/p>\n\n\n\n<p>\u2022 si la vaisselle dite compostable ou biod\u00e9gradable (en bagasse, bambou, carton, bois\u2026) est accept\u00e9e ou non<br>\u2022 si les d\u00e9chets de viande et poisson sont accept\u00e9s ou non<\/p>\n\n\n\n<p>Le verre, les grands cartons, les piles, les d\u00e9chets\ndangereux sont \u00e0 collecter s\u00e9par\u00e9ment. <\/p>\n\n\n\n<p><strong><a href=\"https:\/\/www.lecollectifdesfestivals.org\/collectif\/wp-content\/files\/Affiches_tri_dechets.pdf\">\u25ba T\u00e9l\u00e9charger les affiches<\/a><\/strong><\/p>\n\n\n\n<div style=\"height:64px\" aria-hidden=\"true\" class=\"wp-block-spacer\"><\/div>\n","protected":false},"excerpt":{"rendered":"<p>Pour faciliter la mise en place du tri sur les \u00e9v\u00e9nements, le Collectif des festivals met \u00e0 disposition un kit d\u2019affiches signal\u00e9tiques. A vous de choisir les plus adapt\u00e9es selon les fili\u00e8res de valorisation existantes sur votre territoire et selon la configuration des points de tri sur votre \u00e9v\u00e8nement. Si besoin le Collectif loue des&hellip;&nbsp;<a href=\"https:\/\/www.lecollectifdesfestivals.org\/collectif\/2019\/11\/signaletique-pour-le-tri-des-dechets-un-kit-daffiches\/\" rel=\"bookmark\">Lire la suite &raquo;<span class=\"screen-reader-text\">Signal\u00e9tique pour le tri des d\u00e9chets : un kit d\u2019affiches<\/span><\/a><\/p>\n","protected":false},"author":1,"featured_media":0,"comment_status":"open","ping_status":"open","sticky":false,"template":"","format":"standard","meta":{"neve_meta_sidebar":"","neve_meta_container":"","neve_meta_enable_content_width":"","neve_meta_content_width":0,"neve_meta_title_alignment":"","neve_meta_author_avatar":"","neve_post_elements_order":"","neve_meta_disable_header":"","neve_meta_disable_footer":"","neve_meta_disable_title":"","footnotes":""},"categories":[27,281],"tags":[],"class_list":["post-10914","post","type-post","status-publish","format-standard","hentry","category-dechets","category-diy"],"yoast_head":"<!-- This site is optimized with the Yoast SEO plugin v27.4 - https:\/\/yoast.com\/product\/yoast-seo-wordpress\/ -->\n<title>Signal\u00e9tique pour le tri des d\u00e9chets : un kit d\u2019affiches &#8226; Le Collectif des festivals<\/title>\n<meta name=\"description\" content=\"Le Collectif des festivals accompagne les organisateurs de festivals de Bretagne dans leurs d\u00e9marches de d\u00e9veloppement durable et solidaire.\" \/>\n<meta name=\"robots\" content=\"index, follow, max-snippet:-1, max-image-preview:large, max-video-preview:-1\" \/>\n<link rel=\"canonical\" href=\"https:\/\/www.lecollectifdesfestivals.org\/collectif\/2019\/11\/signaletique-pour-le-tri-des-dechets-un-kit-daffiches\/\" \/>\n<meta property=\"og:locale\" content=\"fr_FR\" \/>\n<meta property=\"og:type\" content=\"article\" \/>\n<meta property=\"og:title\" content=\"Signal\u00e9tique pour le tri des d\u00e9chets : un kit d\u2019affiches &#8226; Le Collectif des festivals\" \/>\n<meta property=\"og:description\" content=\"Le Collectif des festivals accompagne les organisateurs de festivals de Bretagne dans leurs d\u00e9marches de d\u00e9veloppement durable et solidaire.\" \/>\n<meta property=\"og:url\" content=\"https:\/\/www.lecollectifdesfestivals.org\/collectif\/2019\/11\/signaletique-pour-le-tri-des-dechets-un-kit-daffiches\/\" \/>\n<meta property=\"og:site_name\" content=\"Le Collectif des festivals\" \/>\n<meta property=\"article:publisher\" content=\"https:\/\/www.facebook.com\/LeCollectifDesFestivals\/\" \/>\n<meta property=\"article:published_time\" content=\"2019-11-21T09:14:35+00:00\" \/>\n<meta property=\"article:modified_time\" content=\"2023-06-28T06:56:56+00:00\" \/>\n<meta name=\"author\" content=\"Le Collectif\" \/>\n<meta name=\"twitter:card\" content=\"summary_large_image\" \/>\n<meta name=\"twitter:creator\" content=\"@CollFestivals\" \/>\n<meta name=\"twitter:site\" content=\"@CollFestivals\" \/>\n<meta name=\"twitter:label1\" content=\"\u00c9crit par\" \/>\n\t<meta name=\"twitter:data1\" content=\"Le Collectif\" \/>\n\t<meta name=\"twitter:label2\" content=\"Dur\u00e9e de lecture estim\u00e9e\" \/>\n\t<meta name=\"twitter:data2\" content=\"2 minutes\" \/>\n<script type=\"application\/ld+json\" class=\"yoast-schema-graph\">{\"@context\":\"https:\\\/\\\/schema.org\",\"@graph\":[{\"@type\":\"Article\",\"@id\":\"https:\\\/\\\/www.lecollectifdesfestivals.org\\\/collectif\\\/2019\\\/11\\\/signaletique-pour-le-tri-des-dechets-un-kit-daffiches\\\/#article\",\"isPartOf\":{\"@id\":\"https:\\\/\\\/www.lecollectifdesfestivals.org\\\/collectif\\\/2019\\\/11\\\/signaletique-pour-le-tri-des-dechets-un-kit-daffiches\\\/\"},\"author\":{\"name\":\"Le Collectif\",\"@id\":\"https:\\\/\\\/www.lecollectifdesfestivals.org\\\/collectif\\\/#\\\/schema\\\/person\\\/86601dd4ec4be86cc3e9fc0f7a6de31c\"},\"headline\":\"Signal\u00e9tique pour le tri des d\u00e9chets : un kit d\u2019affiches\",\"datePublished\":\"2019-11-21T09:14:35+00:00\",\"dateModified\":\"2023-06-28T06:56:56+00:00\",\"mainEntityOfPage\":{\"@id\":\"https:\\\/\\\/www.lecollectifdesfestivals.org\\\/collectif\\\/2019\\\/11\\\/signaletique-pour-le-tri-des-dechets-un-kit-daffiches\\\/\"},\"wordCount\":315,\"commentCount\":0,\"articleSection\":[\"D\u00e9chets \\\/ \u00c9conomie circulaire\",\"Do it yourself\"],\"inLanguage\":\"fr-FR\",\"potentialAction\":[{\"@type\":\"CommentAction\",\"name\":\"Comment\",\"target\":[\"https:\\\/\\\/www.lecollectifdesfestivals.org\\\/collectif\\\/2019\\\/11\\\/signaletique-pour-le-tri-des-dechets-un-kit-daffiches\\\/#respond\"]}]},{\"@type\":\"WebPage\",\"@id\":\"https:\\\/\\\/www.lecollectifdesfestivals.org\\\/collectif\\\/2019\\\/11\\\/signaletique-pour-le-tri-des-dechets-un-kit-daffiches\\\/\",\"url\":\"https:\\\/\\\/www.lecollectifdesfestivals.org\\\/collectif\\\/2019\\\/11\\\/signaletique-pour-le-tri-des-dechets-un-kit-daffiches\\\/\",\"name\":\"Signal\u00e9tique pour le tri des d\u00e9chets : un kit d\u2019affiches &#8226; Le Collectif des festivals\",\"isPartOf\":{\"@id\":\"https:\\\/\\\/www.lecollectifdesfestivals.org\\\/collectif\\\/#website\"},\"datePublished\":\"2019-11-21T09:14:35+00:00\",\"dateModified\":\"2023-06-28T06:56:56+00:00\",\"author\":{\"@id\":\"https:\\\/\\\/www.lecollectifdesfestivals.org\\\/collectif\\\/#\\\/schema\\\/person\\\/86601dd4ec4be86cc3e9fc0f7a6de31c\"},\"description\":\"Le Collectif des festivals accompagne les organisateurs de festivals de Bretagne dans leurs d\u00e9marches de d\u00e9veloppement durable et solidaire.\",\"breadcrumb\":{\"@id\":\"https:\\\/\\\/www.lecollectifdesfestivals.org\\\/collectif\\\/2019\\\/11\\\/signaletique-pour-le-tri-des-dechets-un-kit-daffiches\\\/#breadcrumb\"},\"inLanguage\":\"fr-FR\",\"potentialAction\":[{\"@type\":\"ReadAction\",\"target\":[\"https:\\\/\\\/www.lecollectifdesfestivals.org\\\/collectif\\\/2019\\\/11\\\/signaletique-pour-le-tri-des-dechets-un-kit-daffiches\\\/\"]}]},{\"@type\":\"BreadcrumbList\",\"@id\":\"https:\\\/\\\/www.lecollectifdesfestivals.org\\\/collectif\\\/2019\\\/11\\\/signaletique-pour-le-tri-des-dechets-un-kit-daffiches\\\/#breadcrumb\",\"itemListElement\":[{\"@type\":\"ListItem\",\"position\":1,\"name\":\"Accueil\",\"item\":\"https:\\\/\\\/www.lecollectifdesfestivals.org\\\/collectif\\\/\"},{\"@type\":\"ListItem\",\"position\":2,\"name\":\"Signal\u00e9tique pour le tri des d\u00e9chets : un kit d\u2019affiches\"}]},{\"@type\":\"WebSite\",\"@id\":\"https:\\\/\\\/www.lecollectifdesfestivals.org\\\/collectif\\\/#website\",\"url\":\"https:\\\/\\\/www.lecollectifdesfestivals.org\\\/collectif\\\/\",\"name\":\"Le Collectif des festivals\",\"description\":\"Depuis 2005, le Collectif des festivals accompagne les acteurices culturel\u00b7les dans leurs d\u00e9marches de d\u00e9veloppement durable.\",\"potentialAction\":[{\"@type\":\"SearchAction\",\"target\":{\"@type\":\"EntryPoint\",\"urlTemplate\":\"https:\\\/\\\/www.lecollectifdesfestivals.org\\\/collectif\\\/?s={search_term_string}\"},\"query-input\":{\"@type\":\"PropertyValueSpecification\",\"valueRequired\":true,\"valueName\":\"search_term_string\"}}],\"inLanguage\":\"fr-FR\"},{\"@type\":\"Person\",\"@id\":\"https:\\\/\\\/www.lecollectifdesfestivals.org\\\/collectif\\\/#\\\/schema\\\/person\\\/86601dd4ec4be86cc3e9fc0f7a6de31c\",\"name\":\"Le Collectif\",\"image\":{\"@type\":\"ImageObject\",\"inLanguage\":\"fr-FR\",\"@id\":\"https:\\\/\\\/secure.gravatar.com\\\/avatar\\\/89073059d9fc0729af171a2cef817d198574cc88ac24fc455b289cc6ea1e6caa?s=96&d=mm&r=g\",\"url\":\"https:\\\/\\\/secure.gravatar.com\\\/avatar\\\/89073059d9fc0729af171a2cef817d198574cc88ac24fc455b289cc6ea1e6caa?s=96&d=mm&r=g\",\"contentUrl\":\"https:\\\/\\\/secure.gravatar.com\\\/avatar\\\/89073059d9fc0729af171a2cef817d198574cc88ac24fc455b289cc6ea1e6caa?s=96&d=mm&r=g\",\"caption\":\"Le Collectif\"}}]}<\/script>\n<!-- \/ Yoast SEO plugin. -->","yoast_head_json":{"title":"Signal\u00e9tique pour le tri des d\u00e9chets : un kit d\u2019affiches &#8226; Le Collectif des festivals","description":"Le Collectif des festivals accompagne les organisateurs de festivals de Bretagne dans leurs d\u00e9marches de d\u00e9veloppement durable et solidaire.","robots":{"index":"index","follow":"follow","max-snippet":"max-snippet:-1","max-image-preview":"max-image-preview:large","max-video-preview":"max-video-preview:-1"},"canonical":"https:\/\/www.lecollectifdesfestivals.org\/collectif\/2019\/11\/signaletique-pour-le-tri-des-dechets-un-kit-daffiches\/","og_locale":"fr_FR","og_type":"article","og_title":"Signal\u00e9tique pour le tri des d\u00e9chets : un kit d\u2019affiches &#8226; Le Collectif des festivals","og_description":"Le Collectif des festivals accompagne les organisateurs de festivals de Bretagne dans leurs d\u00e9marches de d\u00e9veloppement durable et solidaire.","og_url":"https:\/\/www.lecollectifdesfestivals.org\/collectif\/2019\/11\/signaletique-pour-le-tri-des-dechets-un-kit-daffiches\/","og_site_name":"Le Collectif des festivals","article_publisher":"https:\/\/www.facebook.com\/LeCollectifDesFestivals\/","article_published_time":"2019-11-21T09:14:35+00:00","article_modified_time":"2023-06-28T06:56:56+00:00","author":"Le Collectif","twitter_card":"summary_large_image","twitter_creator":"@CollFestivals","twitter_site":"@CollFestivals","twitter_misc":{"\u00c9crit par":"Le Collectif","Dur\u00e9e de lecture estim\u00e9e":"2 minutes"},"schema":{"@context":"https:\/\/schema.org","@graph":[{"@type":"Article","@id":"https:\/\/www.lecollectifdesfestivals.org\/collectif\/2019\/11\/signaletique-pour-le-tri-des-dechets-un-kit-daffiches\/#article","isPartOf":{"@id":"https:\/\/www.lecollectifdesfestivals.org\/collectif\/2019\/11\/signaletique-pour-le-tri-des-dechets-un-kit-daffiches\/"},"author":{"name":"Le Collectif","@id":"https:\/\/www.lecollectifdesfestivals.org\/collectif\/#\/schema\/person\/86601dd4ec4be86cc3e9fc0f7a6de31c"},"headline":"Signal\u00e9tique pour le tri des d\u00e9chets : un kit d\u2019affiches","datePublished":"2019-11-21T09:14:35+00:00","dateModified":"2023-06-28T06:56:56+00:00","mainEntityOfPage":{"@id":"https:\/\/www.lecollectifdesfestivals.org\/collectif\/2019\/11\/signaletique-pour-le-tri-des-dechets-un-kit-daffiches\/"},"wordCount":315,"commentCount":0,"articleSection":["D\u00e9chets \/ \u00c9conomie circulaire","Do it yourself"],"inLanguage":"fr-FR","potentialAction":[{"@type":"CommentAction","name":"Comment","target":["https:\/\/www.lecollectifdesfestivals.org\/collectif\/2019\/11\/signaletique-pour-le-tri-des-dechets-un-kit-daffiches\/#respond"]}]},{"@type":"WebPage","@id":"https:\/\/www.lecollectifdesfestivals.org\/collectif\/2019\/11\/signaletique-pour-le-tri-des-dechets-un-kit-daffiches\/","url":"https:\/\/www.lecollectifdesfestivals.org\/collectif\/2019\/11\/signaletique-pour-le-tri-des-dechets-un-kit-daffiches\/","name":"Signal\u00e9tique pour le tri des d\u00e9chets : un kit d\u2019affiches &#8226; Le Collectif des festivals","isPartOf":{"@id":"https:\/\/www.lecollectifdesfestivals.org\/collectif\/#website"},"datePublished":"2019-11-21T09:14:35+00:00","dateModified":"2023-06-28T06:56:56+00:00","author":{"@id":"https:\/\/www.lecollectifdesfestivals.org\/collectif\/#\/schema\/person\/86601dd4ec4be86cc3e9fc0f7a6de31c"},"description":"Le Collectif des festivals accompagne les organisateurs de festivals de Bretagne dans leurs d\u00e9marches de d\u00e9veloppement durable et solidaire.","breadcrumb":{"@id":"https:\/\/www.lecollectifdesfestivals.org\/collectif\/2019\/11\/signaletique-pour-le-tri-des-dechets-un-kit-daffiches\/#breadcrumb"},"inLanguage":"fr-FR","potentialAction":[{"@type":"ReadAction","target":["https:\/\/www.lecollectifdesfestivals.org\/collectif\/2019\/11\/signaletique-pour-le-tri-des-dechets-un-kit-daffiches\/"]}]},{"@type":"BreadcrumbList","@id":"https:\/\/www.lecollectifdesfestivals.org\/collectif\/2019\/11\/signaletique-pour-le-tri-des-dechets-un-kit-daffiches\/#breadcrumb","itemListElement":[{"@type":"ListItem","position":1,"name":"Accueil","item":"https:\/\/www.lecollectifdesfestivals.org\/collectif\/"},{"@type":"ListItem","position":2,"name":"Signal\u00e9tique pour le tri des d\u00e9chets : un kit d\u2019affiches"}]},{"@type":"WebSite","@id":"https:\/\/www.lecollectifdesfestivals.org\/collectif\/#website","url":"https:\/\/www.lecollectifdesfestivals.org\/collectif\/","name":"Le Collectif des festivals","description":"Depuis 2005, le Collectif des festivals accompagne les acteurices culturel\u00b7les dans leurs d\u00e9marches de d\u00e9veloppement durable.","potentialAction":[{"@type":"SearchAction","target":{"@type":"EntryPoint","urlTemplate":"https:\/\/www.lecollectifdesfestivals.org\/collectif\/?s={search_term_string}"},"query-input":{"@type":"PropertyValueSpecification","valueRequired":true,"valueName":"search_term_string"}}],"inLanguage":"fr-FR"},{"@type":"Person","@id":"https:\/\/www.lecollectifdesfestivals.org\/collectif\/#\/schema\/person\/86601dd4ec4be86cc3e9fc0f7a6de31c","name":"Le Collectif","image":{"@type":"ImageObject","inLanguage":"fr-FR","@id":"https:\/\/secure.gravatar.com\/avatar\/89073059d9fc0729af171a2cef817d198574cc88ac24fc455b289cc6ea1e6caa?s=96&d=mm&r=g","url":"https:\/\/secure.gravatar.com\/avatar\/89073059d9fc0729af171a2cef817d198574cc88ac24fc455b289cc6ea1e6caa?s=96&d=mm&r=g","contentUrl":"https:\/\/secure.gravatar.com\/avatar\/89073059d9fc0729af171a2cef817d198574cc88ac24fc455b289cc6ea1e6caa?s=96&d=mm&r=g","caption":"Le Collectif"}}]}},"_links":{"self":[{"href":"https:\/\/www.lecollectifdesfestivals.org\/collectif\/wp-json\/wp\/v2\/posts\/10914","targetHints":{"allow":["GET"]}}],"collection":[{"href":"https:\/\/www.lecollectifdesfestivals.org\/collectif\/wp-json\/wp\/v2\/posts"}],"about":[{"href":"https:\/\/www.lecollectifdesfestivals.org\/collectif\/wp-json\/wp\/v2\/types\/post"}],"author":[{"embeddable":true,"href":"https:\/\/www.lecollectifdesfestivals.org\/collectif\/wp-json\/wp\/v2\/users\/1"}],"replies":[{"embeddable":true,"href":"https:\/\/www.lecollectifdesfestivals.org\/collectif\/wp-json\/wp\/v2\/comments?post=10914"}],"version-history":[{"count":3,"href":"https:\/\/www.lecollectifdesfestivals.org\/collectif\/wp-json\/wp\/v2\/posts\/10914\/revisions"}],"predecessor-version":[{"id":22758,"href":"https:\/\/www.lecollectifdesfestivals.org\/collectif\/wp-json\/wp\/v2\/posts\/10914\/revisions\/22758"}],"wp:attachment":[{"href":"https:\/\/www.lecollectifdesfestivals.org\/collectif\/wp-json\/wp\/v2\/media?parent=10914"}],"wp:term":[{"taxonomy":"category","embeddable":true,"href":"https:\/\/www.lecollectifdesfestivals.org\/collectif\/wp-json\/wp\/v2\/categories?post=10914"},{"taxonomy":"post_tag","embeddable":true,"href":"https:\/\/www.lecollectifdesfestivals.org\/collectif\/wp-json\/wp\/v2\/tags?post=10914"}],"curies":[{"name":"wp","href":"https:\/\/api.w.org\/{rel}","templated":true}]}}