{"id":12843,"date":"2020-12-04T14:32:53","date_gmt":"2020-12-04T13:32:53","guid":{"rendered":"https:\/\/www.lecollectifdesfestivals.org\/collectif\/?p=12843"},"modified":"2023-06-26T17:43:41","modified_gmt":"2023-06-26T15:43:41","slug":"le-surcyclage-des-baches-au-festival-maintenant","status":"publish","type":"post","link":"https:\/\/www.lecollectifdesfestivals.org\/collectif\/2020\/12\/le-surcyclage-des-baches-au-festival-maintenant\/","title":{"rendered":"Le surcyclage des b\u00e2ches au festival Maintenant"},"content":{"rendered":"\t\t<div data-elementor-type=\"wp-post\" data-elementor-id=\"12843\" class=\"elementor elementor-12843\">\n\t\t\t\t\t\t<div class=\"elementor-inner\">\n\t\t\t\t<div class=\"elementor-section-wrap\">\n\t\t\t\t\t\t\t\t\t<section class=\"elementor-section elementor-top-section elementor-element elementor-element-bd4dbff elementor-section-boxed elementor-section-height-default elementor-section-height-default\" data-id=\"bd4dbff\" data-element_type=\"section\">\n\t\t\t\t\t\t<div class=\"elementor-container elementor-column-gap-default\">\n\t\t\t\t\t\t\t<div class=\"elementor-row\">\n\t\t\t\t\t<div class=\"elementor-column elementor-col-100 elementor-top-column elementor-element elementor-element-265e4db\" data-id=\"265e4db\" data-element_type=\"column\">\n\t\t\t<div class=\"elementor-column-wrap elementor-element-populated\">\n\t\t\t\t\t\t\t<div class=\"elementor-widget-wrap\">\n\t\t\t\t\t\t<div class=\"elementor-element elementor-element-fe4a24c elementor-widget elementor-widget-text-editor\" data-id=\"fe4a24c\" data-element_type=\"widget\" data-widget_type=\"text-editor.default\">\n\t\t\t\t<div class=\"elementor-widget-container\">\n\t\t\t\t\t\t\t\t<div class=\"elementor-text-editor elementor-clearfix\">\n\t\t\t\t<h2><strong>Quesako<\/strong><\/h2><p>Les b\u00e2ches publicitaires sont un outil de communication courants des festivals. En raison des dates indiqu\u00e9es et de l\u2019identit\u00e9 graphique, elles sont souvent \u00e9ph\u00e9m\u00e8res, utilis\u00e9es seulement sur une \u00e9dition. Encombrantes, il faut de la place pour les stocker et celles en plastique PVC \u2013 les plus courantes \u2013 sont difficilement recyclables (elles ne vont pas dans le bac de tri !).<\/p><p>La meilleure alternative serait de s\u2019en passer compl\u00e8tement mais si c\u2019est impossible, il existe heureusement une solution pour ces b\u00e2ches : l\u2019upcycling ou surcyclage qui consiste \u00e0 r\u00e9cup\u00e9rer des mat\u00e9riaux ou objets qu\u2019on n\u2019utilise plus pour les transformer en un produit de qualit\u00e9 ou d\u2019utilit\u00e9 sup\u00e9rieure.<\/p><p>Les b\u00e2ches imprim\u00e9es par les festivals sont solides, imperm\u00e9ables et proposent des visuels int\u00e9ressants, elles sont id\u00e9ales pour fabriquer des objets comme des chiliennes, des sacs, des pochettes, etc.<\/p>\t\t\t\t\t<\/div>\n\t\t\t\t\t\t<\/div>\n\t\t\t\t<\/div>\n\t\t\t\t\t\t<\/div>\n\t\t\t\t\t<\/div>\n\t\t<\/div>\n\t\t\t\t\t\t\t\t<\/div>\n\t\t\t\t\t<\/div>\n\t\t<\/section>\n\t\t\t\t<section class=\"elementor-section elementor-top-section elementor-element elementor-element-5624329 elementor-section-boxed elementor-section-height-default elementor-section-height-default\" data-id=\"5624329\" data-element_type=\"section\">\n\t\t\t\t\t\t<div class=\"elementor-container elementor-column-gap-no\">\n\t\t\t\t\t\t\t<div class=\"elementor-row\">\n\t\t\t\t\t<div class=\"elementor-column elementor-col-33 elementor-top-column elementor-element elementor-element-3bd7f1d\" data-id=\"3bd7f1d\" data-element_type=\"column\">\n\t\t\t<div class=\"elementor-column-wrap elementor-element-populated\">\n\t\t\t\t\t\t\t<div class=\"elementor-widget-wrap\">\n\t\t\t\t\t\t<div class=\"elementor-element elementor-element-83f5013 elementor-widget elementor-widget-image\" data-id=\"83f5013\" data-element_type=\"widget\" data-widget_type=\"image.default\">\n\t\t\t\t<div class=\"elementor-widget-container\">\n\t\t\t\t\t\t\t\t<div class=\"elementor-image\">\n\t\t\t\t\t\t\t\t\t\t\t\t<img loading=\"lazy\" decoding=\"async\" width=\"150\" height=\"150\" src=\"https:\/\/www.lecollectifdesfestivals.org\/collectif\/wp-content\/uploads\/2020\/12\/Image1.jpg\" class=\"attachment-large size-large wp-image-12847\" alt=\"\" srcset=\"https:\/\/www.lecollectifdesfestivals.org\/collectif\/wp-content\/uploads\/2020\/12\/Image1.jpg 150w, https:\/\/www.lecollectifdesfestivals.org\/collectif\/wp-content\/uploads\/2020\/12\/Image1-120x120.jpg 120w\" sizes=\"auto, (max-width: 150px) 100vw, 150px\" \/>\t\t\t\t\t\t\t\t\t\t\t\t\t\t<\/div>\n\t\t\t\t\t\t<\/div>\n\t\t\t\t<\/div>\n\t\t\t\t\t\t<\/div>\n\t\t\t\t\t<\/div>\n\t\t<\/div>\n\t\t\t\t<div class=\"elementor-column elementor-col-33 elementor-top-column elementor-element elementor-element-092ab8c\" data-id=\"092ab8c\" data-element_type=\"column\">\n\t\t\t<div class=\"elementor-column-wrap elementor-element-populated\">\n\t\t\t\t\t\t\t<div class=\"elementor-widget-wrap\">\n\t\t\t\t\t\t<div class=\"elementor-element elementor-element-f15ddc5 elementor-widget elementor-widget-image\" data-id=\"f15ddc5\" data-element_type=\"widget\" data-widget_type=\"image.default\">\n\t\t\t\t<div class=\"elementor-widget-container\">\n\t\t\t\t\t\t\t\t<div class=\"elementor-image\">\n\t\t\t\t\t\t\t\t\t\t\t\t<img loading=\"lazy\" decoding=\"async\" width=\"150\" height=\"150\" src=\"https:\/\/www.lecollectifdesfestivals.org\/collectif\/wp-content\/uploads\/2020\/12\/Image5.jpg\" class=\"attachment-large size-large wp-image-12848\" alt=\"\" srcset=\"https:\/\/www.lecollectifdesfestivals.org\/collectif\/wp-content\/uploads\/2020\/12\/Image5.jpg 150w, https:\/\/www.lecollectifdesfestivals.org\/collectif\/wp-content\/uploads\/2020\/12\/Image5-120x120.jpg 120w\" sizes=\"auto, (max-width: 150px) 100vw, 150px\" \/>\t\t\t\t\t\t\t\t\t\t\t\t\t\t<\/div>\n\t\t\t\t\t\t<\/div>\n\t\t\t\t<\/div>\n\t\t\t\t\t\t<\/div>\n\t\t\t\t\t<\/div>\n\t\t<\/div>\n\t\t\t\t<div class=\"elementor-column elementor-col-33 elementor-top-column elementor-element elementor-element-50a9b27\" data-id=\"50a9b27\" data-element_type=\"column\">\n\t\t\t<div class=\"elementor-column-wrap elementor-element-populated\">\n\t\t\t\t\t\t\t<div class=\"elementor-widget-wrap\">\n\t\t\t\t\t\t<div class=\"elementor-element elementor-element-2de5f80 elementor-widget elementor-widget-image\" data-id=\"2de5f80\" data-element_type=\"widget\" data-widget_type=\"image.default\">\n\t\t\t\t<div class=\"elementor-widget-container\">\n\t\t\t\t\t\t\t\t<div class=\"elementor-image\">\n\t\t\t\t\t\t\t\t\t\t\t\t<img loading=\"lazy\" decoding=\"async\" width=\"150\" height=\"150\" src=\"https:\/\/www.lecollectifdesfestivals.org\/collectif\/wp-content\/uploads\/2020\/12\/Image4.jpg\" class=\"attachment-large size-large wp-image-12849\" alt=\"\" srcset=\"https:\/\/www.lecollectifdesfestivals.org\/collectif\/wp-content\/uploads\/2020\/12\/Image4.jpg 150w, https:\/\/www.lecollectifdesfestivals.org\/collectif\/wp-content\/uploads\/2020\/12\/Image4-120x120.jpg 120w\" sizes=\"auto, (max-width: 150px) 100vw, 150px\" \/>\t\t\t\t\t\t\t\t\t\t\t\t\t\t<\/div>\n\t\t\t\t\t\t<\/div>\n\t\t\t\t<\/div>\n\t\t\t\t\t\t<\/div>\n\t\t\t\t\t<\/div>\n\t\t<\/div>\n\t\t\t\t\t\t\t\t<\/div>\n\t\t\t\t\t<\/div>\n\t\t<\/section>\n\t\t\t\t<section class=\"elementor-section elementor-top-section elementor-element elementor-element-71d4e43d elementor-section-boxed elementor-section-height-default elementor-section-height-default\" data-id=\"71d4e43d\" data-element_type=\"section\">\n\t\t\t\t\t\t<div class=\"elementor-container elementor-column-gap-default\">\n\t\t\t\t\t\t\t<div class=\"elementor-row\">\n\t\t\t\t\t<div class=\"elementor-column elementor-col-100 elementor-top-column elementor-element elementor-element-12255536\" data-id=\"12255536\" data-element_type=\"column\">\n\t\t\t<div class=\"elementor-column-wrap elementor-element-populated\">\n\t\t\t\t\t\t\t<div class=\"elementor-widget-wrap\">\n\t\t\t\t\t\t<div class=\"elementor-element elementor-element-6eed1e3 elementor-widget elementor-widget-text-editor\" data-id=\"6eed1e3\" data-element_type=\"widget\" data-widget_type=\"text-editor.default\">\n\t\t\t\t<div class=\"elementor-widget-container\">\n\t\t\t\t\t\t\t\t<div class=\"elementor-text-editor elementor-clearfix\">\n\t\t\t\t<p><!-- wp:paragraph --><\/p>\n<h2><strong><span style=\"font-size: 20px; letter-spacing: 0px;\">La revalorisation des b\u00e2ches \u00e0 Maintenant<\/span><\/strong><\/h2>\n<p><!-- \/wp:heading --><\/p>\n<p><!-- wp:paragraph --><\/p>\n<p>Pour ne pas jeter ses b\u00e2ches, le festival Maintenant les donne \u00e0 LB Art\u00e9fact (lb-artefact.com), une entreprise briochine cr\u00e9\u00e9e par Lo\u00efc Le B\u00e9guec, un ancien artisan voilier qui imagine et confectionne des pi\u00e8ces uniques (accessoires de bagagerie, si\u00e8ges pliants\u2026) \u00e0 partir de mat\u00e9riaux plastiques.<\/p>\n<p>La solidarit\u00e9 fait \u00e9galement partie int\u00e9grante du projet de\u00a0LB Art\u00e9fact qui collabore avec des structures d\u2019insertion professionnelle des personnes en situation de handicap (les Ateliers du C\u0153ur de St-Brieuc, l\u2019ESAT Belna \u00e0 Pl\u00e9met (22), l\u2019atelier de couture Esatco de Qu\u00e9vert).<\/p>\n<p>D\u00e8s leur conception, Lo\u00efc Le B\u00e9guec pense donc ses sacs et transats pour qu\u2019ils soient r\u00e9alisables par tous.<\/p>\n<p><a href=\"https:\/\/www.electroni-k.org\/\">L\u2019association\u00a0Electroni[k]<\/a>\u00a0donne \u00e9galement ses b\u00e2ches aux deux artisanes du collectif\u00a0<a href=\"https:\/\/www.instagram.com\/c.h.a.r.a.d.e\/\">rennais Charade (facebook.com\/charade.a.quatre.main)\u00a0<\/a>qui les transforme en pochettes et portes-cartes gr\u00e2ce \u00e0 un processus d\u2019impression \u00e0 la cuve.<\/p>\n<p>Electroni[k] a ainsi permis \u00e0 une trentaine de ses b\u00e2ches de conna\u00eetre une seconde vie.<\/p>\n<p><!-- \/wp:paragraph --><\/p>\n<p><!-- wp:heading --><\/p>\n<h2>\u00a0<\/h2>\n<h2><strong>Revaloriser les b\u00e2ches de mon festival<\/strong><\/h2>\n<p><!-- \/wp:heading --><\/p>\n<p><!-- wp:paragraph --><\/p>\n<p>Commencer par faire l\u2019inventaire des b\u00e2ches \u00e0 valoriser\u00a0: nombre, \u00e9tat, format\u2026<\/p>\n<p>Identifier et prendre contact avec un artisan.e ou un.e artiste local qui travaille avec des mat\u00e9riaux de r\u00e9cup\u00e9ration et en particulier avec de mat\u00e9riaux plastiques.<\/p>\n<p>Il est possible \u2013 comme Electroni[k] \u2013 de simplement donner ses b\u00e2ches mais pourquoi pas \u00e9galement de passer commande pour la cr\u00e9ation d\u2019une ligne de produits, en s\u00e9rie limit\u00e9e et \u00e0 l\u2019image du festival qui pourront \u00eatre vendus au merchandising.<\/p>\n<p>On peut \u00e9galement imaginer des objets qui seront utiles sur le festival\u00a0: des tabliers pour les \u00e9quipes de restauration, des tubes de r\u00e9cup\u00e9ration des gobelets\u2026<\/p>\n<p>D\u2019autres solutions existent pour ne pas jeter ses b\u00e2ches publicitaires\u00a0:<\/p>\n<ul>\n<li>Le don \u00e0 des \u00e9coles, en particulier les \u00e9coles d\u2019art<\/li>\n<li>Le r\u00e9emploi sur le festival\u00a0: en brise-vue sur les barri\u00e8res, comme nappes ou plan de travail au bar\u2026<\/li>\n<li>L\u2019organisation d\u2019une expo sur l\u2019histoire du festival.<\/li>\n<\/ul>\n<p><!-- \/wp:paragraph --><\/p>\n<p><!-- wp:heading --><\/p>\n<h2>\u00a0<\/h2>\n<h2><strong>Combien \u00e7a co\u00fbte<\/strong><\/h2>\n<p><!-- \/wp:image --><\/p>\n<p><!-- wp:paragraph --><\/p>\n<p>Donner ses b\u00e2ches ne co\u00fbte rien au festival.<br \/>Le prix de fabrication des produits pour la revente par le festival est \u00e0 n\u00e9gocier avec l\u2019artisan.e.<\/p>\n<p><!-- \/wp:paragraph --><\/p>\n<p><!-- wp:heading --><\/p>\n<h2>\u00a0<\/h2>\n<h2><strong>Points de vigilance\u00a0<\/strong><\/h2>\n<p><!-- \/wp:heading --><\/p>\n<p><!-- wp:paragraph {\"className\":\"justify-text\"} --><\/p>\n<ul>\n<li>Essayer de travailler avec un.e artisan.e ou une structure la plus locale possible. L\u2019action perdrait son int\u00e9r\u00eat \u00e9cologique si les b\u00e2ches devaient parcourir des centaines de kilom\u00e8tres.<\/li>\n<li>Bien discuter avec l\u2019artisan.e pour savoir quel usage sera fait du mat\u00e9riau\u00a0: est-ce que le visuel sera visible sur le produit final (comme c\u2019est le cas pour LB Artefact avec les b\u00e2ches de Maintenant) ou va-t-il.elle utiliser seulement la mati\u00e8re\u00a0(comme Charade) ? \u00c7a permettra ainsi de mieux choisir \u00e0 qui donner tel ou tel mod\u00e8le de b\u00e2che, en fonction du visuel qu\u2019il contient.<\/li>\n<li>Ne pas oublier de relever des indicateurs pour cette action. Par exemple\u00a0: nombre, taille et poids des b\u00e2ches donn\u00e9es, nombre d\u2019objets r\u00e9alis\u00e9s, chiffre d\u2019affaire g\u00e9n\u00e9r\u00e9\u2026 Ils permettront de valoriser l\u2019action\u00a0!<\/li>\n<\/ul>\n<p><!-- \/wp:paragraph --><\/p>\n<p><!-- wp:heading --><\/p>\n<h2>\u00a0<\/h2>\n<h2><strong>Contact<br \/><\/strong><\/h2>\n<p><!-- \/wp:heading --><\/p>\n<p><!-- wp:paragraph --><\/p>\n<p>Florine Rupin, charg\u00e9e de communication au festival Maintenant<br \/>communication@electroni-k.org<\/p>\n<p><!-- \/wp:paragraph --><\/p>\n<p><!-- wp:spacer --><\/p>\n<p><!-- \/wp:spacer --><\/p>\t\t\t\t\t<\/div>\n\t\t\t\t\t\t<\/div>\n\t\t\t\t<\/div>\n\t\t\t\t\t\t<\/div>\n\t\t\t\t\t<\/div>\n\t\t<\/div>\n\t\t\t\t\t\t\t\t<\/div>\n\t\t\t\t\t<\/div>\n\t\t<\/section>\n\t\t\t\t\t\t\t\t\t<\/div>\n\t\t\t<\/div>\n\t\t\t\t\t<\/div>\n\t\t","protected":false},"excerpt":{"rendered":"<p>Quesako Les b\u00e2ches publicitaires sont un outil de communication courants des festivals. En raison des dates indiqu\u00e9es et de l\u2019identit\u00e9 graphique, elles sont souvent \u00e9ph\u00e9m\u00e8res, utilis\u00e9es seulement sur une \u00e9dition. Encombrantes, il faut de la place pour les stocker et celles en plastique PVC \u2013 les plus courantes \u2013 sont difficilement recyclables (elles ne vont&hellip;&nbsp;<a href=\"https:\/\/www.lecollectifdesfestivals.org\/collectif\/2020\/12\/le-surcyclage-des-baches-au-festival-maintenant\/\" rel=\"bookmark\">Lire la suite &raquo;<span class=\"screen-reader-text\">Le surcyclage des b\u00e2ches au festival Maintenant<\/span><\/a><\/p>\n","protected":false},"author":1,"featured_media":0,"comment_status":"open","ping_status":"open","sticky":false,"template":"","format":"standard","meta":{"neve_meta_sidebar":"","neve_meta_container":"","neve_meta_enable_content_width":"","neve_meta_content_width":0,"neve_meta_title_alignment":"","neve_meta_author_avatar":"","neve_post_elements_order":"","neve_meta_disable_header":"","neve_meta_disable_footer":"","neve_meta_disable_title":"","footnotes":""},"categories":[133,174,27,114],"tags":[],"class_list":["post-12843","post","type-post","status-publish","format-standard","hentry","category-action","category-communication-ressources","category-dechets","category-festivals"],"yoast_head":"<!-- This site is optimized with the Yoast SEO plugin v27.4 - https:\/\/yoast.com\/product\/yoast-seo-wordpress\/ -->\n<title>Le surcyclage des b\u00e2ches au festival Maintenant &#8226; Le Collectif des festivals<\/title>\n<meta name=\"description\" content=\"Le Collectif des festivals accompagne les organisateurs de festivals de Bretagne dans leurs d\u00e9marches de d\u00e9veloppement durable et solidaire.\" \/>\n<meta name=\"robots\" content=\"index, follow, max-snippet:-1, max-image-preview:large, max-video-preview:-1\" \/>\n<link rel=\"canonical\" href=\"https:\/\/www.lecollectifdesfestivals.org\/collectif\/2020\/12\/le-surcyclage-des-baches-au-festival-maintenant\/\" \/>\n<meta property=\"og:locale\" content=\"fr_FR\" \/>\n<meta property=\"og:type\" content=\"article\" \/>\n<meta property=\"og:title\" content=\"Le surcyclage des b\u00e2ches au festival Maintenant &#8226; Le Collectif des festivals\" \/>\n<meta property=\"og:description\" content=\"Le Collectif des festivals accompagne les organisateurs de festivals de Bretagne dans leurs d\u00e9marches de d\u00e9veloppement durable et solidaire.\" \/>\n<meta property=\"og:url\" content=\"https:\/\/www.lecollectifdesfestivals.org\/collectif\/2020\/12\/le-surcyclage-des-baches-au-festival-maintenant\/\" \/>\n<meta property=\"og:site_name\" content=\"Le Collectif des festivals\" \/>\n<meta property=\"article:publisher\" content=\"https:\/\/www.facebook.com\/LeCollectifDesFestivals\/\" \/>\n<meta property=\"article:published_time\" content=\"2020-12-04T13:32:53+00:00\" \/>\n<meta property=\"article:modified_time\" content=\"2023-06-26T15:43:41+00:00\" \/>\n<meta property=\"og:image\" content=\"https:\/\/www.lecollectifdesfestivals.org\/collectif\/wp-content\/uploads\/2020\/12\/Image1.jpg\" \/>\n<meta name=\"author\" content=\"Le Collectif\" \/>\n<meta name=\"twitter:card\" content=\"summary_large_image\" \/>\n<meta name=\"twitter:creator\" content=\"@CollFestivals\" \/>\n<meta name=\"twitter:site\" content=\"@CollFestivals\" \/>\n<meta name=\"twitter:label1\" content=\"\u00c9crit par\" \/>\n\t<meta name=\"twitter:data1\" content=\"Le Collectif\" \/>\n\t<meta name=\"twitter:label2\" content=\"Dur\u00e9e de lecture estim\u00e9e\" \/>\n\t<meta name=\"twitter:data2\" content=\"4 minutes\" \/>\n<script type=\"application\/ld+json\" class=\"yoast-schema-graph\">{\"@context\":\"https:\\\/\\\/schema.org\",\"@graph\":[{\"@type\":\"Article\",\"@id\":\"https:\\\/\\\/www.lecollectifdesfestivals.org\\\/collectif\\\/2020\\\/12\\\/le-surcyclage-des-baches-au-festival-maintenant\\\/#article\",\"isPartOf\":{\"@id\":\"https:\\\/\\\/www.lecollectifdesfestivals.org\\\/collectif\\\/2020\\\/12\\\/le-surcyclage-des-baches-au-festival-maintenant\\\/\"},\"author\":{\"name\":\"Le Collectif\",\"@id\":\"https:\\\/\\\/www.lecollectifdesfestivals.org\\\/collectif\\\/#\\\/schema\\\/person\\\/86601dd4ec4be86cc3e9fc0f7a6de31c\"},\"headline\":\"Le surcyclage des b\u00e2ches au festival Maintenant\",\"datePublished\":\"2020-12-04T13:32:53+00:00\",\"dateModified\":\"2023-06-26T15:43:41+00:00\",\"mainEntityOfPage\":{\"@id\":\"https:\\\/\\\/www.lecollectifdesfestivals.org\\\/collectif\\\/2020\\\/12\\\/le-surcyclage-des-baches-au-festival-maintenant\\\/\"},\"wordCount\":710,\"commentCount\":0,\"image\":{\"@id\":\"https:\\\/\\\/www.lecollectifdesfestivals.org\\\/collectif\\\/2020\\\/12\\\/le-surcyclage-des-baches-au-festival-maintenant\\\/#primaryimage\"},\"thumbnailUrl\":\"https:\\\/\\\/www.lecollectifdesfestivals.org\\\/collectif\\\/wp-content\\\/uploads\\\/2020\\\/12\\\/Image1.jpg\",\"articleSection\":[\"Action !\",\"Communication\",\"D\u00e9chets \\\/ \u00c9conomie circulaire\",\"Festivals\"],\"inLanguage\":\"fr-FR\",\"potentialAction\":[{\"@type\":\"CommentAction\",\"name\":\"Comment\",\"target\":[\"https:\\\/\\\/www.lecollectifdesfestivals.org\\\/collectif\\\/2020\\\/12\\\/le-surcyclage-des-baches-au-festival-maintenant\\\/#respond\"]}]},{\"@type\":\"WebPage\",\"@id\":\"https:\\\/\\\/www.lecollectifdesfestivals.org\\\/collectif\\\/2020\\\/12\\\/le-surcyclage-des-baches-au-festival-maintenant\\\/\",\"url\":\"https:\\\/\\\/www.lecollectifdesfestivals.org\\\/collectif\\\/2020\\\/12\\\/le-surcyclage-des-baches-au-festival-maintenant\\\/\",\"name\":\"Le surcyclage des b\u00e2ches au festival Maintenant &#8226; Le Collectif des festivals\",\"isPartOf\":{\"@id\":\"https:\\\/\\\/www.lecollectifdesfestivals.org\\\/collectif\\\/#website\"},\"primaryImageOfPage\":{\"@id\":\"https:\\\/\\\/www.lecollectifdesfestivals.org\\\/collectif\\\/2020\\\/12\\\/le-surcyclage-des-baches-au-festival-maintenant\\\/#primaryimage\"},\"image\":{\"@id\":\"https:\\\/\\\/www.lecollectifdesfestivals.org\\\/collectif\\\/2020\\\/12\\\/le-surcyclage-des-baches-au-festival-maintenant\\\/#primaryimage\"},\"thumbnailUrl\":\"https:\\\/\\\/www.lecollectifdesfestivals.org\\\/collectif\\\/wp-content\\\/uploads\\\/2020\\\/12\\\/Image1.jpg\",\"datePublished\":\"2020-12-04T13:32:53+00:00\",\"dateModified\":\"2023-06-26T15:43:41+00:00\",\"author\":{\"@id\":\"https:\\\/\\\/www.lecollectifdesfestivals.org\\\/collectif\\\/#\\\/schema\\\/person\\\/86601dd4ec4be86cc3e9fc0f7a6de31c\"},\"description\":\"Le Collectif des festivals accompagne les organisateurs de festivals de Bretagne dans leurs d\u00e9marches de d\u00e9veloppement durable et solidaire.\",\"breadcrumb\":{\"@id\":\"https:\\\/\\\/www.lecollectifdesfestivals.org\\\/collectif\\\/2020\\\/12\\\/le-surcyclage-des-baches-au-festival-maintenant\\\/#breadcrumb\"},\"inLanguage\":\"fr-FR\",\"potentialAction\":[{\"@type\":\"ReadAction\",\"target\":[\"https:\\\/\\\/www.lecollectifdesfestivals.org\\\/collectif\\\/2020\\\/12\\\/le-surcyclage-des-baches-au-festival-maintenant\\\/\"]}]},{\"@type\":\"ImageObject\",\"inLanguage\":\"fr-FR\",\"@id\":\"https:\\\/\\\/www.lecollectifdesfestivals.org\\\/collectif\\\/2020\\\/12\\\/le-surcyclage-des-baches-au-festival-maintenant\\\/#primaryimage\",\"url\":\"https:\\\/\\\/www.lecollectifdesfestivals.org\\\/collectif\\\/wp-content\\\/uploads\\\/2020\\\/12\\\/Image1.jpg\",\"contentUrl\":\"https:\\\/\\\/www.lecollectifdesfestivals.org\\\/collectif\\\/wp-content\\\/uploads\\\/2020\\\/12\\\/Image1.jpg\",\"width\":150,\"height\":150},{\"@type\":\"BreadcrumbList\",\"@id\":\"https:\\\/\\\/www.lecollectifdesfestivals.org\\\/collectif\\\/2020\\\/12\\\/le-surcyclage-des-baches-au-festival-maintenant\\\/#breadcrumb\",\"itemListElement\":[{\"@type\":\"ListItem\",\"position\":1,\"name\":\"Accueil\",\"item\":\"https:\\\/\\\/www.lecollectifdesfestivals.org\\\/collectif\\\/\"},{\"@type\":\"ListItem\",\"position\":2,\"name\":\"Le surcyclage des b\u00e2ches au festival Maintenant\"}]},{\"@type\":\"WebSite\",\"@id\":\"https:\\\/\\\/www.lecollectifdesfestivals.org\\\/collectif\\\/#website\",\"url\":\"https:\\\/\\\/www.lecollectifdesfestivals.org\\\/collectif\\\/\",\"name\":\"Le Collectif des festivals\",\"description\":\"Depuis 2005, le Collectif des festivals accompagne les acteurices culturel\u00b7les dans leurs d\u00e9marches de d\u00e9veloppement durable.\",\"potentialAction\":[{\"@type\":\"SearchAction\",\"target\":{\"@type\":\"EntryPoint\",\"urlTemplate\":\"https:\\\/\\\/www.lecollectifdesfestivals.org\\\/collectif\\\/?s={search_term_string}\"},\"query-input\":{\"@type\":\"PropertyValueSpecification\",\"valueRequired\":true,\"valueName\":\"search_term_string\"}}],\"inLanguage\":\"fr-FR\"},{\"@type\":\"Person\",\"@id\":\"https:\\\/\\\/www.lecollectifdesfestivals.org\\\/collectif\\\/#\\\/schema\\\/person\\\/86601dd4ec4be86cc3e9fc0f7a6de31c\",\"name\":\"Le Collectif\",\"image\":{\"@type\":\"ImageObject\",\"inLanguage\":\"fr-FR\",\"@id\":\"https:\\\/\\\/secure.gravatar.com\\\/avatar\\\/89073059d9fc0729af171a2cef817d198574cc88ac24fc455b289cc6ea1e6caa?s=96&d=mm&r=g\",\"url\":\"https:\\\/\\\/secure.gravatar.com\\\/avatar\\\/89073059d9fc0729af171a2cef817d198574cc88ac24fc455b289cc6ea1e6caa?s=96&d=mm&r=g\",\"contentUrl\":\"https:\\\/\\\/secure.gravatar.com\\\/avatar\\\/89073059d9fc0729af171a2cef817d198574cc88ac24fc455b289cc6ea1e6caa?s=96&d=mm&r=g\",\"caption\":\"Le Collectif\"}}]}<\/script>\n<!-- \/ Yoast SEO plugin. -->","yoast_head_json":{"title":"Le surcyclage des b\u00e2ches au festival Maintenant &#8226; Le Collectif des festivals","description":"Le Collectif des festivals accompagne les organisateurs de festivals de Bretagne dans leurs d\u00e9marches de d\u00e9veloppement durable et solidaire.","robots":{"index":"index","follow":"follow","max-snippet":"max-snippet:-1","max-image-preview":"max-image-preview:large","max-video-preview":"max-video-preview:-1"},"canonical":"https:\/\/www.lecollectifdesfestivals.org\/collectif\/2020\/12\/le-surcyclage-des-baches-au-festival-maintenant\/","og_locale":"fr_FR","og_type":"article","og_title":"Le surcyclage des b\u00e2ches au festival Maintenant &#8226; Le Collectif des festivals","og_description":"Le Collectif des festivals accompagne les organisateurs de festivals de Bretagne dans leurs d\u00e9marches de d\u00e9veloppement durable et solidaire.","og_url":"https:\/\/www.lecollectifdesfestivals.org\/collectif\/2020\/12\/le-surcyclage-des-baches-au-festival-maintenant\/","og_site_name":"Le Collectif des festivals","article_publisher":"https:\/\/www.facebook.com\/LeCollectifDesFestivals\/","article_published_time":"2020-12-04T13:32:53+00:00","article_modified_time":"2023-06-26T15:43:41+00:00","og_image":[{"url":"https:\/\/www.lecollectifdesfestivals.org\/collectif\/wp-content\/uploads\/2020\/12\/Image1.jpg","type":"","width":"","height":""}],"author":"Le Collectif","twitter_card":"summary_large_image","twitter_creator":"@CollFestivals","twitter_site":"@CollFestivals","twitter_misc":{"\u00c9crit par":"Le Collectif","Dur\u00e9e de lecture estim\u00e9e":"4 minutes"},"schema":{"@context":"https:\/\/schema.org","@graph":[{"@type":"Article","@id":"https:\/\/www.lecollectifdesfestivals.org\/collectif\/2020\/12\/le-surcyclage-des-baches-au-festival-maintenant\/#article","isPartOf":{"@id":"https:\/\/www.lecollectifdesfestivals.org\/collectif\/2020\/12\/le-surcyclage-des-baches-au-festival-maintenant\/"},"author":{"name":"Le Collectif","@id":"https:\/\/www.lecollectifdesfestivals.org\/collectif\/#\/schema\/person\/86601dd4ec4be86cc3e9fc0f7a6de31c"},"headline":"Le surcyclage des b\u00e2ches au festival Maintenant","datePublished":"2020-12-04T13:32:53+00:00","dateModified":"2023-06-26T15:43:41+00:00","mainEntityOfPage":{"@id":"https:\/\/www.lecollectifdesfestivals.org\/collectif\/2020\/12\/le-surcyclage-des-baches-au-festival-maintenant\/"},"wordCount":710,"commentCount":0,"image":{"@id":"https:\/\/www.lecollectifdesfestivals.org\/collectif\/2020\/12\/le-surcyclage-des-baches-au-festival-maintenant\/#primaryimage"},"thumbnailUrl":"https:\/\/www.lecollectifdesfestivals.org\/collectif\/wp-content\/uploads\/2020\/12\/Image1.jpg","articleSection":["Action !","Communication","D\u00e9chets \/ \u00c9conomie circulaire","Festivals"],"inLanguage":"fr-FR","potentialAction":[{"@type":"CommentAction","name":"Comment","target":["https:\/\/www.lecollectifdesfestivals.org\/collectif\/2020\/12\/le-surcyclage-des-baches-au-festival-maintenant\/#respond"]}]},{"@type":"WebPage","@id":"https:\/\/www.lecollectifdesfestivals.org\/collectif\/2020\/12\/le-surcyclage-des-baches-au-festival-maintenant\/","url":"https:\/\/www.lecollectifdesfestivals.org\/collectif\/2020\/12\/le-surcyclage-des-baches-au-festival-maintenant\/","name":"Le surcyclage des b\u00e2ches au festival Maintenant &#8226; Le Collectif des festivals","isPartOf":{"@id":"https:\/\/www.lecollectifdesfestivals.org\/collectif\/#website"},"primaryImageOfPage":{"@id":"https:\/\/www.lecollectifdesfestivals.org\/collectif\/2020\/12\/le-surcyclage-des-baches-au-festival-maintenant\/#primaryimage"},"image":{"@id":"https:\/\/www.lecollectifdesfestivals.org\/collectif\/2020\/12\/le-surcyclage-des-baches-au-festival-maintenant\/#primaryimage"},"thumbnailUrl":"https:\/\/www.lecollectifdesfestivals.org\/collectif\/wp-content\/uploads\/2020\/12\/Image1.jpg","datePublished":"2020-12-04T13:32:53+00:00","dateModified":"2023-06-26T15:43:41+00:00","author":{"@id":"https:\/\/www.lecollectifdesfestivals.org\/collectif\/#\/schema\/person\/86601dd4ec4be86cc3e9fc0f7a6de31c"},"description":"Le Collectif des festivals accompagne les organisateurs de festivals de Bretagne dans leurs d\u00e9marches de d\u00e9veloppement durable et solidaire.","breadcrumb":{"@id":"https:\/\/www.lecollectifdesfestivals.org\/collectif\/2020\/12\/le-surcyclage-des-baches-au-festival-maintenant\/#breadcrumb"},"inLanguage":"fr-FR","potentialAction":[{"@type":"ReadAction","target":["https:\/\/www.lecollectifdesfestivals.org\/collectif\/2020\/12\/le-surcyclage-des-baches-au-festival-maintenant\/"]}]},{"@type":"ImageObject","inLanguage":"fr-FR","@id":"https:\/\/www.lecollectifdesfestivals.org\/collectif\/2020\/12\/le-surcyclage-des-baches-au-festival-maintenant\/#primaryimage","url":"https:\/\/www.lecollectifdesfestivals.org\/collectif\/wp-content\/uploads\/2020\/12\/Image1.jpg","contentUrl":"https:\/\/www.lecollectifdesfestivals.org\/collectif\/wp-content\/uploads\/2020\/12\/Image1.jpg","width":150,"height":150},{"@type":"BreadcrumbList","@id":"https:\/\/www.lecollectifdesfestivals.org\/collectif\/2020\/12\/le-surcyclage-des-baches-au-festival-maintenant\/#breadcrumb","itemListElement":[{"@type":"ListItem","position":1,"name":"Accueil","item":"https:\/\/www.lecollectifdesfestivals.org\/collectif\/"},{"@type":"ListItem","position":2,"name":"Le surcyclage des b\u00e2ches au festival Maintenant"}]},{"@type":"WebSite","@id":"https:\/\/www.lecollectifdesfestivals.org\/collectif\/#website","url":"https:\/\/www.lecollectifdesfestivals.org\/collectif\/","name":"Le Collectif des festivals","description":"Depuis 2005, le Collectif des festivals accompagne les acteurices culturel\u00b7les dans leurs d\u00e9marches de d\u00e9veloppement durable.","potentialAction":[{"@type":"SearchAction","target":{"@type":"EntryPoint","urlTemplate":"https:\/\/www.lecollectifdesfestivals.org\/collectif\/?s={search_term_string}"},"query-input":{"@type":"PropertyValueSpecification","valueRequired":true,"valueName":"search_term_string"}}],"inLanguage":"fr-FR"},{"@type":"Person","@id":"https:\/\/www.lecollectifdesfestivals.org\/collectif\/#\/schema\/person\/86601dd4ec4be86cc3e9fc0f7a6de31c","name":"Le Collectif","image":{"@type":"ImageObject","inLanguage":"fr-FR","@id":"https:\/\/secure.gravatar.com\/avatar\/89073059d9fc0729af171a2cef817d198574cc88ac24fc455b289cc6ea1e6caa?s=96&d=mm&r=g","url":"https:\/\/secure.gravatar.com\/avatar\/89073059d9fc0729af171a2cef817d198574cc88ac24fc455b289cc6ea1e6caa?s=96&d=mm&r=g","contentUrl":"https:\/\/secure.gravatar.com\/avatar\/89073059d9fc0729af171a2cef817d198574cc88ac24fc455b289cc6ea1e6caa?s=96&d=mm&r=g","caption":"Le Collectif"}}]}},"_links":{"self":[{"href":"https:\/\/www.lecollectifdesfestivals.org\/collectif\/wp-json\/wp\/v2\/posts\/12843","targetHints":{"allow":["GET"]}}],"collection":[{"href":"https:\/\/www.lecollectifdesfestivals.org\/collectif\/wp-json\/wp\/v2\/posts"}],"about":[{"href":"https:\/\/www.lecollectifdesfestivals.org\/collectif\/wp-json\/wp\/v2\/types\/post"}],"author":[{"embeddable":true,"href":"https:\/\/www.lecollectifdesfestivals.org\/collectif\/wp-json\/wp\/v2\/users\/1"}],"replies":[{"embeddable":true,"href":"https:\/\/www.lecollectifdesfestivals.org\/collectif\/wp-json\/wp\/v2\/comments?post=12843"}],"version-history":[{"count":3,"href":"https:\/\/www.lecollectifdesfestivals.org\/collectif\/wp-json\/wp\/v2\/posts\/12843\/revisions"}],"predecessor-version":[{"id":22616,"href":"https:\/\/www.lecollectifdesfestivals.org\/collectif\/wp-json\/wp\/v2\/posts\/12843\/revisions\/22616"}],"wp:attachment":[{"href":"https:\/\/www.lecollectifdesfestivals.org\/collectif\/wp-json\/wp\/v2\/media?parent=12843"}],"wp:term":[{"taxonomy":"category","embeddable":true,"href":"https:\/\/www.lecollectifdesfestivals.org\/collectif\/wp-json\/wp\/v2\/categories?post=12843"},{"taxonomy":"post_tag","embeddable":true,"href":"https:\/\/www.lecollectifdesfestivals.org\/collectif\/wp-json\/wp\/v2\/tags?post=12843"}],"curies":[{"name":"wp","href":"https:\/\/api.w.org\/{rel}","templated":true}]}}