{"id":15505,"date":"2021-08-30T13:02:09","date_gmt":"2021-08-30T11:02:09","guid":{"rendered":"https:\/\/www.lecollectifdesfestivals.org\/collectif\/?p=15505"},"modified":"2024-11-25T16:22:15","modified_gmt":"2024-11-25T15:22:15","slug":"accueil-responsable-des-artistes-starter-publie-un-recueil-de-bonnes-pratiques","status":"publish","type":"post","link":"https:\/\/www.lecollectifdesfestivals.org\/collectif\/2021\/08\/accueil-responsable-des-artistes-starter-publie-un-recueil-de-bonnes-pratiques\/","title":{"rendered":"Accueil responsable des artistes : STARTER publie un recueil de bonnes pratiques"},"content":{"rendered":"\n<p>Comment inciter les artistes, tourneur\u00b7euses, technicien\u00b7nes et programmateur\u00b7rices \u00e0 une d\u00e9marche plus responsable ? Comment r\u00e9duire l\u2019impact des tourn\u00e9es, \u00e9viter la surconsommation et les d\u00e9chets induits dans les riders, promouvoir une alimentation locale et durable pour les caterings, inciter \u00e0 la sobri\u00e9t\u00e9 \u00e9nerg\u00e9tique dans les fiches techniques ?<\/p>\n\n\n\n<p>Ces questions, de nombreux\u00b7ses artistes, organisateur\u00b7rices de festivals ou gestionnaires de lieux, quelle que soit leur discipline culturelle, essaient depuis quelques ann\u00e9es d\u2019y r\u00e9pondre en prenant des engagements, en r\u00e9digeant des chartes ou des recommandations.<\/p>\n\n\n\n<p>C&rsquo;est pour outiller ces bonnes volont\u00e9s, et ancrer un travail en profondeur sur ces sujets, que des acteur\u00b7rices culturel\u00b7les, syndicats, associations ou collectifs informels, sous l\u2019impulsion du r\u00e9seau R2D2 dont COFEES est membre, ont cr\u00e9\u00e9, en janvier 2020 le projet STARTER &#8211; Spectacles et Tourn\u00e9es d&rsquo;ARTistes EcoResponsables, et se sont engag\u00e9\u00b7es \u00e0 mettre en commun leurs moyens et outils au travers d\u2019une convention de partenariat.<\/p>\n\n\n\n<p>Afin de recenser les retours d\u2019exp\u00e9rience et les bonnes pratiques existantes, et les partager entre acteurs culturels, les partenaires du projet STARTER ont lanc\u00e9 d\u00e9but 2021 une grande consultation aupr\u00e8s de leurs membres, via un questionnaire.<\/p>\n\n\n\n<p>Plus de 230 structures culturelles, que nous remercions pour leur participation, ont r\u00e9pondu \u00e0 cette consultation, qu\u2019il s\u2019agisse de lieux de diffusion, salles de concert, compagnies ou festivals, dans de tr\u00e8s nombreuses disciplines du spectacle vivant.<br>Ce recueil est donc le fruit de cette consultation, et propose un panorama non exhaustif des actions d\u00e9velopp\u00e9es, tant au niveau environnemental que soci\u00e9tal ou \u00e9conomique.<\/p>\n\n\n\n<p>Pour chaque th\u00e9matique, vous y retrouvez les pratiques les plus r\u00e9pandues, des pratiques originales mises en \u0153uvre uniquement par une ou deux structures, et des points de vigilance.<\/p>\n\n\n\n<div class=\"wp-block-buttons is-horizontal is-content-justification-center is-layout-flex wp-container-core-buttons-layout-1 wp-block-buttons-is-layout-flex\">\n<div class=\"wp-block-button\"><a class=\"wp-block-button__link has-nv-site-bg-color has-neve-link-hover-color-background-color has-text-color has-background wp-element-button\" href=\"https:\/\/www.lecollectifdesfestivals.org\/collectif\/download\/Recueil_de_bonnes_pratiques_STARTER.pdf\">T\u00e9l\u00e9charger le recueil<\/a><\/div>\n<\/div>\n\n\n\n<div style=\"height:50px\" aria-hidden=\"true\" class=\"wp-block-spacer\"><\/div>\n\n\n\n<p>Liste des partenaires du projet STARTER signataires de la convention de partenariat :<\/p>\n\n\n\n<ul>\n<li><a label=\"undefined (s\u2019ouvre dans un nouvel onglet)\" href=\"http:\/\/act-tour.org\/\" target=\"_blank\" rel=\"noreferrer noopener\">Artistes citoyens en tourn\u00e9e<\/a><\/li>\n\n\n\n<li><a aria-label=\"undefined (s\u2019ouvre dans un nouvel onglet)\" href=\"https:\/\/arviva.org\/\" target=\"_blank\" rel=\"noreferrer noopener\">Arviva<\/a><\/li>\n\n\n\n<li><a aria-label=\"undefined (s\u2019ouvre dans un nouvel onglet)\" href=\"https:\/\/www.byebyeplastic.life\/\" target=\"_blank\" rel=\"noreferrer noopener\">Bye Bye Plastic<\/a><\/li>\n\n\n\n<li><a label=\"undefined (s\u2019ouvre dans un nouvel onglet)\" href=\"https:\/\/cofees.fr\/\" target=\"_blank\" rel=\"noreferrer noopener\">COFEES<\/a> &#8211; Collectif des Festivals Eco-Responsables et Solidaires en r\u00e9gion Sud (<a href=\"https:\/\/www.lecollectifdesfestivals.org\/collectif\/lassociation\/nos-partenaires\/amis\/\">R2D2<\/a>)<\/li>\n\n\n\n<li><a aria-label=\"undefined (s\u2019ouvre dans un nouvel onglet)\" href=\"https:\/\/evenementecoresponsable.com\/\" target=\"_blank\" rel=\"noreferrer noopener\">Conseil qu\u00e9b\u00e9cois des \u00e9v\u00e9nements \u00e9coresponsables<\/a><\/li>\n\n\n\n<li><a aria-label=\"undefined (s\u2019ouvre dans un nouvel onglet)\" href=\"https:\/\/www.elemen-terre.org\/\" target=\"_blank\" rel=\"noreferrer noopener\">El\u00e9men&rsquo;terre<\/a> (R2D2)<\/li>\n\n\n\n<li><a aria-label=\"undefined (s\u2019ouvre dans un nouvel onglet)\" href=\"https:\/\/www.fedelima.org\/\" target=\"_blank\" rel=\"noreferrer noopener\">FEDELIMA<\/a> &#8211; F\u00e9d\u00e9ration de lieux de musiques actuelles<\/li>\n\n\n\n<li><a aria-label=\"undefined (s\u2019ouvre dans un nouvel onglet)\" href=\"https:\/\/www.francefestivals.com\/\" target=\"_blank\" rel=\"noreferrer noopener\">France Festivals<\/a><\/li>\n\n\n\n<li><a aria-label=\"undefined (s\u2019ouvre dans un nouvel onglet)\" href=\"https:\/\/reseaugrabuge.com\/\" target=\"_blank\" rel=\"noreferrer noopener\">Grabuge<\/a><\/li>\n\n\n\n<li><a aria-label=\"undefined (s\u2019ouvre dans un nouvel onglet)\" href=\"http:\/\/grandbureau.fr\/\" target=\"_blank\" rel=\"noreferrer noopener\">Grand Bureau<\/a> (R2D2)<\/li>\n\n\n\n<li>Le Collectif des festivals (R2D2)<\/li>\n\n\n\n<li><a aria-label=\"undefined (s\u2019ouvre dans un nouvel onglet)\" href=\"https:\/\/musicdeclares.net\/fr\/\" target=\"_blank\" rel=\"noreferrer noopener\">Music Declares Emergency France<\/a><\/li>\n\n\n\n<li><a href=\"https:\/\/www.le-pam.fr\/\" target=\"_blank\" aria-label=\"undefined (s\u2019ouvre dans un nouvel onglet)\" rel=\"noreferrer noopener\">PAM <\/a>&#8211; P\u00f4le de coop\u00e9ration des Acteurs de la fili\u00e8re musicale en R\u00e9gion Sud<\/li>\n\n\n\n<li><a href=\"https:\/\/reditec.org\/\" target=\"_blank\" aria-label=\"undefined (s\u2019ouvre dans un nouvel onglet)\" rel=\"noreferrer noopener\">REDITEC<\/a><\/li>\n\n\n\n<li><a href=\"https:\/\/www.reseau-eco-evenement.net\/\" target=\"_blank\" aria-label=\"undefined (s\u2019ouvre dans un nouvel onglet)\" rel=\"noreferrer noopener\">REEVE<\/a> &#8211; R\u00e9seau des Eco-Ev\u00e9nements en Pays de la Loire (R2D2)<\/li>\n\n\n\n<li><a href=\"https:\/\/lepole.asso.fr\/\" target=\"_blank\" aria-label=\"undefined (s\u2019ouvre dans un nouvel onglet)\" rel=\"noreferrer noopener\">Le P\u00f4le de coop\u00e9ration pour les musiques actuelles en Pays de la Loire<\/a> (R2D2)<\/li>\n\n\n\n<li><a href=\"https:\/\/le-rim.org\/\" target=\"_blank\" aria-label=\"undefined (s\u2019ouvre dans un nouvel onglet)\" rel=\"noreferrer noopener\">Le R\u00e9seau des Ind\u00e9pendants de la Musique<\/a> (R2D2)<\/li>\n\n\n\n<li><a href=\"http:\/\/www.sma-syndicat.org\/\" target=\"_blank\" aria-label=\"undefined (s\u2019ouvre dans un nouvel onglet)\" rel=\"noreferrer noopener\">Le SMA<\/a> &#8211; Syndicat des Musiques Actuelles<\/li>\n\n\n\n<li><a href=\"https:\/\/www.thegreenroom.fr\/\" target=\"_blank\" aria-label=\"undefined (s\u2019ouvre dans un nouvel onglet)\" rel=\"noreferrer noopener\">The Green Room<\/a><\/li>\n<\/ul>\n","protected":false},"excerpt":{"rendered":"<p>Comment inciter les artistes, tourneur\u00b7euses, technicien\u00b7nes et programmateur\u00b7rices \u00e0 une d\u00e9marche plus responsable ? Comment r\u00e9duire l\u2019impact des tourn\u00e9es, \u00e9viter la surconsommation et les d\u00e9chets induits dans les riders, promouvoir une alimentation locale et durable pour les caterings, inciter \u00e0 la sobri\u00e9t\u00e9 \u00e9nerg\u00e9tique dans les fiches techniques ? Ces questions, de nombreux\u00b7ses artistes, organisateur\u00b7rices de&hellip;&nbsp;<a href=\"https:\/\/www.lecollectifdesfestivals.org\/collectif\/2021\/08\/accueil-responsable-des-artistes-starter-publie-un-recueil-de-bonnes-pratiques\/\" class=\"\" rel=\"bookmark\">Lire la suite &raquo;<span class=\"screen-reader-text\">Accueil responsable des artistes : STARTER publie un recueil de bonnes pratiques<\/span><\/a><\/p>\n","protected":false},"author":1,"featured_media":0,"comment_status":"open","ping_status":"open","sticky":false,"template":"","format":"standard","meta":{"neve_meta_sidebar":"","neve_meta_container":"","neve_meta_enable_content_width":"","neve_meta_content_width":0,"neve_meta_title_alignment":"","neve_meta_author_avatar":"","neve_post_elements_order":"","neve_meta_disable_header":"","neve_meta_disable_footer":"","neve_meta_disable_title":"","footnotes":""},"categories":[130,235],"tags":[],"yoast_head":"<!-- This site is optimized with the Yoast SEO plugin v22.4 - https:\/\/yoast.com\/wordpress\/plugins\/seo\/ -->\n<title>Accueil responsable des artistes : STARTER publie un recueil de bonnes pratiques &#8226; Le Collectif des festivals<\/title>\n<meta name=\"description\" content=\"Le Collectif des festivals accompagne les organisateurs de festivals de Bretagne dans leurs d\u00e9marches de d\u00e9veloppement durable et solidaire.\" \/>\n<meta name=\"robots\" content=\"index, follow, max-snippet:-1, max-image-preview:large, max-video-preview:-1\" \/>\n<link rel=\"canonical\" href=\"https:\/\/www.lecollectifdesfestivals.org\/collectif\/2021\/08\/accueil-responsable-des-artistes-starter-publie-un-recueil-de-bonnes-pratiques\/\" \/>\n<meta property=\"og:locale\" content=\"fr_FR\" \/>\n<meta property=\"og:type\" content=\"article\" \/>\n<meta property=\"og:title\" content=\"Accueil responsable des artistes : STARTER publie un recueil de bonnes pratiques &#8226; Le Collectif des festivals\" \/>\n<meta property=\"og:description\" content=\"Le Collectif des festivals accompagne les organisateurs de festivals de Bretagne dans leurs d\u00e9marches de d\u00e9veloppement durable et solidaire.\" \/>\n<meta property=\"og:url\" content=\"https:\/\/www.lecollectifdesfestivals.org\/collectif\/2021\/08\/accueil-responsable-des-artistes-starter-publie-un-recueil-de-bonnes-pratiques\/\" \/>\n<meta property=\"og:site_name\" content=\"Le Collectif des festivals\" \/>\n<meta property=\"article:publisher\" content=\"https:\/\/www.facebook.com\/LeCollectifDesFestivals\/\" \/>\n<meta property=\"article:published_time\" content=\"2021-08-30T11:02:09+00:00\" \/>\n<meta property=\"article:modified_time\" content=\"2024-11-25T15:22:15+00:00\" \/>\n<meta name=\"author\" content=\"Le Collectif\" \/>\n<meta name=\"twitter:card\" content=\"summary_large_image\" \/>\n<meta name=\"twitter:creator\" content=\"@CollFestivals\" \/>\n<meta name=\"twitter:site\" content=\"@CollFestivals\" \/>\n<meta name=\"twitter:label1\" content=\"\u00c9crit par\" \/>\n\t<meta name=\"twitter:data1\" content=\"Le Collectif\" \/>\n\t<meta name=\"twitter:label2\" content=\"Dur\u00e9e de lecture estim\u00e9e\" \/>\n\t<meta name=\"twitter:data2\" content=\"2 minutes\" \/>\n<script type=\"application\/ld+json\" class=\"yoast-schema-graph\">{\"@context\":\"https:\/\/schema.org\",\"@graph\":[{\"@type\":\"WebPage\",\"@id\":\"https:\/\/www.lecollectifdesfestivals.org\/collectif\/2021\/08\/accueil-responsable-des-artistes-starter-publie-un-recueil-de-bonnes-pratiques\/\",\"url\":\"https:\/\/www.lecollectifdesfestivals.org\/collectif\/2021\/08\/accueil-responsable-des-artistes-starter-publie-un-recueil-de-bonnes-pratiques\/\",\"name\":\"Accueil responsable des artistes : STARTER publie un recueil de bonnes pratiques &#8226; Le Collectif des festivals\",\"isPartOf\":{\"@id\":\"https:\/\/www.lecollectifdesfestivals.org\/collectif\/#website\"},\"datePublished\":\"2021-08-30T11:02:09+00:00\",\"dateModified\":\"2024-11-25T15:22:15+00:00\",\"author\":{\"@id\":\"https:\/\/www.lecollectifdesfestivals.org\/collectif\/#\/schema\/person\/86601dd4ec4be86cc3e9fc0f7a6de31c\"},\"description\":\"Le Collectif des festivals accompagne les organisateurs de festivals de Bretagne dans leurs d\u00e9marches de d\u00e9veloppement durable et solidaire.\",\"breadcrumb\":{\"@id\":\"https:\/\/www.lecollectifdesfestivals.org\/collectif\/2021\/08\/accueil-responsable-des-artistes-starter-publie-un-recueil-de-bonnes-pratiques\/#breadcrumb\"},\"inLanguage\":\"fr-FR\",\"potentialAction\":[{\"@type\":\"ReadAction\",\"target\":[\"https:\/\/www.lecollectifdesfestivals.org\/collectif\/2021\/08\/accueil-responsable-des-artistes-starter-publie-un-recueil-de-bonnes-pratiques\/\"]}]},{\"@type\":\"BreadcrumbList\",\"@id\":\"https:\/\/www.lecollectifdesfestivals.org\/collectif\/2021\/08\/accueil-responsable-des-artistes-starter-publie-un-recueil-de-bonnes-pratiques\/#breadcrumb\",\"itemListElement\":[{\"@type\":\"ListItem\",\"position\":1,\"name\":\"Accueil\",\"item\":\"https:\/\/www.lecollectifdesfestivals.org\/collectif\/\"},{\"@type\":\"ListItem\",\"position\":2,\"name\":\"Accueil responsable des artistes : STARTER publie un recueil de bonnes pratiques\"}]},{\"@type\":\"WebSite\",\"@id\":\"https:\/\/www.lecollectifdesfestivals.org\/collectif\/#website\",\"url\":\"https:\/\/www.lecollectifdesfestivals.org\/collectif\/\",\"name\":\"Le Collectif des festivals\",\"description\":\"Depuis 2005,  le Collectif des festivals accompagne les transitions sociale et \u00e9cologique de la culture\",\"potentialAction\":[{\"@type\":\"SearchAction\",\"target\":{\"@type\":\"EntryPoint\",\"urlTemplate\":\"https:\/\/www.lecollectifdesfestivals.org\/collectif\/?s={search_term_string}\"},\"query-input\":\"required name=search_term_string\"}],\"inLanguage\":\"fr-FR\"},{\"@type\":\"Person\",\"@id\":\"https:\/\/www.lecollectifdesfestivals.org\/collectif\/#\/schema\/person\/86601dd4ec4be86cc3e9fc0f7a6de31c\",\"name\":\"Le Collectif\",\"image\":{\"@type\":\"ImageObject\",\"inLanguage\":\"fr-FR\",\"@id\":\"https:\/\/www.lecollectifdesfestivals.org\/collectif\/#\/schema\/person\/image\/\",\"url\":\"https:\/\/secure.gravatar.com\/avatar\/1c1ef9ae3cde320fe2ff622731a2244b?s=96&d=mm&r=g\",\"contentUrl\":\"https:\/\/secure.gravatar.com\/avatar\/1c1ef9ae3cde320fe2ff622731a2244b?s=96&d=mm&r=g\",\"caption\":\"Le Collectif\"}}]}<\/script>\n<!-- \/ Yoast SEO plugin. -->","yoast_head_json":{"title":"Accueil responsable des artistes : STARTER publie un recueil de bonnes pratiques &#8226; Le Collectif des festivals","description":"Le Collectif des festivals accompagne les organisateurs de festivals de Bretagne dans leurs d\u00e9marches de d\u00e9veloppement durable et solidaire.","robots":{"index":"index","follow":"follow","max-snippet":"max-snippet:-1","max-image-preview":"max-image-preview:large","max-video-preview":"max-video-preview:-1"},"canonical":"https:\/\/www.lecollectifdesfestivals.org\/collectif\/2021\/08\/accueil-responsable-des-artistes-starter-publie-un-recueil-de-bonnes-pratiques\/","og_locale":"fr_FR","og_type":"article","og_title":"Accueil responsable des artistes : STARTER publie un recueil de bonnes pratiques &#8226; Le Collectif des festivals","og_description":"Le Collectif des festivals accompagne les organisateurs de festivals de Bretagne dans leurs d\u00e9marches de d\u00e9veloppement durable et solidaire.","og_url":"https:\/\/www.lecollectifdesfestivals.org\/collectif\/2021\/08\/accueil-responsable-des-artistes-starter-publie-un-recueil-de-bonnes-pratiques\/","og_site_name":"Le Collectif des festivals","article_publisher":"https:\/\/www.facebook.com\/LeCollectifDesFestivals\/","article_published_time":"2021-08-30T11:02:09+00:00","article_modified_time":"2024-11-25T15:22:15+00:00","author":"Le Collectif","twitter_card":"summary_large_image","twitter_creator":"@CollFestivals","twitter_site":"@CollFestivals","twitter_misc":{"\u00c9crit par":"Le Collectif","Dur\u00e9e de lecture estim\u00e9e":"2 minutes"},"schema":{"@context":"https:\/\/schema.org","@graph":[{"@type":"WebPage","@id":"https:\/\/www.lecollectifdesfestivals.org\/collectif\/2021\/08\/accueil-responsable-des-artistes-starter-publie-un-recueil-de-bonnes-pratiques\/","url":"https:\/\/www.lecollectifdesfestivals.org\/collectif\/2021\/08\/accueil-responsable-des-artistes-starter-publie-un-recueil-de-bonnes-pratiques\/","name":"Accueil responsable des artistes : STARTER publie un recueil de bonnes pratiques &#8226; Le Collectif des festivals","isPartOf":{"@id":"https:\/\/www.lecollectifdesfestivals.org\/collectif\/#website"},"datePublished":"2021-08-30T11:02:09+00:00","dateModified":"2024-11-25T15:22:15+00:00","author":{"@id":"https:\/\/www.lecollectifdesfestivals.org\/collectif\/#\/schema\/person\/86601dd4ec4be86cc3e9fc0f7a6de31c"},"description":"Le Collectif des festivals accompagne les organisateurs de festivals de Bretagne dans leurs d\u00e9marches de d\u00e9veloppement durable et solidaire.","breadcrumb":{"@id":"https:\/\/www.lecollectifdesfestivals.org\/collectif\/2021\/08\/accueil-responsable-des-artistes-starter-publie-un-recueil-de-bonnes-pratiques\/#breadcrumb"},"inLanguage":"fr-FR","potentialAction":[{"@type":"ReadAction","target":["https:\/\/www.lecollectifdesfestivals.org\/collectif\/2021\/08\/accueil-responsable-des-artistes-starter-publie-un-recueil-de-bonnes-pratiques\/"]}]},{"@type":"BreadcrumbList","@id":"https:\/\/www.lecollectifdesfestivals.org\/collectif\/2021\/08\/accueil-responsable-des-artistes-starter-publie-un-recueil-de-bonnes-pratiques\/#breadcrumb","itemListElement":[{"@type":"ListItem","position":1,"name":"Accueil","item":"https:\/\/www.lecollectifdesfestivals.org\/collectif\/"},{"@type":"ListItem","position":2,"name":"Accueil responsable des artistes : STARTER publie un recueil de bonnes pratiques"}]},{"@type":"WebSite","@id":"https:\/\/www.lecollectifdesfestivals.org\/collectif\/#website","url":"https:\/\/www.lecollectifdesfestivals.org\/collectif\/","name":"Le Collectif des festivals","description":"Depuis 2005,  le Collectif des festivals accompagne les transitions sociale et \u00e9cologique de la culture","potentialAction":[{"@type":"SearchAction","target":{"@type":"EntryPoint","urlTemplate":"https:\/\/www.lecollectifdesfestivals.org\/collectif\/?s={search_term_string}"},"query-input":"required name=search_term_string"}],"inLanguage":"fr-FR"},{"@type":"Person","@id":"https:\/\/www.lecollectifdesfestivals.org\/collectif\/#\/schema\/person\/86601dd4ec4be86cc3e9fc0f7a6de31c","name":"Le Collectif","image":{"@type":"ImageObject","inLanguage":"fr-FR","@id":"https:\/\/www.lecollectifdesfestivals.org\/collectif\/#\/schema\/person\/image\/","url":"https:\/\/secure.gravatar.com\/avatar\/1c1ef9ae3cde320fe2ff622731a2244b?s=96&d=mm&r=g","contentUrl":"https:\/\/secure.gravatar.com\/avatar\/1c1ef9ae3cde320fe2ff622731a2244b?s=96&d=mm&r=g","caption":"Le Collectif"}}]}},"_links":{"self":[{"href":"https:\/\/www.lecollectifdesfestivals.org\/collectif\/wp-json\/wp\/v2\/posts\/15505"}],"collection":[{"href":"https:\/\/www.lecollectifdesfestivals.org\/collectif\/wp-json\/wp\/v2\/posts"}],"about":[{"href":"https:\/\/www.lecollectifdesfestivals.org\/collectif\/wp-json\/wp\/v2\/types\/post"}],"author":[{"embeddable":true,"href":"https:\/\/www.lecollectifdesfestivals.org\/collectif\/wp-json\/wp\/v2\/users\/1"}],"replies":[{"embeddable":true,"href":"https:\/\/www.lecollectifdesfestivals.org\/collectif\/wp-json\/wp\/v2\/comments?post=15505"}],"version-history":[{"count":3,"href":"https:\/\/www.lecollectifdesfestivals.org\/collectif\/wp-json\/wp\/v2\/posts\/15505\/revisions"}],"predecessor-version":[{"id":22776,"href":"https:\/\/www.lecollectifdesfestivals.org\/collectif\/wp-json\/wp\/v2\/posts\/15505\/revisions\/22776"}],"wp:attachment":[{"href":"https:\/\/www.lecollectifdesfestivals.org\/collectif\/wp-json\/wp\/v2\/media?parent=15505"}],"wp:term":[{"taxonomy":"category","embeddable":true,"href":"https:\/\/www.lecollectifdesfestivals.org\/collectif\/wp-json\/wp\/v2\/categories?post=15505"},{"taxonomy":"post_tag","embeddable":true,"href":"https:\/\/www.lecollectifdesfestivals.org\/collectif\/wp-json\/wp\/v2\/tags?post=15505"}],"curies":[{"name":"wp","href":"https:\/\/api.w.org\/{rel}","templated":true}]}}