{"id":16669,"date":"2022-01-07T09:50:05","date_gmt":"2022-01-07T08:50:05","guid":{"rendered":"https:\/\/www.lecollectifdesfestivals.org\/collectif\/?p=16669"},"modified":"2024-11-29T17:26:17","modified_gmt":"2024-11-29T16:26:17","slug":"cr-less-is-more-lart-de-concilier-son-projet-culturel-et-la-taille-de-son-festival","status":"publish","type":"post","link":"https:\/\/www.lecollectifdesfestivals.org\/collectif\/2022\/01\/cr-less-is-more-lart-de-concilier-son-projet-culturel-et-la-taille-de-son-festival\/","title":{"rendered":"[CR] Less is more ? L&rsquo;art de concilier son projet culturel et la taille de son festival"},"content":{"rendered":"\n<p><em>Table ronde organis\u00e9e par le Collectif des festivals dans le cadre des Rencontres Trans Musicales 2019, en partenariat avec le festival Panoramas.<\/em><\/p>\n\n\n\n<figure class=\"wp-block-embed is-type-wp-embed is-provider-hearthis-at wp-block-embed-hearthis-at\"><div class=\"wp-block-embed__wrapper\">\n<iframe class=\"wp-embedded-content\" sandbox=\"allow-scripts\" security=\"restricted\" title=\"Less is more ? L\u2019art de concilier son projet culturel et la taille de son festival - Le Collectif des festivals - Rencontres &amp; D\u00e9bats 2019\" scrolling=\"no\" width=\"100%\" height=\"150\" src=\"https:\/\/hearthis.at\/embed\/4270372\/transparent\/?style=2&#038;block_size=2&#038;block_space=2&#038;background=1#?secret=EU7GXUqPxC\" data-secret=\"EU7GXUqPxC\" frameborder=\"0\"><\/iframe>\n<\/div><\/figure>\n\n\n\n<p><strong>Mod\u00e9ration : Odile De Plas, T\u00e9l\u00e9rama<\/strong><\/p>\n\n\n\n<p><strong>Dominique Sagot-Duvauroux, \u00e9conomiste<\/strong><br>Professeur \u00e0 l\u2019universit\u00e9 d\u2019Angers, membre du Groupe de Recherche Angevin en Economie et en Management (EA n\u00b0 7456 GRANEM) dont il a \u00e9t\u00e9 le directeur de 2006 \u00e0 2012, Dominique Sagot-Duvauroux dirige la Structure F\u00e9d\u00e9rative de Recherche Confluences. Il est \u00e9galement directeur adjoint de la Maison des Sciences de l\u2019Homme Ange Gu\u00e9pin. Dominique Sagot-Duvauroux est sp\u00e9cialis\u00e9 sur les questions d\u2019\u00e9conomie culturelle et a publi\u00e9 de nombreux articles et ouvrages sur ce th\u00e8me. Il r\u00e9alise r\u00e9guli\u00e8rement des recherches et rapports d\u2019expertise pour le minist\u00e8re de la culture fran\u00e7ais. Il coordonne un programme de recherche financ\u00e9 par l\u2019Agence Nationale de la Recherche SCAENA, Sc\u00e8nes Culturelles, Ambiances Et TraNsformations urbAines qui analyse les formes d\u2019encastrements des activit\u00e9s artistiques dans les territoires et les processus de d\u00e9veloppement qu\u2019ils engendrent.<\/p>\n\n\n\n<p><strong>Eddy Pierres, Directeur, Wart, festival Panoramas<\/strong><br>Eddy Pierres est le directeur mais aussi co-fondateur en 1997 de l\u2019association WART et du festival Panoramas. L\u2019association WART organise le festival Panoramas en Pays de Morlaix qui attire chaque ann\u00e9e au printemps plus de 30 000 festivaliers autour des musiques urbaines et \u00e9lectroniques. Eddy Pierres est directeur associ\u00e9 du projet de cr\u00e9ation de plateforme culturelle dans l\u2019ancienne Manufacture des Tabacs de Morlaix : le SE\/CW.<\/p>\n\n\n\n<p><strong>Beno\u00eet Careil, \u00e9lu adjoint \u00e0 la Culture de la ville Rennes<\/strong><br>Ancien musicien et producteur, dans les ann\u00e9es 90, il a fond\u00e9 et dirig\u00e9 Le Jardin moderne, une salle de musiques actuelles. Beno\u00eet Careil est aujourd\u2019hui \u00e9lu adjoint \u00e0 la culture \u00e0 Rennes et est tr\u00e8s impliqu\u00e9 sur les questions de droits culturels.<\/p>\n\n\n\n<p><strong>Damien Malinas et Rapha\u00ebl Roth, Ma\u00eetres de conf\u00e9rences en Sciences humaines et sociales, \u00e0 l\u2019universit\u00e9 d\u2019Avignon et des Pays du Vaucluse.<\/strong><br>Responsables du Master \u00ab Publics de la culture et communication \u00bb, ils d\u00e9veloppent leurs recherches au sein de l&rsquo;\u00e9quipe Culture et Communication du Centre Norbert Elias autour de l&rsquo;axe Publics de la culture &#8211; cin\u00e9mas, festivals, \u00e9v\u00e9nements.<\/p>\n\n\n\n<div style=\"height:30px\" aria-hidden=\"true\" class=\"wp-block-spacer\"><\/div>\n\n\n\n<h2 class=\"has-neve-link-color-color has-text-color wp-block-heading\">Contexte par Odile De Plas<\/h2>\n\n\n\n<p>Depuis quelques ann\u00e9es, on observe une inflation des jauges des festivals, probablement pour des raisons de solidit\u00e9s \u00e9conomiques. On observe \u00e9galement l\u2019arriv\u00e9e de gros groupes de divertissement dans le secteur culturel. Et en parall\u00e8le, il y a comme un souhait de retourner aux petits festivals, \u00ab plus authentiques \u00bb.<br>Quand on parle de la taille d\u2019un festival, nous pensons \u00e0 la jauge, mais nous allons voir que cela peut \u00e9galement \u00eatre le budget, la dur\u00e9e, la quantit\u00e9 des repr\u00e9sentations, le montant des cachets\u2026 qui font la \u00ab taille \u00bb du festival.<\/p>\n\n\n\n<div style=\"height:30px\" aria-hidden=\"true\" class=\"wp-block-spacer\"><\/div>\n\n\n\n<h2 class=\"has-neve-link-color-color has-text-color wp-block-heading\">Intervention de Dominique Sagot-Duvauroux<\/h2>\n\n\n\n<p>Il y a assez peu de travaux sur le lien entre la taille, les activit\u00e9s d\u2019un festival et les crit\u00e8res d\u2019efficience de ces derniers. Du point de vue \u00e9conomique, nous pouvons poser la probl\u00e9matique comme : quels sont les enjeux de la taille et comment cette question se pose dans le domaine des musiques actuelles ?<br>Le rapport entre la taille et la performance est une vieille histoire. Le capitalisme doit cro\u00eetre ou mourir selon Karl Marx ! Il y a en effet une tendance \u00e0 la croissance et \u00e0 la concentration. Aujourd\u2019hui, se font concurrence quelques grosses entreprises et autour, beaucoup de petites entreprises, mais qui n\u2019ont que peu de poids sur le march\u00e9. Ce sont toutefois souvent les petites structures qui assument l\u2019innovation.<\/p>\n\n\n\n<p><strong>Rappel des lois \u00e9conomiques du spectacle vivant :<\/strong><\/p>\n\n\n\n<ul><li>La Loi de Baumol : du nom d\u2019un \u00e9conomiste am\u00e9ricain des ann\u00e9es 60. Il a fait une analyse \u00e9conomique de la crise des th\u00e9\u00e2tres de Broadway, sur une demande de la Fondation Rockefeller. Il constate alors qu\u2019on ne r\u00e9alise pas de gain de productivit\u00e9 dans le spectacle, qu\u2019il faut toujours le m\u00eame nombre d\u2019heures de travail pour produire la m\u00eame valeur (contrairement \u00e0 l\u2019industrie). Comme les secteurs qui font des gains de productivit\u00e9 augmentent les r\u00e9mun\u00e9rations des salari\u00e9s, le secteur culturel s\u2019aligne et donc les co\u00fbts augmentent sans cesse.<br>Comment r\u00e9pondre \u00e0 cette probl\u00e9matique ?<br>&#8211; Augmentation du prix des places. Mais induit une moindre accessibilit\u00e9 et un risque de rendre le spectacle vivant \u00e0 une \u00e9lite.<br>&#8211; R\u00e9duire les formats des spectacles (le nombre d\u2019artistes par exemple).<br>&#8211; Obtenir des subventions.<\/li><li>C\u2019est un secteur o\u00f9 les co\u00fbts s\u2019ajustent aux recettes, une augmentation des moyens produit une augmentation des d\u00e9penses. On va ainsi mieux payer les artistes, faire des am\u00e9nagements\u2026<\/li><li>L\u2019augmentation des co\u00fbts est concomitante de la baisse des subventions publiques. Il faut donc d\u00e9velopper ses recettes propres : est-ce que \u00e7a veut dire augmenter sa taille ?<\/li><li>Une partie importante de la valeur produite par les activit\u00e9s artistiques et culturelles d\u00e9borde et s\u2019\u00e9vapore ailleurs (\u00ab valeurs vaporeuses \u00bb), pour produire de la valeur \u00e9conomique, sociale, urbaine\u2026 Mais cette valeur est ensuite tr\u00e8s difficile \u00e0 r\u00e9cup\u00e9rer par les acteurs culturels. Concept d\u2019externalit\u00e9 : c\u2019est un concept que les march\u00e9s n\u2019arrivent pas \u00e0 int\u00e9grer, c\u2019est la valeur que des acteurs \u00e9conomiques produisent pour d\u2019autres, mais qui ne peuvent faire l\u2019objet d\u2019un \u00e9change.<\/li><\/ul>\n\n\n\n<p><strong>Quels arguments en faveur de la croissance ?<\/strong><\/p>\n\n\n\n<ul><li>Faire des \u00e9conomies de dimension (amortissement des co\u00fbts fixes).<\/li><li>Ma\u00eetriser l\u2019ensemble de la cha\u00eene de production, ne plus \u00eatre d\u00e9pendant de ses fournisseurs ou de ses clients (concentration verticale).<\/li><li>Installer un rapport de force entre l\u2019entreprise et ses partenaires : prendre un avantage dans les n\u00e9gociations.<\/li><\/ul>\n\n\n\n<p><strong>De quelle taille parle-t-on ?<\/strong><br>On peut identifier une grande diversit\u00e9 d\u2019indicateurs permettant d\u2019appr\u00e9cier la taille des festivals :<\/p>\n\n\n\n<ul><li>Le budget<\/li><li>Le nombre de sc\u00e8nes<\/li><li>La fr\u00e9quentation<\/li><li>Le nombre de groupes ou repr\u00e9sentations<\/li><li>La dur\u00e9e<\/li><\/ul>\n\n\n\n<p><strong>De quelle performance parle-t-on ?<\/strong><\/p>\n\n\n\n<ul><li>Remplir les jauges,<\/li><li>D\u00e9velopper le chiffre d\u2019affaires, d\u00e9gager des marges financi\u00e8res,<\/li><li>Notori\u00e9t\u00e9 et attractivit\u00e9,<\/li><li>Diversifier la programmation et\/ou ses publics,<\/li><li>\u00catre autonome,<\/li><li>Avoir un impact territorial,<\/li><li>\u2026.<\/li><\/ul>\n\n\n\n<p><strong>Les enjeux de la taille : une histoire de point de vue ?<\/strong><\/p>\n\n\n\n<div class=\"wp-block-columns is-layout-flex wp-container-core-columns-layout-1 wp-block-columns-is-layout-flex\">\n<div class=\"wp-block-column is-layout-flow wp-block-column-is-layout-flow\">\n<p><strong>Du point de vue de l\u2019organisateur :<\/strong><br>\u2022&nbsp;Faire des \u00e9conomies de dimension : amortissement des co\u00fbts fixes (\u00e9conomie d\u2019\u00e9chelle, \u00e9conomie de gamme, duplication des \u00e9ditions comme Les Folles journ\u00e9es ou le Festival photo de la Gacilly).<br>\u2022 La capacit\u00e9 \u00e0 attirer des t\u00eates d\u2019affiche (impact sur le public, les m\u00e9dias, les collectivit\u00e9s).<br>\u2022 Le pouvoir de n\u00e9gociation (vis-\u00e0-vis des producteurs et tourneurs, des fournisseurs, des m\u00e9c\u00e8nes, des collectivit\u00e9s) ; l\u2019enjeu de l\u2019int\u00e9gration verticale.<br>\u2022 Une alternative en r\u00e9seau : coproduction \/ cor\u00e9alisation.<br>\u2022 Au risque :<br>&#8211; D\u2019une moins grande autonomie<br>&#8211; D\u2019une moins grande agilit\u00e9<br>&#8211; D\u2019une moins grande diversit\u00e9<br>&#8211; D\u2019un passage \u00e0 un mod\u00e8le \u00e9ditorial vers un star-system<br>&#8211; D\u2019un effet n\u00e9gatif sur le b\u00e9n\u00e9volat<br>&#8211; D\u2019une contradiction avec les enjeux du d\u00e9veloppement durable<br>&#8211; D\u2019un enjeu de s\u00e9curit\u00e9 accru<\/p>\n<\/div>\n\n\n\n<div class=\"wp-block-column is-layout-flow wp-block-column-is-layout-flow\">\n<p><strong>Du point de vue du public :<\/strong><br>\u2022 Dimension exp\u00e9rientielle du festival augment\u00e9e par le nombre croissant de festivaliers<br>\u2022 La question du prix : les gros festivals sont-ils plus chers que les petits ?<br>\u2022 La question de la diversit\u00e9<\/p>\n\n\n\n<p><strong>Du point de vue des collectivit\u00e9s :<\/strong><br>\u2022 Les effets induits pour le territoire<br>\u2022 La notori\u00e9t\u00e9<br>\u2022 La question du rapport aux habitants<br>\u2022 La question de l\u2019autonomie \/ diversit\u00e9 des politiques publiques<\/p>\n\n\n\n<p><strong>Du point de vue des sponsors et m\u00e9c\u00e8nes :<\/strong><br>\u2022 Large public ou public cible ?<br>\u2022 Enjeu territorial<br>\u2022 La dilution du soutien<\/p>\n<\/div>\n<\/div>\n\n\n\n<p>Ce premier regard de l\u2019\u00e9conomiste invite \u00e0 mener un vrai travail pour croiser les crit\u00e8res de taille avec les crit\u00e8res de performance :<br>\u2022 Taille et structure des co\u00fbts<br>\u2022 Taille et prix<br>\u2022 Taille et diversit\u00e9<br>\u2022 Taille et autonomie<br>\u2022 Taille et inscription territoriale<\/p>\n\n\n\n<div style=\"height:30px\" aria-hidden=\"true\" class=\"wp-block-spacer\"><\/div>\n\n\n\n<h2 class=\"has-neve-link-color-color has-text-color wp-block-heading\">T\u00e9moignage d\u2019Eddy Pierres<\/h2>\n\n\n\n<p>On n\u2019aborde pas beaucoup la question de la taille des festivals dans les r\u00e9seaux, quand on finit par l\u2019envisager, c\u2019est souvent trop tard, c\u2019est ce qui s\u2019est pass\u00e9 en 2019 pour le festival Panoramas : avec une baisse de fr\u00e9quentation mais \u00e9galement une \u00e9volution des publics. Ils sont aujourd\u2019hui tr\u00e8s connect\u00e9s mais se lassent ; \u00e0 25 ans, certains se disent trop vieux pour Panoramas !<br>Nous avons besoin de nous requestionner tous les ans, d\u2019\u00eatre plus attentif aux publics.<br>Il n\u2019y a pas de formule magique. M\u00eame pour les gros festivals, il faut constamment s\u2019adapter et notamment aux \u00e9volutions du public (d\u2019o\u00f9 l\u2019importance de les conna\u00eetre).<br>Comment se r\u00e9approprier le projet ? Comment se r\u00e9interroger r\u00e9guli\u00e8rement pour faire \u00e9voluer le festival ?<br>On observe une r\u00e9gionalisation des festivaliers.<br>On constate \u00e9galement que plus on essaie d\u2019am\u00e9liorer l\u2019accueil des festivaliers et plus on augmente les co\u00fbts.<br>Les fonds propres sont tr\u00e8s limit\u00e9s et peuvent \u00eatre perdus sur une ann\u00e9e.<br>Nous r\u00e9fl\u00e9chissons \u00e0 nous r\u00e9approprier le festival comme un enjeu positif. Avec une diminution du nombre de sc\u00e8nes : en passant de 4 \u00e0 3, avec \u00e9galement une diminution de la jauge.<br><\/p>\n\n\n\n<div style=\"height:30px\" aria-hidden=\"true\" class=\"wp-block-spacer\"><\/div>\n\n\n\n<h2 class=\"has-neve-link-color-color has-text-color wp-block-heading\">Intervention de Damien Malinas et Rapha\u00ebl Roth<\/h2>\n\n\n\n<p>Il y a un lien important entre les habitants et leur festival : \u00e0 Avignon par exemple, ce sont les avignonnais qui se rendent le plus au festival, mais \u00e0 l\u2019ann\u00e9e, ce n\u2019est pas le cas dans les \u00e9quipements. Ce que l\u2019on se dit concerne tous les festivals, la forme festival. Sur les Transmusicales ou les Vieilles Charrues, on vieillit avec le festival et on le suit.<br>La grande jauge n\u2019est pas \u00e0 la mode en ce moment. \u00ab Small is beautiful \u00bb, on recherche une \u00e9chelle humaine, de la convivialit\u00e9. A un moment, les grandes jauges et les grandes salles \u00e7a a permis la d\u00e9mocratisation. Il y a eu une ouverture par la taille. Maintenant, cela n\u2019a pas forc\u00e9ment une bonne image.<br>Il y a une question qui rel\u00e8ve de la taille et du \u00ab trop \u00bb. C\u2019est la question de l\u2019hospitalit\u00e9 : comment le territoire reste hospitalier, avec un r\u00e9el plaisir d\u2019accueillir les festivaliers ?<\/p>\n\n\n\n<p>Eddy Pierres : En effet, aujourd\u2019hui, m\u00eame quand on est un gros festival, on essaye de penser l\u2019accueil comme une exp\u00e9rience, on va par exemple compartimenter et cr\u00e9er des espaces et des exp\u00e9riences festivali\u00e8res diff\u00e9rentes.<\/p>\n\n\n\n<div style=\"height:30px\" aria-hidden=\"true\" class=\"wp-block-spacer\"><\/div>\n\n\n\n<h2 class=\"has-neve-link-color-color has-text-color wp-block-heading\">T\u00e9moignage de Beno\u00eet Careil<\/h2>\n\n\n\n<p>A Rennes, il y a peu de gros festivals, mais plut\u00f4t des moyens. Les Trans sont une exception, apparues quand c\u2019\u00e9tait le d\u00e9sert culturel \u00e0 Rennes. Aujourd\u2019hui il n\u2019y a plus beaucoup de place pour les nouveaux !<br>Il n\u2019y a pas de grand lieu de spectacle \u00e0 Rennes, et c\u2019est une volont\u00e9 des \u00e9lus et des acteurs.<br>Quand on accompagne de jeunes organisateurs, on leur conseille de progresser raisonnablement. Le d\u00e9veloppement des festivals ne se fait pas tant sur la jauge que sur la dur\u00e9e et la multiplication des lieux, des partenariats, des coop\u00e9rations et c\u2019est int\u00e9ressant pour la population en termes de proximit\u00e9, ou pour croiser les publics.<\/p>\n\n\n\n<div style=\"height:30px\" aria-hidden=\"true\" class=\"wp-block-spacer\"><\/div>\n\n\n\n<h2 class=\"has-neve-link-color-color has-text-color wp-block-heading\">T\u00e9moignage de Pablo Belime et Sam Bihan (dans la salle), deux \u00e9tudiants de l\u2019universit\u00e9 d\u2019Avignon, et organisateur du festival ATOM <\/h2>\n\n\n\n<p>Chaque \u00e9t\u00e9 sur trois jours et depuis deux ans, ATOM Festival propose une programmation pluridisciplinaire au coeur des vall\u00e9es de l\u2019Aude. Pens\u00e9 comme un laboratoire multisensoriel, le festival se d\u00e9finit comme une d\u00e9ambulation joviale dans les sph\u00e8res artistiques, avec pour volont\u00e9 d\u2019\u00e9veiller la curiosit\u00e9 des festivaliers. Les r\u00e9sultats de l\u2019enqu\u00eate men\u00e9e sur les 615 participants de l\u2019\u00e9dition 2019 montrent un public jeune, dipl\u00f4m\u00e9, majoritairement initi\u00e9 aux diff\u00e9rentes esth\u00e9tiques culturelles et pratiquant des activit\u00e9s artistiques. Une part importante des t\u00e9moignages recueillis associent la r\u00e9ussite de l\u2019\u00e9v\u00e9nement \u00e0 sa \u201ctaille humaine\u201d et l\u2019ambiance singuli\u00e8re qui en r\u00e9sulte. Une caract\u00e9ristique de la r\u00e9ception de l\u2019exp\u00e9rience festivali\u00e8re au service d\u2019une mue de la relation entre festivaliers et arts.<br>Il ne manque pas de festivals, mais nous avions envie de cr\u00e9er quelque chose \u00e0 notre image et selon notre envie de faire la f\u00eate.<\/p>\n\n\n\n<p>Eddy Pierres : La taille du festival c\u2019est aussi la taille de la structure qui l\u2019organise. Nous avons d\u00e9velopp\u00e9 des activit\u00e9s \u00e0 l\u2019ann\u00e9e pour accueillir une premi\u00e8re \u00e9quipe professionnelle au sein de l\u2019association<\/p>\n\n\n\n<div style=\"height:40px\" aria-hidden=\"true\" class=\"wp-block-spacer\"><\/div>\n\n\n\n<h2 class=\"has-neve-link-color-color has-text-color wp-block-heading\">Quelques ressources \u00e0 relire <\/h2>\n\n\n\n<p>La course \u00e0 la taille dans le secteur associatif des musiques actuelles, De la crise de sens \u00e0 la proposition alternative d\u2019une plateforme collaborative. Par G\u00e9r\u00f4me Guibert et Philippe Eynaud. Dossier \u2013 La course \u00e0 la taille, dans la revue RECMA \u2013 revue internationale de l\u2019\u00e9conomie sociale, n\u00b0326, octobre 2012.<\/p>\n\n\n\n<p>Comment les mini-festivals d&rsquo;\u00e9t\u00e9 ont impos\u00e9 leurs diff\u00e9rences dans toute la France. Par Morane Aubert, Ana Benabs, Article Les Inrockuptibles, juillet 2016<br><a href=\"https:\/\/www.lesinrocks.com\/musique\/comment-les-mini-festivals-dete-ont-impose-leurs-differences-dans-toute-la-france-66655-06-07-2016\/\" target=\"_blank\" aria-label=\"undefined (s\u2019ouvre dans un nouvel onglet)\" rel=\"noreferrer noopener\">https:\/\/www.lesinrocks.com\/musique\/comment-les-mini-festivals-dete-ont-impose-leurs-differences-dans-toute-la-france-66655-06-07-2016\/<\/a><\/p>\n\n\n\n<p>Les festivals de taille interm\u00e9diaire inquiets. Par Martine Robert, Article Les Echos, juin 2019<br><a href=\"https:\/\/www.lesechos.fr\/industrie-services\/services-conseils\/les-festivals-de-taille-intermediaire-inquiets-1031244\" target=\"_blank\" label=\"undefined (s\u2019ouvre dans un nouvel onglet)\" rel=\"noreferrer noopener\" class=\"broken_link\">https:\/\/www.lesechos.fr\/industrie-services\/services-conseils\/les-festivals-de-taille-intermediaire-inquiets-1031244<\/a><\/p>\n\n\n\n<div style=\"height:100px\" aria-hidden=\"true\" class=\"wp-block-spacer\"><\/div>\n","protected":false},"excerpt":{"rendered":"<p>Table ronde organis\u00e9e par le Collectif des festivals dans le cadre des Rencontres Trans Musicales 2019, en partenariat avec le festival Panoramas. Mod\u00e9ration : Odile De Plas, T\u00e9l\u00e9rama Dominique Sagot-Duvauroux, \u00e9conomisteProfesseur \u00e0 l\u2019universit\u00e9 d\u2019Angers, membre du Groupe de Recherche Angevin en Economie et en Management (EA n\u00b0 7456 GRANEM) dont il a \u00e9t\u00e9 le directeur&hellip;&nbsp;<a href=\"https:\/\/www.lecollectifdesfestivals.org\/collectif\/2022\/01\/cr-less-is-more-lart-de-concilier-son-projet-culturel-et-la-taille-de-son-festival\/\" class=\"\" rel=\"bookmark\">Lire la suite &raquo;<span class=\"screen-reader-text\">[CR] Less is more ? L&rsquo;art de concilier son projet culturel et la taille de son festival<\/span><\/a><\/p>\n","protected":false},"author":1,"featured_media":0,"comment_status":"open","ping_status":"open","sticky":false,"template":"","format":"standard","meta":{"neve_meta_sidebar":"","neve_meta_container":"","neve_meta_enable_content_width":"","neve_meta_content_width":0,"neve_meta_title_alignment":"","neve_meta_author_avatar":"","neve_post_elements_order":"","neve_meta_disable_header":"","neve_meta_disable_footer":"","neve_meta_disable_title":"","footnotes":""},"categories":[177,182],"tags":[501],"yoast_head":"<!-- This site is optimized with the Yoast SEO plugin v22.4 - https:\/\/yoast.com\/wordpress\/plugins\/seo\/ -->\n<title>[CR] Less is more ? L&#039;art de concilier son projet culturel et la taille de son festival &#8226; Le Collectif des festivals<\/title>\n<meta name=\"description\" content=\"Le Collectif des festivals accompagne les organisateurs de festivals de Bretagne dans leurs d\u00e9marches de d\u00e9veloppement durable et solidaire.\" \/>\n<meta name=\"robots\" content=\"index, follow, max-snippet:-1, max-image-preview:large, max-video-preview:-1\" \/>\n<link rel=\"canonical\" href=\"https:\/\/www.lecollectifdesfestivals.org\/collectif\/2022\/01\/cr-less-is-more-lart-de-concilier-son-projet-culturel-et-la-taille-de-son-festival\/\" \/>\n<meta property=\"og:locale\" content=\"fr_FR\" \/>\n<meta property=\"og:type\" content=\"article\" \/>\n<meta property=\"og:title\" content=\"[CR] Less is more ? L&#039;art de concilier son projet culturel et la taille de son festival &#8226; Le Collectif des festivals\" \/>\n<meta property=\"og:description\" content=\"Le Collectif des festivals accompagne les organisateurs de festivals de Bretagne dans leurs d\u00e9marches de d\u00e9veloppement durable et solidaire.\" \/>\n<meta property=\"og:url\" content=\"https:\/\/www.lecollectifdesfestivals.org\/collectif\/2022\/01\/cr-less-is-more-lart-de-concilier-son-projet-culturel-et-la-taille-de-son-festival\/\" \/>\n<meta property=\"og:site_name\" content=\"Le Collectif des festivals\" \/>\n<meta property=\"article:publisher\" content=\"https:\/\/www.facebook.com\/LeCollectifDesFestivals\/\" \/>\n<meta property=\"article:published_time\" content=\"2022-01-07T08:50:05+00:00\" \/>\n<meta property=\"article:modified_time\" content=\"2024-11-29T16:26:17+00:00\" \/>\n<meta name=\"author\" content=\"Le Collectif\" \/>\n<meta name=\"twitter:card\" content=\"summary_large_image\" \/>\n<meta name=\"twitter:creator\" content=\"@CollFestivals\" \/>\n<meta name=\"twitter:site\" content=\"@CollFestivals\" \/>\n<meta name=\"twitter:label1\" content=\"\u00c9crit par\" \/>\n\t<meta name=\"twitter:data1\" content=\"Le Collectif\" \/>\n\t<meta name=\"twitter:label2\" content=\"Dur\u00e9e de lecture estim\u00e9e\" \/>\n\t<meta name=\"twitter:data2\" content=\"11 minutes\" \/>\n<script type=\"application\/ld+json\" class=\"yoast-schema-graph\">{\"@context\":\"https:\/\/schema.org\",\"@graph\":[{\"@type\":\"WebPage\",\"@id\":\"https:\/\/www.lecollectifdesfestivals.org\/collectif\/2022\/01\/cr-less-is-more-lart-de-concilier-son-projet-culturel-et-la-taille-de-son-festival\/\",\"url\":\"https:\/\/www.lecollectifdesfestivals.org\/collectif\/2022\/01\/cr-less-is-more-lart-de-concilier-son-projet-culturel-et-la-taille-de-son-festival\/\",\"name\":\"[CR] Less is more ? L'art de concilier son projet culturel et la taille de son festival &#8226; Le Collectif des festivals\",\"isPartOf\":{\"@id\":\"https:\/\/www.lecollectifdesfestivals.org\/collectif\/#website\"},\"datePublished\":\"2022-01-07T08:50:05+00:00\",\"dateModified\":\"2024-11-29T16:26:17+00:00\",\"author\":{\"@id\":\"https:\/\/www.lecollectifdesfestivals.org\/collectif\/#\/schema\/person\/86601dd4ec4be86cc3e9fc0f7a6de31c\"},\"description\":\"Le Collectif des festivals accompagne les organisateurs de festivals de Bretagne dans leurs d\u00e9marches de d\u00e9veloppement durable et solidaire.\",\"breadcrumb\":{\"@id\":\"https:\/\/www.lecollectifdesfestivals.org\/collectif\/2022\/01\/cr-less-is-more-lart-de-concilier-son-projet-culturel-et-la-taille-de-son-festival\/#breadcrumb\"},\"inLanguage\":\"fr-FR\",\"potentialAction\":[{\"@type\":\"ReadAction\",\"target\":[\"https:\/\/www.lecollectifdesfestivals.org\/collectif\/2022\/01\/cr-less-is-more-lart-de-concilier-son-projet-culturel-et-la-taille-de-son-festival\/\"]}]},{\"@type\":\"BreadcrumbList\",\"@id\":\"https:\/\/www.lecollectifdesfestivals.org\/collectif\/2022\/01\/cr-less-is-more-lart-de-concilier-son-projet-culturel-et-la-taille-de-son-festival\/#breadcrumb\",\"itemListElement\":[{\"@type\":\"ListItem\",\"position\":1,\"name\":\"Accueil\",\"item\":\"https:\/\/www.lecollectifdesfestivals.org\/collectif\/\"},{\"@type\":\"ListItem\",\"position\":2,\"name\":\"[CR] Less is more ? L&rsquo;art de concilier son projet culturel et la taille de son festival\"}]},{\"@type\":\"WebSite\",\"@id\":\"https:\/\/www.lecollectifdesfestivals.org\/collectif\/#website\",\"url\":\"https:\/\/www.lecollectifdesfestivals.org\/collectif\/\",\"name\":\"Le Collectif des festivals\",\"description\":\"Depuis 2005,  le Collectif des festivals accompagne les transitions sociale et \u00e9cologique de la culture\",\"potentialAction\":[{\"@type\":\"SearchAction\",\"target\":{\"@type\":\"EntryPoint\",\"urlTemplate\":\"https:\/\/www.lecollectifdesfestivals.org\/collectif\/?s={search_term_string}\"},\"query-input\":\"required name=search_term_string\"}],\"inLanguage\":\"fr-FR\"},{\"@type\":\"Person\",\"@id\":\"https:\/\/www.lecollectifdesfestivals.org\/collectif\/#\/schema\/person\/86601dd4ec4be86cc3e9fc0f7a6de31c\",\"name\":\"Le Collectif\",\"image\":{\"@type\":\"ImageObject\",\"inLanguage\":\"fr-FR\",\"@id\":\"https:\/\/www.lecollectifdesfestivals.org\/collectif\/#\/schema\/person\/image\/\",\"url\":\"https:\/\/secure.gravatar.com\/avatar\/1c1ef9ae3cde320fe2ff622731a2244b?s=96&d=mm&r=g\",\"contentUrl\":\"https:\/\/secure.gravatar.com\/avatar\/1c1ef9ae3cde320fe2ff622731a2244b?s=96&d=mm&r=g\",\"caption\":\"Le Collectif\"}}]}<\/script>\n<!-- \/ Yoast SEO plugin. -->","yoast_head_json":{"title":"[CR] Less is more ? L'art de concilier son projet culturel et la taille de son festival &#8226; Le Collectif des festivals","description":"Le Collectif des festivals accompagne les organisateurs de festivals de Bretagne dans leurs d\u00e9marches de d\u00e9veloppement durable et solidaire.","robots":{"index":"index","follow":"follow","max-snippet":"max-snippet:-1","max-image-preview":"max-image-preview:large","max-video-preview":"max-video-preview:-1"},"canonical":"https:\/\/www.lecollectifdesfestivals.org\/collectif\/2022\/01\/cr-less-is-more-lart-de-concilier-son-projet-culturel-et-la-taille-de-son-festival\/","og_locale":"fr_FR","og_type":"article","og_title":"[CR] Less is more ? L'art de concilier son projet culturel et la taille de son festival &#8226; Le Collectif des festivals","og_description":"Le Collectif des festivals accompagne les organisateurs de festivals de Bretagne dans leurs d\u00e9marches de d\u00e9veloppement durable et solidaire.","og_url":"https:\/\/www.lecollectifdesfestivals.org\/collectif\/2022\/01\/cr-less-is-more-lart-de-concilier-son-projet-culturel-et-la-taille-de-son-festival\/","og_site_name":"Le Collectif des festivals","article_publisher":"https:\/\/www.facebook.com\/LeCollectifDesFestivals\/","article_published_time":"2022-01-07T08:50:05+00:00","article_modified_time":"2024-11-29T16:26:17+00:00","author":"Le Collectif","twitter_card":"summary_large_image","twitter_creator":"@CollFestivals","twitter_site":"@CollFestivals","twitter_misc":{"\u00c9crit par":"Le Collectif","Dur\u00e9e de lecture estim\u00e9e":"11 minutes"},"schema":{"@context":"https:\/\/schema.org","@graph":[{"@type":"WebPage","@id":"https:\/\/www.lecollectifdesfestivals.org\/collectif\/2022\/01\/cr-less-is-more-lart-de-concilier-son-projet-culturel-et-la-taille-de-son-festival\/","url":"https:\/\/www.lecollectifdesfestivals.org\/collectif\/2022\/01\/cr-less-is-more-lart-de-concilier-son-projet-culturel-et-la-taille-de-son-festival\/","name":"[CR] Less is more ? L'art de concilier son projet culturel et la taille de son festival &#8226; Le Collectif des festivals","isPartOf":{"@id":"https:\/\/www.lecollectifdesfestivals.org\/collectif\/#website"},"datePublished":"2022-01-07T08:50:05+00:00","dateModified":"2024-11-29T16:26:17+00:00","author":{"@id":"https:\/\/www.lecollectifdesfestivals.org\/collectif\/#\/schema\/person\/86601dd4ec4be86cc3e9fc0f7a6de31c"},"description":"Le Collectif des festivals accompagne les organisateurs de festivals de Bretagne dans leurs d\u00e9marches de d\u00e9veloppement durable et solidaire.","breadcrumb":{"@id":"https:\/\/www.lecollectifdesfestivals.org\/collectif\/2022\/01\/cr-less-is-more-lart-de-concilier-son-projet-culturel-et-la-taille-de-son-festival\/#breadcrumb"},"inLanguage":"fr-FR","potentialAction":[{"@type":"ReadAction","target":["https:\/\/www.lecollectifdesfestivals.org\/collectif\/2022\/01\/cr-less-is-more-lart-de-concilier-son-projet-culturel-et-la-taille-de-son-festival\/"]}]},{"@type":"BreadcrumbList","@id":"https:\/\/www.lecollectifdesfestivals.org\/collectif\/2022\/01\/cr-less-is-more-lart-de-concilier-son-projet-culturel-et-la-taille-de-son-festival\/#breadcrumb","itemListElement":[{"@type":"ListItem","position":1,"name":"Accueil","item":"https:\/\/www.lecollectifdesfestivals.org\/collectif\/"},{"@type":"ListItem","position":2,"name":"[CR] Less is more ? L&rsquo;art de concilier son projet culturel et la taille de son festival"}]},{"@type":"WebSite","@id":"https:\/\/www.lecollectifdesfestivals.org\/collectif\/#website","url":"https:\/\/www.lecollectifdesfestivals.org\/collectif\/","name":"Le Collectif des festivals","description":"Depuis 2005,  le Collectif des festivals accompagne les transitions sociale et \u00e9cologique de la culture","potentialAction":[{"@type":"SearchAction","target":{"@type":"EntryPoint","urlTemplate":"https:\/\/www.lecollectifdesfestivals.org\/collectif\/?s={search_term_string}"},"query-input":"required name=search_term_string"}],"inLanguage":"fr-FR"},{"@type":"Person","@id":"https:\/\/www.lecollectifdesfestivals.org\/collectif\/#\/schema\/person\/86601dd4ec4be86cc3e9fc0f7a6de31c","name":"Le Collectif","image":{"@type":"ImageObject","inLanguage":"fr-FR","@id":"https:\/\/www.lecollectifdesfestivals.org\/collectif\/#\/schema\/person\/image\/","url":"https:\/\/secure.gravatar.com\/avatar\/1c1ef9ae3cde320fe2ff622731a2244b?s=96&d=mm&r=g","contentUrl":"https:\/\/secure.gravatar.com\/avatar\/1c1ef9ae3cde320fe2ff622731a2244b?s=96&d=mm&r=g","caption":"Le Collectif"}}]}},"_links":{"self":[{"href":"https:\/\/www.lecollectifdesfestivals.org\/collectif\/wp-json\/wp\/v2\/posts\/16669"}],"collection":[{"href":"https:\/\/www.lecollectifdesfestivals.org\/collectif\/wp-json\/wp\/v2\/posts"}],"about":[{"href":"https:\/\/www.lecollectifdesfestivals.org\/collectif\/wp-json\/wp\/v2\/types\/post"}],"author":[{"embeddable":true,"href":"https:\/\/www.lecollectifdesfestivals.org\/collectif\/wp-json\/wp\/v2\/users\/1"}],"replies":[{"embeddable":true,"href":"https:\/\/www.lecollectifdesfestivals.org\/collectif\/wp-json\/wp\/v2\/comments?post=16669"}],"version-history":[{"count":2,"href":"https:\/\/www.lecollectifdesfestivals.org\/collectif\/wp-json\/wp\/v2\/posts\/16669\/revisions"}],"predecessor-version":[{"id":16679,"href":"https:\/\/www.lecollectifdesfestivals.org\/collectif\/wp-json\/wp\/v2\/posts\/16669\/revisions\/16679"}],"wp:attachment":[{"href":"https:\/\/www.lecollectifdesfestivals.org\/collectif\/wp-json\/wp\/v2\/media?parent=16669"}],"wp:term":[{"taxonomy":"category","embeddable":true,"href":"https:\/\/www.lecollectifdesfestivals.org\/collectif\/wp-json\/wp\/v2\/categories?post=16669"},{"taxonomy":"post_tag","embeddable":true,"href":"https:\/\/www.lecollectifdesfestivals.org\/collectif\/wp-json\/wp\/v2\/tags?post=16669"}],"curies":[{"name":"wp","href":"https:\/\/api.w.org\/{rel}","templated":true}]}}