{"id":16874,"date":"2022-02-11T10:30:00","date_gmt":"2022-02-11T09:30:00","guid":{"rendered":"https:\/\/www.lecollectifdesfestivals.org\/collectif\/?p=16874"},"modified":"2024-11-29T17:18:43","modified_gmt":"2024-11-29T16:18:43","slug":"sors-tes-couverts","status":"publish","type":"post","link":"https:\/\/www.lecollectifdesfestivals.org\/collectif\/2022\/02\/sors-tes-couverts\/","title":{"rendered":"Sors tes couverts ! Un kit de logos communs pour des \u00e9v\u00e8nements z\u00e9ro d\u00e9chet"},"content":{"rendered":"\n<p><strong>Le <a href=\"https:\/\/www.lecollectifdesfestivals.org\/collectif\/lassociation\/nos-partenaires\/amis\/\">collectif R2D2 <\/a>qui accompagne les festivals et \u00e9v\u00e8nements dans leurs d\u00e9marches de d\u00e9veloppement durable lance un logo \u00ab&nbsp;Sors tes couverts&nbsp;\u00bb pour encourager les publics \u00e0 apporter leur vaisselle sur les \u00e9v\u00e8nements et ainsi tendre encore plus vers le z\u00e9ro d\u00e9chet.<\/strong><\/p>\n\n\n\n<p>Apr\u00e8s le dispositif <a href=\"https:\/\/www.drastic-on-plastic.fr\/\"><em>Drastic on Plastic<\/em><\/a>, lanc\u00e9 en 2020 pour accompagner les festivals vers le z\u00e9ro plastique \u00e0 usage unique, le collectif R2D2 a imagin\u00e9 un nouvel outil au service des \u00e9v\u00e8nements qui souhaitent r\u00e9duire leurs d\u00e9chets&nbsp;: un logo commun \u00ab&nbsp;Sors tes couverts&nbsp;\u00bb, \u00e0 disposition de tous les \u00e9v\u00e8nements fran\u00e7ais (ou francophones&nbsp;!).<\/p>\n\n\n\n<p>Accompagn\u00e9 par l\u2019association <a href=\"https:\/\/www.zerowastefrance.org\/\">Zero Waste France<\/a>, pionni\u00e8re de ce type de dispositif avec \u00ab&nbsp;Mon commer\u00e7ant z\u00e9ro d\u00e9chet&nbsp;\u00bb, R2D2 a travaill\u00e9 \u00e0 la cr\u00e9ation d\u2019un logo, ou plut\u00f4t un jeu de 11 logos, qui sont \u00e0 disposition de tous les acteurs de l\u2019\u00e9v\u00e8nementiel, pour inciter les participant\u00b7es d\u2019un \u00e9v\u00e8nement \u00e0 apporter leur gobelet, ou leur gourde, ou leurs couverts, ou les 3 !<\/p>\n\n\n\n<div class=\"wp-block-columns is-layout-flex wp-container-core-columns-is-layout-9d6595d7 wp-block-columns-is-layout-flex\">\n<div class=\"wp-block-column is-layout-flow wp-block-column-is-layout-flow\">\n<figure class=\"wp-block-image size-large\"><a href=\"https:\/\/www.lecollectifdesfestivals.org\/collectif\/wp-content\/uploads\/2022\/02\/SortTesCouverts10.png\"><img loading=\"lazy\" decoding=\"async\" width=\"1024\" height=\"1024\" src=\"https:\/\/www.lecollectifdesfestivals.org\/collectif\/wp-content\/uploads\/2022\/02\/SortTesCouverts10-1024x1024.png\" alt=\"\" class=\"wp-image-16882\" srcset=\"https:\/\/www.lecollectifdesfestivals.org\/collectif\/wp-content\/uploads\/2022\/02\/SortTesCouverts10-1024x1024.png 1024w, https:\/\/www.lecollectifdesfestivals.org\/collectif\/wp-content\/uploads\/2022\/02\/SortTesCouverts10-300x300.png 300w, https:\/\/www.lecollectifdesfestivals.org\/collectif\/wp-content\/uploads\/2022\/02\/SortTesCouverts10-150x150.png 150w, https:\/\/www.lecollectifdesfestivals.org\/collectif\/wp-content\/uploads\/2022\/02\/SortTesCouverts10-768x768.png 768w, https:\/\/www.lecollectifdesfestivals.org\/collectif\/wp-content\/uploads\/2022\/02\/SortTesCouverts10-120x120.png 120w, https:\/\/www.lecollectifdesfestivals.org\/collectif\/wp-content\/uploads\/2022\/02\/SortTesCouverts10.png 1181w\" sizes=\"auto, (max-width: 1024px) 100vw, 1024px\" \/><\/a><\/figure>\n<\/div>\n\n\n\n<div class=\"wp-block-column is-layout-flow wp-block-column-is-layout-flow\">\n<figure class=\"wp-block-image size-large\"><a href=\"https:\/\/www.lecollectifdesfestivals.org\/collectif\/wp-content\/uploads\/2022\/02\/SortTesCouverts8.png\"><img loading=\"lazy\" decoding=\"async\" width=\"1024\" height=\"1024\" src=\"https:\/\/www.lecollectifdesfestivals.org\/collectif\/wp-content\/uploads\/2022\/02\/SortTesCouverts8-1024x1024.png\" alt=\"\" class=\"wp-image-16881\" srcset=\"https:\/\/www.lecollectifdesfestivals.org\/collectif\/wp-content\/uploads\/2022\/02\/SortTesCouverts8-1024x1024.png 1024w, https:\/\/www.lecollectifdesfestivals.org\/collectif\/wp-content\/uploads\/2022\/02\/SortTesCouverts8-300x300.png 300w, https:\/\/www.lecollectifdesfestivals.org\/collectif\/wp-content\/uploads\/2022\/02\/SortTesCouverts8-150x150.png 150w, https:\/\/www.lecollectifdesfestivals.org\/collectif\/wp-content\/uploads\/2022\/02\/SortTesCouverts8-768x768.png 768w, https:\/\/www.lecollectifdesfestivals.org\/collectif\/wp-content\/uploads\/2022\/02\/SortTesCouverts8-120x120.png 120w, https:\/\/www.lecollectifdesfestivals.org\/collectif\/wp-content\/uploads\/2022\/02\/SortTesCouverts8.png 1181w\" sizes=\"auto, (max-width: 1024px) 100vw, 1024px\" \/><\/a><\/figure>\n<\/div>\n\n\n\n<div class=\"wp-block-column is-layout-flow wp-block-column-is-layout-flow\">\n<figure class=\"wp-block-image size-large\"><a href=\"https:\/\/www.lecollectifdesfestivals.org\/collectif\/wp-content\/uploads\/2022\/02\/SortTesCouverts11.png\"><img loading=\"lazy\" decoding=\"async\" width=\"1024\" height=\"1024\" src=\"https:\/\/www.lecollectifdesfestivals.org\/collectif\/wp-content\/uploads\/2022\/02\/SortTesCouverts11-1024x1024.png\" alt=\"\" class=\"wp-image-16878\" srcset=\"https:\/\/www.lecollectifdesfestivals.org\/collectif\/wp-content\/uploads\/2022\/02\/SortTesCouverts11-1024x1024.png 1024w, https:\/\/www.lecollectifdesfestivals.org\/collectif\/wp-content\/uploads\/2022\/02\/SortTesCouverts11-300x300.png 300w, https:\/\/www.lecollectifdesfestivals.org\/collectif\/wp-content\/uploads\/2022\/02\/SortTesCouverts11-150x150.png 150w, https:\/\/www.lecollectifdesfestivals.org\/collectif\/wp-content\/uploads\/2022\/02\/SortTesCouverts11-768x768.png 768w, https:\/\/www.lecollectifdesfestivals.org\/collectif\/wp-content\/uploads\/2022\/02\/SortTesCouverts11-120x120.png 120w, https:\/\/www.lecollectifdesfestivals.org\/collectif\/wp-content\/uploads\/2022\/02\/SortTesCouverts11.png 1181w\" sizes=\"auto, (max-width: 1024px) 100vw, 1024px\" \/><\/a><\/figure>\n<\/div>\n\n\n\n<div class=\"wp-block-column is-layout-flow wp-block-column-is-layout-flow\">\n<figure class=\"wp-block-image size-large\"><a href=\"https:\/\/www.lecollectifdesfestivals.org\/collectif\/wp-content\/uploads\/2022\/02\/SortTesCouverts3.png\"><img loading=\"lazy\" decoding=\"async\" width=\"1024\" height=\"1024\" src=\"https:\/\/www.lecollectifdesfestivals.org\/collectif\/wp-content\/uploads\/2022\/02\/SortTesCouverts3-1024x1024.png\" alt=\"\" class=\"wp-image-16877\" srcset=\"https:\/\/www.lecollectifdesfestivals.org\/collectif\/wp-content\/uploads\/2022\/02\/SortTesCouverts3-1024x1024.png 1024w, https:\/\/www.lecollectifdesfestivals.org\/collectif\/wp-content\/uploads\/2022\/02\/SortTesCouverts3-300x300.png 300w, https:\/\/www.lecollectifdesfestivals.org\/collectif\/wp-content\/uploads\/2022\/02\/SortTesCouverts3-150x150.png 150w, https:\/\/www.lecollectifdesfestivals.org\/collectif\/wp-content\/uploads\/2022\/02\/SortTesCouverts3-768x768.png 768w, https:\/\/www.lecollectifdesfestivals.org\/collectif\/wp-content\/uploads\/2022\/02\/SortTesCouverts3-120x120.png 120w, https:\/\/www.lecollectifdesfestivals.org\/collectif\/wp-content\/uploads\/2022\/02\/SortTesCouverts3.png 1181w\" sizes=\"auto, (max-width: 1024px) 100vw, 1024px\" \/><\/a><\/figure>\n<\/div>\n\n\n\n<div class=\"wp-block-column is-layout-flow wp-block-column-is-layout-flow\">\n<figure class=\"wp-block-image size-large\"><a href=\"https:\/\/www.lecollectifdesfestivals.org\/collectif\/wp-content\/uploads\/2022\/02\/SortTesCouverts4.png\"><img loading=\"lazy\" decoding=\"async\" width=\"1024\" height=\"1024\" src=\"https:\/\/www.lecollectifdesfestivals.org\/collectif\/wp-content\/uploads\/2022\/02\/SortTesCouverts4-1024x1024.png\" alt=\"\" class=\"wp-image-16875\" srcset=\"https:\/\/www.lecollectifdesfestivals.org\/collectif\/wp-content\/uploads\/2022\/02\/SortTesCouverts4-1024x1024.png 1024w, https:\/\/www.lecollectifdesfestivals.org\/collectif\/wp-content\/uploads\/2022\/02\/SortTesCouverts4-300x300.png 300w, https:\/\/www.lecollectifdesfestivals.org\/collectif\/wp-content\/uploads\/2022\/02\/SortTesCouverts4-150x150.png 150w, https:\/\/www.lecollectifdesfestivals.org\/collectif\/wp-content\/uploads\/2022\/02\/SortTesCouverts4-768x768.png 768w, https:\/\/www.lecollectifdesfestivals.org\/collectif\/wp-content\/uploads\/2022\/02\/SortTesCouverts4-120x120.png 120w, https:\/\/www.lecollectifdesfestivals.org\/collectif\/wp-content\/uploads\/2022\/02\/SortTesCouverts4.png 1181w\" sizes=\"auto, (max-width: 1024px) 100vw, 1024px\" \/><\/a><\/figure>\n<\/div>\n<\/div>\n\n\n\n<p>Ce jeu de logos se veut adapt\u00e9 \u00e0 tout type d\u2019\u00e9v\u00e8nements et surtout commun sur tout le territoire national, pour cr\u00e9er \u00e0 la fois des r\u00e9flexes individuels et un mouvement collectif d\u2019envergure.<\/p>\n\n\n\n<p>Pour t\u00e9l\u00e9charger le kit de logos, r\u00e9pondez simplement \u00e0 quelques questions !<\/p>\n\n\n\n<div class=\"wp-block-buttons is-layout-flex wp-block-buttons-is-layout-flex\">\n<div class=\"wp-block-button\"><a class=\"wp-block-button__link has-neve-link-hover-color-background-color has-background wp-element-button\" href=\"https:\/\/docs.google.com\/forms\/d\/e\/1FAIpQLSfrKEJ40A9diyg3ZqrBMebugwBwyHyGy8M7S8S6TYedQVQYZw\/viewform\" target=\"_blank\" rel=\"noreferrer noopener\">Je t\u00e9l\u00e9charge le kit<\/a><\/div>\n<\/div>\n\n\n\n<div style=\"height:100px\" aria-hidden=\"true\" class=\"wp-block-spacer\"><\/div>\n","protected":false},"excerpt":{"rendered":"<p>Le collectif R2D2 qui accompagne les festivals et \u00e9v\u00e8nements dans leurs d\u00e9marches de d\u00e9veloppement durable lance un logo \u00ab&nbsp;Sors tes couverts&nbsp;\u00bb pour encourager les publics \u00e0 apporter leur vaisselle sur les \u00e9v\u00e8nements et ainsi tendre encore plus vers le z\u00e9ro d\u00e9chet. Apr\u00e8s le dispositif Drastic on Plastic, lanc\u00e9 en 2020 pour accompagner les festivals vers&hellip;&nbsp;<a href=\"https:\/\/www.lecollectifdesfestivals.org\/collectif\/2022\/02\/sors-tes-couverts\/\" rel=\"bookmark\">Lire la suite &raquo;<span class=\"screen-reader-text\">Sors tes couverts ! Un kit de logos communs pour des \u00e9v\u00e8nements z\u00e9ro d\u00e9chet<\/span><\/a><\/p>\n","protected":false},"author":1,"featured_media":16875,"comment_status":"open","ping_status":"open","sticky":false,"template":"","format":"standard","meta":{"neve_meta_sidebar":"","neve_meta_container":"","neve_meta_enable_content_width":"","neve_meta_content_width":0,"neve_meta_title_alignment":"","neve_meta_author_avatar":"","neve_post_elements_order":"","neve_meta_disable_header":"","neve_meta_disable_footer":"","neve_meta_disable_title":"","footnotes":""},"categories":[26,27,281],"tags":[55,73,503],"class_list":["post-16874","post","type-post","status-publish","format-standard","has-post-thumbnail","hentry","category-alimentation","category-dechets","category-diy","tag-dechets-2","tag-gobelets","tag-vaisselle"],"yoast_head":"<!-- This site is optimized with the Yoast SEO plugin v27.4 - https:\/\/yoast.com\/product\/yoast-seo-wordpress\/ -->\n<title>Sors tes couverts ! Un kit de logos communs pour des \u00e9v\u00e8nements z\u00e9ro d\u00e9chet &#8226; Le Collectif des festivals<\/title>\n<meta name=\"description\" content=\"Le Collectif des festivals accompagne les organisateurs de festivals de Bretagne dans leurs d\u00e9marches de d\u00e9veloppement durable et solidaire.\" \/>\n<meta name=\"robots\" content=\"index, follow, max-snippet:-1, max-image-preview:large, max-video-preview:-1\" \/>\n<link rel=\"canonical\" href=\"https:\/\/www.lecollectifdesfestivals.org\/collectif\/2022\/02\/sors-tes-couverts\/\" \/>\n<meta property=\"og:locale\" content=\"fr_FR\" \/>\n<meta property=\"og:type\" content=\"article\" \/>\n<meta property=\"og:title\" content=\"Sors tes couverts ! Un kit de logos communs pour des \u00e9v\u00e8nements z\u00e9ro d\u00e9chet &#8226; Le Collectif des festivals\" \/>\n<meta property=\"og:description\" content=\"Le Collectif des festivals accompagne les organisateurs de festivals de Bretagne dans leurs d\u00e9marches de d\u00e9veloppement durable et solidaire.\" \/>\n<meta property=\"og:url\" content=\"https:\/\/www.lecollectifdesfestivals.org\/collectif\/2022\/02\/sors-tes-couverts\/\" \/>\n<meta property=\"og:site_name\" content=\"Le Collectif des festivals\" \/>\n<meta property=\"article:publisher\" content=\"https:\/\/www.facebook.com\/LeCollectifDesFestivals\/\" \/>\n<meta property=\"article:published_time\" content=\"2022-02-11T09:30:00+00:00\" \/>\n<meta property=\"article:modified_time\" content=\"2024-11-29T16:18:43+00:00\" \/>\n<meta property=\"og:image\" content=\"https:\/\/www.lecollectifdesfestivals.org\/collectif\/wp-content\/uploads\/2022\/02\/SortTesCouverts4.png\" \/>\n\t<meta property=\"og:image:width\" content=\"1181\" \/>\n\t<meta property=\"og:image:height\" content=\"1181\" \/>\n\t<meta property=\"og:image:type\" content=\"image\/png\" \/>\n<meta name=\"author\" content=\"Le Collectif\" \/>\n<meta name=\"twitter:card\" content=\"summary_large_image\" \/>\n<meta name=\"twitter:creator\" content=\"@CollFestivals\" \/>\n<meta name=\"twitter:site\" content=\"@CollFestivals\" \/>\n<meta name=\"twitter:label1\" content=\"\u00c9crit par\" \/>\n\t<meta name=\"twitter:data1\" content=\"Le Collectif\" \/>\n\t<meta name=\"twitter:label2\" content=\"Dur\u00e9e de lecture estim\u00e9e\" \/>\n\t<meta name=\"twitter:data2\" content=\"3 minutes\" \/>\n<script type=\"application\/ld+json\" class=\"yoast-schema-graph\">{\"@context\":\"https:\\\/\\\/schema.org\",\"@graph\":[{\"@type\":\"Article\",\"@id\":\"https:\\\/\\\/www.lecollectifdesfestivals.org\\\/collectif\\\/2022\\\/02\\\/sors-tes-couverts\\\/#article\",\"isPartOf\":{\"@id\":\"https:\\\/\\\/www.lecollectifdesfestivals.org\\\/collectif\\\/2022\\\/02\\\/sors-tes-couverts\\\/\"},\"author\":{\"name\":\"Le Collectif\",\"@id\":\"https:\\\/\\\/www.lecollectifdesfestivals.org\\\/collectif\\\/#\\\/schema\\\/person\\\/86601dd4ec4be86cc3e9fc0f7a6de31c\"},\"headline\":\"Sors tes couverts ! Un kit de logos communs pour des \u00e9v\u00e8nements z\u00e9ro d\u00e9chet\",\"datePublished\":\"2022-02-11T09:30:00+00:00\",\"dateModified\":\"2024-11-29T16:18:43+00:00\",\"mainEntityOfPage\":{\"@id\":\"https:\\\/\\\/www.lecollectifdesfestivals.org\\\/collectif\\\/2022\\\/02\\\/sors-tes-couverts\\\/\"},\"wordCount\":252,\"commentCount\":0,\"image\":{\"@id\":\"https:\\\/\\\/www.lecollectifdesfestivals.org\\\/collectif\\\/2022\\\/02\\\/sors-tes-couverts\\\/#primaryimage\"},\"thumbnailUrl\":\"https:\\\/\\\/www.lecollectifdesfestivals.org\\\/collectif\\\/wp-content\\\/uploads\\\/2022\\\/02\\\/SortTesCouverts4.png\",\"keywords\":[\"d\u00e9chets\",\"Gobelets\",\"vaisselle\"],\"articleSection\":[\"Alimentation\",\"D\u00e9chets \\\/ \u00c9conomie circulaire\",\"Do it yourself\"],\"inLanguage\":\"fr-FR\",\"potentialAction\":[{\"@type\":\"CommentAction\",\"name\":\"Comment\",\"target\":[\"https:\\\/\\\/www.lecollectifdesfestivals.org\\\/collectif\\\/2022\\\/02\\\/sors-tes-couverts\\\/#respond\"]}]},{\"@type\":\"WebPage\",\"@id\":\"https:\\\/\\\/www.lecollectifdesfestivals.org\\\/collectif\\\/2022\\\/02\\\/sors-tes-couverts\\\/\",\"url\":\"https:\\\/\\\/www.lecollectifdesfestivals.org\\\/collectif\\\/2022\\\/02\\\/sors-tes-couverts\\\/\",\"name\":\"Sors tes couverts ! Un kit de logos communs pour des \u00e9v\u00e8nements z\u00e9ro d\u00e9chet &#8226; Le Collectif des festivals\",\"isPartOf\":{\"@id\":\"https:\\\/\\\/www.lecollectifdesfestivals.org\\\/collectif\\\/#website\"},\"primaryImageOfPage\":{\"@id\":\"https:\\\/\\\/www.lecollectifdesfestivals.org\\\/collectif\\\/2022\\\/02\\\/sors-tes-couverts\\\/#primaryimage\"},\"image\":{\"@id\":\"https:\\\/\\\/www.lecollectifdesfestivals.org\\\/collectif\\\/2022\\\/02\\\/sors-tes-couverts\\\/#primaryimage\"},\"thumbnailUrl\":\"https:\\\/\\\/www.lecollectifdesfestivals.org\\\/collectif\\\/wp-content\\\/uploads\\\/2022\\\/02\\\/SortTesCouverts4.png\",\"datePublished\":\"2022-02-11T09:30:00+00:00\",\"dateModified\":\"2024-11-29T16:18:43+00:00\",\"author\":{\"@id\":\"https:\\\/\\\/www.lecollectifdesfestivals.org\\\/collectif\\\/#\\\/schema\\\/person\\\/86601dd4ec4be86cc3e9fc0f7a6de31c\"},\"description\":\"Le Collectif des festivals accompagne les organisateurs de festivals de Bretagne dans leurs d\u00e9marches de d\u00e9veloppement durable et solidaire.\",\"breadcrumb\":{\"@id\":\"https:\\\/\\\/www.lecollectifdesfestivals.org\\\/collectif\\\/2022\\\/02\\\/sors-tes-couverts\\\/#breadcrumb\"},\"inLanguage\":\"fr-FR\",\"potentialAction\":[{\"@type\":\"ReadAction\",\"target\":[\"https:\\\/\\\/www.lecollectifdesfestivals.org\\\/collectif\\\/2022\\\/02\\\/sors-tes-couverts\\\/\"]}]},{\"@type\":\"ImageObject\",\"inLanguage\":\"fr-FR\",\"@id\":\"https:\\\/\\\/www.lecollectifdesfestivals.org\\\/collectif\\\/2022\\\/02\\\/sors-tes-couverts\\\/#primaryimage\",\"url\":\"https:\\\/\\\/www.lecollectifdesfestivals.org\\\/collectif\\\/wp-content\\\/uploads\\\/2022\\\/02\\\/SortTesCouverts4.png\",\"contentUrl\":\"https:\\\/\\\/www.lecollectifdesfestivals.org\\\/collectif\\\/wp-content\\\/uploads\\\/2022\\\/02\\\/SortTesCouverts4.png\",\"width\":1181,\"height\":1181},{\"@type\":\"BreadcrumbList\",\"@id\":\"https:\\\/\\\/www.lecollectifdesfestivals.org\\\/collectif\\\/2022\\\/02\\\/sors-tes-couverts\\\/#breadcrumb\",\"itemListElement\":[{\"@type\":\"ListItem\",\"position\":1,\"name\":\"Accueil\",\"item\":\"https:\\\/\\\/www.lecollectifdesfestivals.org\\\/collectif\\\/\"},{\"@type\":\"ListItem\",\"position\":2,\"name\":\"Sors tes couverts ! Un kit de logos communs pour des \u00e9v\u00e8nements z\u00e9ro d\u00e9chet\"}]},{\"@type\":\"WebSite\",\"@id\":\"https:\\\/\\\/www.lecollectifdesfestivals.org\\\/collectif\\\/#website\",\"url\":\"https:\\\/\\\/www.lecollectifdesfestivals.org\\\/collectif\\\/\",\"name\":\"Le Collectif des festivals\",\"description\":\"Depuis 2005, le Collectif des festivals accompagne les acteurices culturel\u00b7les dans leurs d\u00e9marches de d\u00e9veloppement durable.\",\"potentialAction\":[{\"@type\":\"SearchAction\",\"target\":{\"@type\":\"EntryPoint\",\"urlTemplate\":\"https:\\\/\\\/www.lecollectifdesfestivals.org\\\/collectif\\\/?s={search_term_string}\"},\"query-input\":{\"@type\":\"PropertyValueSpecification\",\"valueRequired\":true,\"valueName\":\"search_term_string\"}}],\"inLanguage\":\"fr-FR\"},{\"@type\":\"Person\",\"@id\":\"https:\\\/\\\/www.lecollectifdesfestivals.org\\\/collectif\\\/#\\\/schema\\\/person\\\/86601dd4ec4be86cc3e9fc0f7a6de31c\",\"name\":\"Le Collectif\",\"image\":{\"@type\":\"ImageObject\",\"inLanguage\":\"fr-FR\",\"@id\":\"https:\\\/\\\/secure.gravatar.com\\\/avatar\\\/89073059d9fc0729af171a2cef817d198574cc88ac24fc455b289cc6ea1e6caa?s=96&d=mm&r=g\",\"url\":\"https:\\\/\\\/secure.gravatar.com\\\/avatar\\\/89073059d9fc0729af171a2cef817d198574cc88ac24fc455b289cc6ea1e6caa?s=96&d=mm&r=g\",\"contentUrl\":\"https:\\\/\\\/secure.gravatar.com\\\/avatar\\\/89073059d9fc0729af171a2cef817d198574cc88ac24fc455b289cc6ea1e6caa?s=96&d=mm&r=g\",\"caption\":\"Le Collectif\"}}]}<\/script>\n<!-- \/ Yoast SEO plugin. -->","yoast_head_json":{"title":"Sors tes couverts ! Un kit de logos communs pour des \u00e9v\u00e8nements z\u00e9ro d\u00e9chet &#8226; Le Collectif des festivals","description":"Le Collectif des festivals accompagne les organisateurs de festivals de Bretagne dans leurs d\u00e9marches de d\u00e9veloppement durable et solidaire.","robots":{"index":"index","follow":"follow","max-snippet":"max-snippet:-1","max-image-preview":"max-image-preview:large","max-video-preview":"max-video-preview:-1"},"canonical":"https:\/\/www.lecollectifdesfestivals.org\/collectif\/2022\/02\/sors-tes-couverts\/","og_locale":"fr_FR","og_type":"article","og_title":"Sors tes couverts ! Un kit de logos communs pour des \u00e9v\u00e8nements z\u00e9ro d\u00e9chet &#8226; Le Collectif des festivals","og_description":"Le Collectif des festivals accompagne les organisateurs de festivals de Bretagne dans leurs d\u00e9marches de d\u00e9veloppement durable et solidaire.","og_url":"https:\/\/www.lecollectifdesfestivals.org\/collectif\/2022\/02\/sors-tes-couverts\/","og_site_name":"Le Collectif des festivals","article_publisher":"https:\/\/www.facebook.com\/LeCollectifDesFestivals\/","article_published_time":"2022-02-11T09:30:00+00:00","article_modified_time":"2024-11-29T16:18:43+00:00","og_image":[{"width":1181,"height":1181,"url":"https:\/\/www.lecollectifdesfestivals.org\/collectif\/wp-content\/uploads\/2022\/02\/SortTesCouverts4.png","type":"image\/png"}],"author":"Le Collectif","twitter_card":"summary_large_image","twitter_creator":"@CollFestivals","twitter_site":"@CollFestivals","twitter_misc":{"\u00c9crit par":"Le Collectif","Dur\u00e9e de lecture estim\u00e9e":"3 minutes"},"schema":{"@context":"https:\/\/schema.org","@graph":[{"@type":"Article","@id":"https:\/\/www.lecollectifdesfestivals.org\/collectif\/2022\/02\/sors-tes-couverts\/#article","isPartOf":{"@id":"https:\/\/www.lecollectifdesfestivals.org\/collectif\/2022\/02\/sors-tes-couverts\/"},"author":{"name":"Le Collectif","@id":"https:\/\/www.lecollectifdesfestivals.org\/collectif\/#\/schema\/person\/86601dd4ec4be86cc3e9fc0f7a6de31c"},"headline":"Sors tes couverts ! Un kit de logos communs pour des \u00e9v\u00e8nements z\u00e9ro d\u00e9chet","datePublished":"2022-02-11T09:30:00+00:00","dateModified":"2024-11-29T16:18:43+00:00","mainEntityOfPage":{"@id":"https:\/\/www.lecollectifdesfestivals.org\/collectif\/2022\/02\/sors-tes-couverts\/"},"wordCount":252,"commentCount":0,"image":{"@id":"https:\/\/www.lecollectifdesfestivals.org\/collectif\/2022\/02\/sors-tes-couverts\/#primaryimage"},"thumbnailUrl":"https:\/\/www.lecollectifdesfestivals.org\/collectif\/wp-content\/uploads\/2022\/02\/SortTesCouverts4.png","keywords":["d\u00e9chets","Gobelets","vaisselle"],"articleSection":["Alimentation","D\u00e9chets \/ \u00c9conomie circulaire","Do it yourself"],"inLanguage":"fr-FR","potentialAction":[{"@type":"CommentAction","name":"Comment","target":["https:\/\/www.lecollectifdesfestivals.org\/collectif\/2022\/02\/sors-tes-couverts\/#respond"]}]},{"@type":"WebPage","@id":"https:\/\/www.lecollectifdesfestivals.org\/collectif\/2022\/02\/sors-tes-couverts\/","url":"https:\/\/www.lecollectifdesfestivals.org\/collectif\/2022\/02\/sors-tes-couverts\/","name":"Sors tes couverts ! Un kit de logos communs pour des \u00e9v\u00e8nements z\u00e9ro d\u00e9chet &#8226; Le Collectif des festivals","isPartOf":{"@id":"https:\/\/www.lecollectifdesfestivals.org\/collectif\/#website"},"primaryImageOfPage":{"@id":"https:\/\/www.lecollectifdesfestivals.org\/collectif\/2022\/02\/sors-tes-couverts\/#primaryimage"},"image":{"@id":"https:\/\/www.lecollectifdesfestivals.org\/collectif\/2022\/02\/sors-tes-couverts\/#primaryimage"},"thumbnailUrl":"https:\/\/www.lecollectifdesfestivals.org\/collectif\/wp-content\/uploads\/2022\/02\/SortTesCouverts4.png","datePublished":"2022-02-11T09:30:00+00:00","dateModified":"2024-11-29T16:18:43+00:00","author":{"@id":"https:\/\/www.lecollectifdesfestivals.org\/collectif\/#\/schema\/person\/86601dd4ec4be86cc3e9fc0f7a6de31c"},"description":"Le Collectif des festivals accompagne les organisateurs de festivals de Bretagne dans leurs d\u00e9marches de d\u00e9veloppement durable et solidaire.","breadcrumb":{"@id":"https:\/\/www.lecollectifdesfestivals.org\/collectif\/2022\/02\/sors-tes-couverts\/#breadcrumb"},"inLanguage":"fr-FR","potentialAction":[{"@type":"ReadAction","target":["https:\/\/www.lecollectifdesfestivals.org\/collectif\/2022\/02\/sors-tes-couverts\/"]}]},{"@type":"ImageObject","inLanguage":"fr-FR","@id":"https:\/\/www.lecollectifdesfestivals.org\/collectif\/2022\/02\/sors-tes-couverts\/#primaryimage","url":"https:\/\/www.lecollectifdesfestivals.org\/collectif\/wp-content\/uploads\/2022\/02\/SortTesCouverts4.png","contentUrl":"https:\/\/www.lecollectifdesfestivals.org\/collectif\/wp-content\/uploads\/2022\/02\/SortTesCouverts4.png","width":1181,"height":1181},{"@type":"BreadcrumbList","@id":"https:\/\/www.lecollectifdesfestivals.org\/collectif\/2022\/02\/sors-tes-couverts\/#breadcrumb","itemListElement":[{"@type":"ListItem","position":1,"name":"Accueil","item":"https:\/\/www.lecollectifdesfestivals.org\/collectif\/"},{"@type":"ListItem","position":2,"name":"Sors tes couverts ! Un kit de logos communs pour des \u00e9v\u00e8nements z\u00e9ro d\u00e9chet"}]},{"@type":"WebSite","@id":"https:\/\/www.lecollectifdesfestivals.org\/collectif\/#website","url":"https:\/\/www.lecollectifdesfestivals.org\/collectif\/","name":"Le Collectif des festivals","description":"Depuis 2005, le Collectif des festivals accompagne les acteurices culturel\u00b7les dans leurs d\u00e9marches de d\u00e9veloppement durable.","potentialAction":[{"@type":"SearchAction","target":{"@type":"EntryPoint","urlTemplate":"https:\/\/www.lecollectifdesfestivals.org\/collectif\/?s={search_term_string}"},"query-input":{"@type":"PropertyValueSpecification","valueRequired":true,"valueName":"search_term_string"}}],"inLanguage":"fr-FR"},{"@type":"Person","@id":"https:\/\/www.lecollectifdesfestivals.org\/collectif\/#\/schema\/person\/86601dd4ec4be86cc3e9fc0f7a6de31c","name":"Le Collectif","image":{"@type":"ImageObject","inLanguage":"fr-FR","@id":"https:\/\/secure.gravatar.com\/avatar\/89073059d9fc0729af171a2cef817d198574cc88ac24fc455b289cc6ea1e6caa?s=96&d=mm&r=g","url":"https:\/\/secure.gravatar.com\/avatar\/89073059d9fc0729af171a2cef817d198574cc88ac24fc455b289cc6ea1e6caa?s=96&d=mm&r=g","contentUrl":"https:\/\/secure.gravatar.com\/avatar\/89073059d9fc0729af171a2cef817d198574cc88ac24fc455b289cc6ea1e6caa?s=96&d=mm&r=g","caption":"Le Collectif"}}]}},"_links":{"self":[{"href":"https:\/\/www.lecollectifdesfestivals.org\/collectif\/wp-json\/wp\/v2\/posts\/16874","targetHints":{"allow":["GET"]}}],"collection":[{"href":"https:\/\/www.lecollectifdesfestivals.org\/collectif\/wp-json\/wp\/v2\/posts"}],"about":[{"href":"https:\/\/www.lecollectifdesfestivals.org\/collectif\/wp-json\/wp\/v2\/types\/post"}],"author":[{"embeddable":true,"href":"https:\/\/www.lecollectifdesfestivals.org\/collectif\/wp-json\/wp\/v2\/users\/1"}],"replies":[{"embeddable":true,"href":"https:\/\/www.lecollectifdesfestivals.org\/collectif\/wp-json\/wp\/v2\/comments?post=16874"}],"version-history":[{"count":3,"href":"https:\/\/www.lecollectifdesfestivals.org\/collectif\/wp-json\/wp\/v2\/posts\/16874\/revisions"}],"predecessor-version":[{"id":22660,"href":"https:\/\/www.lecollectifdesfestivals.org\/collectif\/wp-json\/wp\/v2\/posts\/16874\/revisions\/22660"}],"wp:featuredmedia":[{"embeddable":true,"href":"https:\/\/www.lecollectifdesfestivals.org\/collectif\/wp-json\/wp\/v2\/media\/16875"}],"wp:attachment":[{"href":"https:\/\/www.lecollectifdesfestivals.org\/collectif\/wp-json\/wp\/v2\/media?parent=16874"}],"wp:term":[{"taxonomy":"category","embeddable":true,"href":"https:\/\/www.lecollectifdesfestivals.org\/collectif\/wp-json\/wp\/v2\/categories?post=16874"},{"taxonomy":"post_tag","embeddable":true,"href":"https:\/\/www.lecollectifdesfestivals.org\/collectif\/wp-json\/wp\/v2\/tags?post=16874"}],"curies":[{"name":"wp","href":"https:\/\/api.w.org\/{rel}","templated":true}]}}