{"id":24045,"date":"2023-09-20T16:15:19","date_gmt":"2023-09-20T14:15:19","guid":{"rendered":"https:\/\/www.lecollectifdesfestivals.org\/collectif\/?p=24045"},"modified":"2024-11-29T17:09:22","modified_gmt":"2024-11-29T16:09:22","slug":"un-site-internet-pour-decarboner-la-culture","status":"publish","type":"post","link":"https:\/\/www.lecollectifdesfestivals.org\/collectif\/2023\/09\/un-site-internet-pour-decarboner-la-culture\/","title":{"rendered":"Un site internet pour d\u00e9carboner la culture*"},"content":{"rendered":"\n<p>Le cercle Culture du <a href=\"https:\/\/theshiftproject.org\/\" target=\"_blank\" rel=\"noreferrer noopener\">Shift Project <\/a>a lanc\u00e9 un site internet destin\u00e9 aux professionnel\u00b7les de la culture. On D\u00e9carbonons la culture, des ressources compl\u00e9mentaires, un podcast mettant en lumi\u00e8re des exp\u00e9riences de d\u00e9carbonation du secteur, et des outils mis \u00e0 disposition : une conf\u00e9rence gratuite, la fresque de la mobilit\u00e9 culturelle et la fresque de la culture ! <\/p>\n\n\n\n<div class=\"wp-block-buttons is-layout-flex wp-block-buttons-is-layout-flex\">\n<div class=\"wp-block-button has-custom-width wp-block-button__width-25 has-custom-font-size has-small-font-size\"><a class=\"wp-block-button__link has-neve-link-hover-color-background-color has-background wp-element-button\" href=\"https:\/\/www.decarbononslaculture.fr\/\" style=\"border-radius:100px\" target=\"_blank\" rel=\"noreferrer noopener\">D\u00e9couvrir le site<\/a><\/div>\n<\/div>\n","protected":false},"excerpt":{"rendered":"<p>Le cercle Culture du Shift Project a lanc\u00e9 un site internet destin\u00e9 aux professionnel\u00b7les de la culture. On D\u00e9carbonons la culture, des ressources compl\u00e9mentaires, un podcast mettant en lumi\u00e8re des exp\u00e9riences de d\u00e9carbonation du secteur, et des outils mis \u00e0 disposition : une conf\u00e9rence gratuite, la fresque de la mobilit\u00e9 culturelle et la fresque de&hellip;&nbsp;<a href=\"https:\/\/www.lecollectifdesfestivals.org\/collectif\/2023\/09\/un-site-internet-pour-decarboner-la-culture\/\" class=\"\" rel=\"bookmark\">Lire la suite &raquo;<span class=\"screen-reader-text\">Un site internet pour d\u00e9carboner la culture*<\/span><\/a><\/p>\n","protected":false},"author":1,"featured_media":0,"comment_status":"closed","ping_status":"closed","sticky":false,"template":"","format":"standard","meta":{"neve_meta_sidebar":"","neve_meta_container":"","neve_meta_enable_content_width":"","neve_meta_content_width":0,"neve_meta_title_alignment":"","neve_meta_author_avatar":"","neve_post_elements_order":"","neve_meta_disable_header":"","neve_meta_disable_footer":"","neve_meta_disable_title":"","footnotes":""},"categories":[236,130,129,21],"tags":[504,501],"yoast_head":"<!-- This site is optimized with the Yoast SEO plugin v22.4 - https:\/\/yoast.com\/wordpress\/plugins\/seo\/ -->\n<title>Un site internet pour d\u00e9carboner la culture* &#8226; Le Collectif des festivals<\/title>\n<meta name=\"description\" content=\"Le Collectif des festivals accompagne les organisateurs de festivals de Bretagne dans leurs d\u00e9marches de d\u00e9veloppement durable et solidaire.\" \/>\n<meta name=\"robots\" content=\"index, follow, max-snippet:-1, max-image-preview:large, max-video-preview:-1\" \/>\n<link rel=\"canonical\" href=\"https:\/\/www.lecollectifdesfestivals.org\/collectif\/2023\/09\/un-site-internet-pour-decarboner-la-culture\/\" \/>\n<meta property=\"og:locale\" content=\"fr_FR\" \/>\n<meta property=\"og:type\" content=\"article\" \/>\n<meta property=\"og:title\" content=\"Un site internet pour d\u00e9carboner la culture* &#8226; Le Collectif des festivals\" \/>\n<meta property=\"og:description\" content=\"Le Collectif des festivals accompagne les organisateurs de festivals de Bretagne dans leurs d\u00e9marches de d\u00e9veloppement durable et solidaire.\" \/>\n<meta property=\"og:url\" content=\"https:\/\/www.lecollectifdesfestivals.org\/collectif\/2023\/09\/un-site-internet-pour-decarboner-la-culture\/\" \/>\n<meta property=\"og:site_name\" content=\"Le Collectif des festivals\" \/>\n<meta property=\"article:publisher\" content=\"https:\/\/www.facebook.com\/LeCollectifDesFestivals\/\" \/>\n<meta property=\"article:published_time\" content=\"2023-09-20T14:15:19+00:00\" \/>\n<meta property=\"article:modified_time\" content=\"2024-11-29T16:09:22+00:00\" \/>\n<meta name=\"author\" content=\"Le Collectif\" \/>\n<meta name=\"twitter:card\" content=\"summary_large_image\" \/>\n<meta name=\"twitter:creator\" content=\"@CollFestivals\" \/>\n<meta name=\"twitter:site\" content=\"@CollFestivals\" \/>\n<meta name=\"twitter:label1\" content=\"\u00c9crit par\" \/>\n\t<meta name=\"twitter:data1\" content=\"Le Collectif\" \/>\n\t<meta name=\"twitter:label2\" content=\"Dur\u00e9e de lecture estim\u00e9e\" \/>\n\t<meta name=\"twitter:data2\" content=\"1 minute\" \/>\n<script type=\"application\/ld+json\" class=\"yoast-schema-graph\">{\"@context\":\"https:\/\/schema.org\",\"@graph\":[{\"@type\":\"WebPage\",\"@id\":\"https:\/\/www.lecollectifdesfestivals.org\/collectif\/2023\/09\/un-site-internet-pour-decarboner-la-culture\/\",\"url\":\"https:\/\/www.lecollectifdesfestivals.org\/collectif\/2023\/09\/un-site-internet-pour-decarboner-la-culture\/\",\"name\":\"Un site internet pour d\u00e9carboner la culture* &#8226; Le Collectif des festivals\",\"isPartOf\":{\"@id\":\"https:\/\/www.lecollectifdesfestivals.org\/collectif\/#website\"},\"datePublished\":\"2023-09-20T14:15:19+00:00\",\"dateModified\":\"2024-11-29T16:09:22+00:00\",\"author\":{\"@id\":\"https:\/\/www.lecollectifdesfestivals.org\/collectif\/#\/schema\/person\/86601dd4ec4be86cc3e9fc0f7a6de31c\"},\"description\":\"Le Collectif des festivals accompagne les organisateurs de festivals de Bretagne dans leurs d\u00e9marches de d\u00e9veloppement durable et solidaire.\",\"breadcrumb\":{\"@id\":\"https:\/\/www.lecollectifdesfestivals.org\/collectif\/2023\/09\/un-site-internet-pour-decarboner-la-culture\/#breadcrumb\"},\"inLanguage\":\"fr-FR\",\"potentialAction\":[{\"@type\":\"ReadAction\",\"target\":[\"https:\/\/www.lecollectifdesfestivals.org\/collectif\/2023\/09\/un-site-internet-pour-decarboner-la-culture\/\"]}]},{\"@type\":\"BreadcrumbList\",\"@id\":\"https:\/\/www.lecollectifdesfestivals.org\/collectif\/2023\/09\/un-site-internet-pour-decarboner-la-culture\/#breadcrumb\",\"itemListElement\":[{\"@type\":\"ListItem\",\"position\":1,\"name\":\"Accueil\",\"item\":\"https:\/\/www.lecollectifdesfestivals.org\/collectif\/\"},{\"@type\":\"ListItem\",\"position\":2,\"name\":\"Un site internet pour d\u00e9carboner la culture*\"}]},{\"@type\":\"WebSite\",\"@id\":\"https:\/\/www.lecollectifdesfestivals.org\/collectif\/#website\",\"url\":\"https:\/\/www.lecollectifdesfestivals.org\/collectif\/\",\"name\":\"Le Collectif des festivals\",\"description\":\"Depuis 2005,  le Collectif des festivals accompagne les transitions sociale et \u00e9cologique de la culture\",\"potentialAction\":[{\"@type\":\"SearchAction\",\"target\":{\"@type\":\"EntryPoint\",\"urlTemplate\":\"https:\/\/www.lecollectifdesfestivals.org\/collectif\/?s={search_term_string}\"},\"query-input\":\"required name=search_term_string\"}],\"inLanguage\":\"fr-FR\"},{\"@type\":\"Person\",\"@id\":\"https:\/\/www.lecollectifdesfestivals.org\/collectif\/#\/schema\/person\/86601dd4ec4be86cc3e9fc0f7a6de31c\",\"name\":\"Le Collectif\",\"image\":{\"@type\":\"ImageObject\",\"inLanguage\":\"fr-FR\",\"@id\":\"https:\/\/www.lecollectifdesfestivals.org\/collectif\/#\/schema\/person\/image\/\",\"url\":\"https:\/\/secure.gravatar.com\/avatar\/1c1ef9ae3cde320fe2ff622731a2244b?s=96&d=mm&r=g\",\"contentUrl\":\"https:\/\/secure.gravatar.com\/avatar\/1c1ef9ae3cde320fe2ff622731a2244b?s=96&d=mm&r=g\",\"caption\":\"Le Collectif\"}}]}<\/script>\n<!-- \/ Yoast SEO plugin. -->","yoast_head_json":{"title":"Un site internet pour d\u00e9carboner la culture* &#8226; Le Collectif des festivals","description":"Le Collectif des festivals accompagne les organisateurs de festivals de Bretagne dans leurs d\u00e9marches de d\u00e9veloppement durable et solidaire.","robots":{"index":"index","follow":"follow","max-snippet":"max-snippet:-1","max-image-preview":"max-image-preview:large","max-video-preview":"max-video-preview:-1"},"canonical":"https:\/\/www.lecollectifdesfestivals.org\/collectif\/2023\/09\/un-site-internet-pour-decarboner-la-culture\/","og_locale":"fr_FR","og_type":"article","og_title":"Un site internet pour d\u00e9carboner la culture* &#8226; Le Collectif des festivals","og_description":"Le Collectif des festivals accompagne les organisateurs de festivals de Bretagne dans leurs d\u00e9marches de d\u00e9veloppement durable et solidaire.","og_url":"https:\/\/www.lecollectifdesfestivals.org\/collectif\/2023\/09\/un-site-internet-pour-decarboner-la-culture\/","og_site_name":"Le Collectif des festivals","article_publisher":"https:\/\/www.facebook.com\/LeCollectifDesFestivals\/","article_published_time":"2023-09-20T14:15:19+00:00","article_modified_time":"2024-11-29T16:09:22+00:00","author":"Le Collectif","twitter_card":"summary_large_image","twitter_creator":"@CollFestivals","twitter_site":"@CollFestivals","twitter_misc":{"\u00c9crit par":"Le Collectif","Dur\u00e9e de lecture estim\u00e9e":"1 minute"},"schema":{"@context":"https:\/\/schema.org","@graph":[{"@type":"WebPage","@id":"https:\/\/www.lecollectifdesfestivals.org\/collectif\/2023\/09\/un-site-internet-pour-decarboner-la-culture\/","url":"https:\/\/www.lecollectifdesfestivals.org\/collectif\/2023\/09\/un-site-internet-pour-decarboner-la-culture\/","name":"Un site internet pour d\u00e9carboner la culture* &#8226; Le Collectif des festivals","isPartOf":{"@id":"https:\/\/www.lecollectifdesfestivals.org\/collectif\/#website"},"datePublished":"2023-09-20T14:15:19+00:00","dateModified":"2024-11-29T16:09:22+00:00","author":{"@id":"https:\/\/www.lecollectifdesfestivals.org\/collectif\/#\/schema\/person\/86601dd4ec4be86cc3e9fc0f7a6de31c"},"description":"Le Collectif des festivals accompagne les organisateurs de festivals de Bretagne dans leurs d\u00e9marches de d\u00e9veloppement durable et solidaire.","breadcrumb":{"@id":"https:\/\/www.lecollectifdesfestivals.org\/collectif\/2023\/09\/un-site-internet-pour-decarboner-la-culture\/#breadcrumb"},"inLanguage":"fr-FR","potentialAction":[{"@type":"ReadAction","target":["https:\/\/www.lecollectifdesfestivals.org\/collectif\/2023\/09\/un-site-internet-pour-decarboner-la-culture\/"]}]},{"@type":"BreadcrumbList","@id":"https:\/\/www.lecollectifdesfestivals.org\/collectif\/2023\/09\/un-site-internet-pour-decarboner-la-culture\/#breadcrumb","itemListElement":[{"@type":"ListItem","position":1,"name":"Accueil","item":"https:\/\/www.lecollectifdesfestivals.org\/collectif\/"},{"@type":"ListItem","position":2,"name":"Un site internet pour d\u00e9carboner la culture*"}]},{"@type":"WebSite","@id":"https:\/\/www.lecollectifdesfestivals.org\/collectif\/#website","url":"https:\/\/www.lecollectifdesfestivals.org\/collectif\/","name":"Le Collectif des festivals","description":"Depuis 2005,  le Collectif des festivals accompagne les transitions sociale et \u00e9cologique de la culture","potentialAction":[{"@type":"SearchAction","target":{"@type":"EntryPoint","urlTemplate":"https:\/\/www.lecollectifdesfestivals.org\/collectif\/?s={search_term_string}"},"query-input":"required name=search_term_string"}],"inLanguage":"fr-FR"},{"@type":"Person","@id":"https:\/\/www.lecollectifdesfestivals.org\/collectif\/#\/schema\/person\/86601dd4ec4be86cc3e9fc0f7a6de31c","name":"Le Collectif","image":{"@type":"ImageObject","inLanguage":"fr-FR","@id":"https:\/\/www.lecollectifdesfestivals.org\/collectif\/#\/schema\/person\/image\/","url":"https:\/\/secure.gravatar.com\/avatar\/1c1ef9ae3cde320fe2ff622731a2244b?s=96&d=mm&r=g","contentUrl":"https:\/\/secure.gravatar.com\/avatar\/1c1ef9ae3cde320fe2ff622731a2244b?s=96&d=mm&r=g","caption":"Le Collectif"}}]}},"_links":{"self":[{"href":"https:\/\/www.lecollectifdesfestivals.org\/collectif\/wp-json\/wp\/v2\/posts\/24045"}],"collection":[{"href":"https:\/\/www.lecollectifdesfestivals.org\/collectif\/wp-json\/wp\/v2\/posts"}],"about":[{"href":"https:\/\/www.lecollectifdesfestivals.org\/collectif\/wp-json\/wp\/v2\/types\/post"}],"author":[{"embeddable":true,"href":"https:\/\/www.lecollectifdesfestivals.org\/collectif\/wp-json\/wp\/v2\/users\/1"}],"replies":[{"embeddable":true,"href":"https:\/\/www.lecollectifdesfestivals.org\/collectif\/wp-json\/wp\/v2\/comments?post=24045"}],"version-history":[{"count":3,"href":"https:\/\/www.lecollectifdesfestivals.org\/collectif\/wp-json\/wp\/v2\/posts\/24045\/revisions"}],"predecessor-version":[{"id":26717,"href":"https:\/\/www.lecollectifdesfestivals.org\/collectif\/wp-json\/wp\/v2\/posts\/24045\/revisions\/26717"}],"wp:attachment":[{"href":"https:\/\/www.lecollectifdesfestivals.org\/collectif\/wp-json\/wp\/v2\/media?parent=24045"}],"wp:term":[{"taxonomy":"category","embeddable":true,"href":"https:\/\/www.lecollectifdesfestivals.org\/collectif\/wp-json\/wp\/v2\/categories?post=24045"},{"taxonomy":"post_tag","embeddable":true,"href":"https:\/\/www.lecollectifdesfestivals.org\/collectif\/wp-json\/wp\/v2\/tags?post=24045"}],"curies":[{"name":"wp","href":"https:\/\/api.w.org\/{rel}","templated":true}]}}