{"id":24133,"date":"2023-09-29T11:23:33","date_gmt":"2023-09-29T09:23:33","guid":{"rendered":"https:\/\/www.lecollectifdesfestivals.org\/collectif\/?p=24133"},"modified":"2024-11-25T15:55:58","modified_gmt":"2024-11-25T14:55:58","slug":"cr-comment-les-artistes-sengagent-ou-peuvent-iels-sengager-dans-la-transition-ecologique","status":"publish","type":"post","link":"https:\/\/www.lecollectifdesfestivals.org\/collectif\/2023\/09\/cr-comment-les-artistes-sengagent-ou-peuvent-iels-sengager-dans-la-transition-ecologique\/","title":{"rendered":"[CR] Comment les artistes s\u2019engagent ou peuvent-iels s\u2019engager dans la transition \u00e9cologique\u00a0?"},"content":{"rendered":"\n<p>Dans un monde ou les enjeux environnementaux deviennent de plus en plus cruciaux, la transition \u00e9cologique s\u2019\u00e9rige comme un imp\u00e9ratif majeur pour tous les secteurs y compris l\u2019industrie des musiques \u00e9lectroniques.<br>Les artistes de cette sc\u00e8ne ont d\u00e9sormais le pouvoir d\u2019utiliser leur influence pour promouvoir des pratiques durables et contribuer \u00e0 la pr\u00e9servation de notre plan\u00e8te.<\/p>\n\n\n\n<p>Avec le pr\u00e9sence de\u00a0:<br>\u2022 <strong>Adrien<\/strong>\u00a0de la formation\u00a0<strong>Dalle B\u00e9ton<\/strong>.<br>\u2022 <strong>Fleur Bertrand-Montembault<\/strong>, porte-parole de la\u00a0<strong>Maison commune de la d\u00e9croissance<\/strong>.<br>\u2022 <strong>Gwendolenn Sharp<\/strong>, coordinatrice de\u00a0<strong>The Green Room<\/strong>, une association qui accompagne les artistes musicien.nes dans leurs objectifs sociaux et environnementaux.<br>\u2022\u00a0<strong>Rudy Guilhem Ducl\u00e9on<\/strong>, responsable de projets DD au\u00a0<strong>Collectif des festivals<\/strong>.<br>\u2022 <strong>Eddy Pierres &amp; et Vincent Nicod<\/strong>, direction et booking\u00a0<strong>Wart\/Panoramas<\/strong><\/p>\n\n\n\n<p>Enregistrement r\u00e9alis\u00e9 le samedi 26 septembre au\u00a0<strong>SEW<\/strong> par <a href=\"https:\/\/www.radio-u.org\/\" target=\"_blank\" rel=\"noreferrer noopener\">Radio U<\/a>.<\/p>\n\n\n\n<div class=\"wp-block-buttons is-layout-flex wp-block-buttons-is-layout-flex\">\n<div class=\"wp-block-button\"><a class=\"wp-block-button__link has-neve-link-hover-color-background-color has-background wp-element-button\" href=\"https:\/\/www.radio-u.org\/Table-ronde-dans-le-cadre-du-festival-Panoramas-26.html\" style=\"border-radius:100px\" target=\"_blank\" rel=\"noreferrer noopener\">Ecouter la table ronde<\/a><\/div>\n<\/div>\n\n\n\n<div style=\"height:100px\" aria-hidden=\"true\" class=\"wp-block-spacer\"><\/div>\n","protected":false},"excerpt":{"rendered":"<p>Dans un monde ou les enjeux environnementaux deviennent de plus en plus cruciaux, la transition \u00e9cologique s\u2019\u00e9rige comme un imp\u00e9ratif majeur pour tous les secteurs y compris l\u2019industrie des musiques \u00e9lectroniques.Les artistes de cette sc\u00e8ne ont d\u00e9sormais le pouvoir d\u2019utiliser leur influence pour promouvoir des pratiques durables et contribuer \u00e0 la pr\u00e9servation de notre plan\u00e8te.&hellip;&nbsp;<a href=\"https:\/\/www.lecollectifdesfestivals.org\/collectif\/2023\/09\/cr-comment-les-artistes-sengagent-ou-peuvent-iels-sengager-dans-la-transition-ecologique\/\" rel=\"bookmark\">Lire la suite &raquo;<span class=\"screen-reader-text\">[CR] Comment les artistes s\u2019engagent ou peuvent-iels s\u2019engager dans la transition \u00e9cologique\u00a0?<\/span><\/a><\/p>\n","protected":false},"author":1,"featured_media":0,"comment_status":"closed","ping_status":"closed","sticky":false,"template":"","format":"standard","meta":{"neve_meta_sidebar":"","neve_meta_container":"","neve_meta_enable_content_width":"","neve_meta_content_width":0,"neve_meta_title_alignment":"","neve_meta_author_avatar":"","neve_post_elements_order":"","neve_meta_disable_header":"","neve_meta_disable_footer":"","neve_meta_disable_title":"","footnotes":""},"categories":[177,130,114,21],"tags":[],"class_list":["post-24133","post","type-post","status-publish","format-standard","hentry","category-cr-rencontres","category-evenements-et-developpement-durable","category-festivals","category-les-transports"],"yoast_head":"<!-- This site is optimized with the Yoast SEO plugin v27.4 - https:\/\/yoast.com\/product\/yoast-seo-wordpress\/ -->\n<title>[CR] Comment les artistes s\u2019engagent ou peuvent-iels s\u2019engager dans la transition \u00e9cologique\u00a0? &#8226; Le Collectif des festivals<\/title>\n<meta name=\"description\" content=\"Le Collectif des festivals accompagne les organisateurs de festivals de Bretagne dans leurs d\u00e9marches de d\u00e9veloppement durable et solidaire.\" \/>\n<meta name=\"robots\" content=\"index, follow, max-snippet:-1, max-image-preview:large, max-video-preview:-1\" \/>\n<link rel=\"canonical\" href=\"https:\/\/www.lecollectifdesfestivals.org\/collectif\/2023\/09\/cr-comment-les-artistes-sengagent-ou-peuvent-iels-sengager-dans-la-transition-ecologique\/\" \/>\n<meta property=\"og:locale\" content=\"fr_FR\" \/>\n<meta property=\"og:type\" content=\"article\" \/>\n<meta property=\"og:title\" content=\"[CR] Comment les artistes s\u2019engagent ou peuvent-iels s\u2019engager dans la transition \u00e9cologique\u00a0? &#8226; Le Collectif des festivals\" \/>\n<meta property=\"og:description\" content=\"Le Collectif des festivals accompagne les organisateurs de festivals de Bretagne dans leurs d\u00e9marches de d\u00e9veloppement durable et solidaire.\" \/>\n<meta property=\"og:url\" content=\"https:\/\/www.lecollectifdesfestivals.org\/collectif\/2023\/09\/cr-comment-les-artistes-sengagent-ou-peuvent-iels-sengager-dans-la-transition-ecologique\/\" \/>\n<meta property=\"og:site_name\" content=\"Le Collectif des festivals\" \/>\n<meta property=\"article:publisher\" content=\"https:\/\/www.facebook.com\/LeCollectifDesFestivals\/\" \/>\n<meta property=\"article:published_time\" content=\"2023-09-29T09:23:33+00:00\" \/>\n<meta property=\"article:modified_time\" content=\"2024-11-25T14:55:58+00:00\" \/>\n<meta name=\"author\" content=\"Le Collectif\" \/>\n<meta name=\"twitter:card\" content=\"summary_large_image\" \/>\n<meta name=\"twitter:creator\" content=\"@CollFestivals\" \/>\n<meta name=\"twitter:site\" content=\"@CollFestivals\" \/>\n<meta name=\"twitter:label1\" content=\"\u00c9crit par\" \/>\n\t<meta name=\"twitter:data1\" content=\"Le Collectif\" \/>\n\t<meta name=\"twitter:label2\" content=\"Dur\u00e9e de lecture estim\u00e9e\" \/>\n\t<meta name=\"twitter:data2\" content=\"1 minute\" \/>\n<script type=\"application\/ld+json\" class=\"yoast-schema-graph\">{\"@context\":\"https:\\\/\\\/schema.org\",\"@graph\":[{\"@type\":\"Article\",\"@id\":\"https:\\\/\\\/www.lecollectifdesfestivals.org\\\/collectif\\\/2023\\\/09\\\/cr-comment-les-artistes-sengagent-ou-peuvent-iels-sengager-dans-la-transition-ecologique\\\/#article\",\"isPartOf\":{\"@id\":\"https:\\\/\\\/www.lecollectifdesfestivals.org\\\/collectif\\\/2023\\\/09\\\/cr-comment-les-artistes-sengagent-ou-peuvent-iels-sengager-dans-la-transition-ecologique\\\/\"},\"author\":{\"name\":\"Le Collectif\",\"@id\":\"https:\\\/\\\/www.lecollectifdesfestivals.org\\\/collectif\\\/#\\\/schema\\\/person\\\/86601dd4ec4be86cc3e9fc0f7a6de31c\"},\"headline\":\"[CR] Comment les artistes s\u2019engagent ou peuvent-iels s\u2019engager dans la transition \u00e9cologique\u00a0?\",\"datePublished\":\"2023-09-29T09:23:33+00:00\",\"dateModified\":\"2024-11-25T14:55:58+00:00\",\"mainEntityOfPage\":{\"@id\":\"https:\\\/\\\/www.lecollectifdesfestivals.org\\\/collectif\\\/2023\\\/09\\\/cr-comment-les-artistes-sengagent-ou-peuvent-iels-sengager-dans-la-transition-ecologique\\\/\"},\"wordCount\":159,\"articleSection\":[\"Comptes-rendus\",\"Culture et d\u00e9veloppement durable\",\"Festivals\",\"Mobilit\u00e9s \\\/ Transports\"],\"inLanguage\":\"fr-FR\"},{\"@type\":\"WebPage\",\"@id\":\"https:\\\/\\\/www.lecollectifdesfestivals.org\\\/collectif\\\/2023\\\/09\\\/cr-comment-les-artistes-sengagent-ou-peuvent-iels-sengager-dans-la-transition-ecologique\\\/\",\"url\":\"https:\\\/\\\/www.lecollectifdesfestivals.org\\\/collectif\\\/2023\\\/09\\\/cr-comment-les-artistes-sengagent-ou-peuvent-iels-sengager-dans-la-transition-ecologique\\\/\",\"name\":\"[CR] Comment les artistes s\u2019engagent ou peuvent-iels s\u2019engager dans la transition \u00e9cologique\u00a0? &#8226; Le Collectif des festivals\",\"isPartOf\":{\"@id\":\"https:\\\/\\\/www.lecollectifdesfestivals.org\\\/collectif\\\/#website\"},\"datePublished\":\"2023-09-29T09:23:33+00:00\",\"dateModified\":\"2024-11-25T14:55:58+00:00\",\"author\":{\"@id\":\"https:\\\/\\\/www.lecollectifdesfestivals.org\\\/collectif\\\/#\\\/schema\\\/person\\\/86601dd4ec4be86cc3e9fc0f7a6de31c\"},\"description\":\"Le Collectif des festivals accompagne les organisateurs de festivals de Bretagne dans leurs d\u00e9marches de d\u00e9veloppement durable et solidaire.\",\"breadcrumb\":{\"@id\":\"https:\\\/\\\/www.lecollectifdesfestivals.org\\\/collectif\\\/2023\\\/09\\\/cr-comment-les-artistes-sengagent-ou-peuvent-iels-sengager-dans-la-transition-ecologique\\\/#breadcrumb\"},\"inLanguage\":\"fr-FR\",\"potentialAction\":[{\"@type\":\"ReadAction\",\"target\":[\"https:\\\/\\\/www.lecollectifdesfestivals.org\\\/collectif\\\/2023\\\/09\\\/cr-comment-les-artistes-sengagent-ou-peuvent-iels-sengager-dans-la-transition-ecologique\\\/\"]}]},{\"@type\":\"BreadcrumbList\",\"@id\":\"https:\\\/\\\/www.lecollectifdesfestivals.org\\\/collectif\\\/2023\\\/09\\\/cr-comment-les-artistes-sengagent-ou-peuvent-iels-sengager-dans-la-transition-ecologique\\\/#breadcrumb\",\"itemListElement\":[{\"@type\":\"ListItem\",\"position\":1,\"name\":\"Accueil\",\"item\":\"https:\\\/\\\/www.lecollectifdesfestivals.org\\\/collectif\\\/\"},{\"@type\":\"ListItem\",\"position\":2,\"name\":\"[CR] Comment les artistes s\u2019engagent ou peuvent-iels s\u2019engager dans la transition \u00e9cologique\u00a0?\"}]},{\"@type\":\"WebSite\",\"@id\":\"https:\\\/\\\/www.lecollectifdesfestivals.org\\\/collectif\\\/#website\",\"url\":\"https:\\\/\\\/www.lecollectifdesfestivals.org\\\/collectif\\\/\",\"name\":\"Le Collectif des festivals\",\"description\":\"Depuis 2005, le Collectif des festivals accompagne les acteurices culturel\u00b7les dans leurs d\u00e9marches de d\u00e9veloppement durable.\",\"potentialAction\":[{\"@type\":\"SearchAction\",\"target\":{\"@type\":\"EntryPoint\",\"urlTemplate\":\"https:\\\/\\\/www.lecollectifdesfestivals.org\\\/collectif\\\/?s={search_term_string}\"},\"query-input\":{\"@type\":\"PropertyValueSpecification\",\"valueRequired\":true,\"valueName\":\"search_term_string\"}}],\"inLanguage\":\"fr-FR\"},{\"@type\":\"Person\",\"@id\":\"https:\\\/\\\/www.lecollectifdesfestivals.org\\\/collectif\\\/#\\\/schema\\\/person\\\/86601dd4ec4be86cc3e9fc0f7a6de31c\",\"name\":\"Le Collectif\",\"image\":{\"@type\":\"ImageObject\",\"inLanguage\":\"fr-FR\",\"@id\":\"https:\\\/\\\/secure.gravatar.com\\\/avatar\\\/89073059d9fc0729af171a2cef817d198574cc88ac24fc455b289cc6ea1e6caa?s=96&d=mm&r=g\",\"url\":\"https:\\\/\\\/secure.gravatar.com\\\/avatar\\\/89073059d9fc0729af171a2cef817d198574cc88ac24fc455b289cc6ea1e6caa?s=96&d=mm&r=g\",\"contentUrl\":\"https:\\\/\\\/secure.gravatar.com\\\/avatar\\\/89073059d9fc0729af171a2cef817d198574cc88ac24fc455b289cc6ea1e6caa?s=96&d=mm&r=g\",\"caption\":\"Le Collectif\"}}]}<\/script>\n<!-- \/ Yoast SEO plugin. -->","yoast_head_json":{"title":"[CR] Comment les artistes s\u2019engagent ou peuvent-iels s\u2019engager dans la transition \u00e9cologique\u00a0? &#8226; Le Collectif des festivals","description":"Le Collectif des festivals accompagne les organisateurs de festivals de Bretagne dans leurs d\u00e9marches de d\u00e9veloppement durable et solidaire.","robots":{"index":"index","follow":"follow","max-snippet":"max-snippet:-1","max-image-preview":"max-image-preview:large","max-video-preview":"max-video-preview:-1"},"canonical":"https:\/\/www.lecollectifdesfestivals.org\/collectif\/2023\/09\/cr-comment-les-artistes-sengagent-ou-peuvent-iels-sengager-dans-la-transition-ecologique\/","og_locale":"fr_FR","og_type":"article","og_title":"[CR] Comment les artistes s\u2019engagent ou peuvent-iels s\u2019engager dans la transition \u00e9cologique\u00a0? &#8226; Le Collectif des festivals","og_description":"Le Collectif des festivals accompagne les organisateurs de festivals de Bretagne dans leurs d\u00e9marches de d\u00e9veloppement durable et solidaire.","og_url":"https:\/\/www.lecollectifdesfestivals.org\/collectif\/2023\/09\/cr-comment-les-artistes-sengagent-ou-peuvent-iels-sengager-dans-la-transition-ecologique\/","og_site_name":"Le Collectif des festivals","article_publisher":"https:\/\/www.facebook.com\/LeCollectifDesFestivals\/","article_published_time":"2023-09-29T09:23:33+00:00","article_modified_time":"2024-11-25T14:55:58+00:00","author":"Le Collectif","twitter_card":"summary_large_image","twitter_creator":"@CollFestivals","twitter_site":"@CollFestivals","twitter_misc":{"\u00c9crit par":"Le Collectif","Dur\u00e9e de lecture estim\u00e9e":"1 minute"},"schema":{"@context":"https:\/\/schema.org","@graph":[{"@type":"Article","@id":"https:\/\/www.lecollectifdesfestivals.org\/collectif\/2023\/09\/cr-comment-les-artistes-sengagent-ou-peuvent-iels-sengager-dans-la-transition-ecologique\/#article","isPartOf":{"@id":"https:\/\/www.lecollectifdesfestivals.org\/collectif\/2023\/09\/cr-comment-les-artistes-sengagent-ou-peuvent-iels-sengager-dans-la-transition-ecologique\/"},"author":{"name":"Le Collectif","@id":"https:\/\/www.lecollectifdesfestivals.org\/collectif\/#\/schema\/person\/86601dd4ec4be86cc3e9fc0f7a6de31c"},"headline":"[CR] Comment les artistes s\u2019engagent ou peuvent-iels s\u2019engager dans la transition \u00e9cologique\u00a0?","datePublished":"2023-09-29T09:23:33+00:00","dateModified":"2024-11-25T14:55:58+00:00","mainEntityOfPage":{"@id":"https:\/\/www.lecollectifdesfestivals.org\/collectif\/2023\/09\/cr-comment-les-artistes-sengagent-ou-peuvent-iels-sengager-dans-la-transition-ecologique\/"},"wordCount":159,"articleSection":["Comptes-rendus","Culture et d\u00e9veloppement durable","Festivals","Mobilit\u00e9s \/ Transports"],"inLanguage":"fr-FR"},{"@type":"WebPage","@id":"https:\/\/www.lecollectifdesfestivals.org\/collectif\/2023\/09\/cr-comment-les-artistes-sengagent-ou-peuvent-iels-sengager-dans-la-transition-ecologique\/","url":"https:\/\/www.lecollectifdesfestivals.org\/collectif\/2023\/09\/cr-comment-les-artistes-sengagent-ou-peuvent-iels-sengager-dans-la-transition-ecologique\/","name":"[CR] Comment les artistes s\u2019engagent ou peuvent-iels s\u2019engager dans la transition \u00e9cologique\u00a0? &#8226; Le Collectif des festivals","isPartOf":{"@id":"https:\/\/www.lecollectifdesfestivals.org\/collectif\/#website"},"datePublished":"2023-09-29T09:23:33+00:00","dateModified":"2024-11-25T14:55:58+00:00","author":{"@id":"https:\/\/www.lecollectifdesfestivals.org\/collectif\/#\/schema\/person\/86601dd4ec4be86cc3e9fc0f7a6de31c"},"description":"Le Collectif des festivals accompagne les organisateurs de festivals de Bretagne dans leurs d\u00e9marches de d\u00e9veloppement durable et solidaire.","breadcrumb":{"@id":"https:\/\/www.lecollectifdesfestivals.org\/collectif\/2023\/09\/cr-comment-les-artistes-sengagent-ou-peuvent-iels-sengager-dans-la-transition-ecologique\/#breadcrumb"},"inLanguage":"fr-FR","potentialAction":[{"@type":"ReadAction","target":["https:\/\/www.lecollectifdesfestivals.org\/collectif\/2023\/09\/cr-comment-les-artistes-sengagent-ou-peuvent-iels-sengager-dans-la-transition-ecologique\/"]}]},{"@type":"BreadcrumbList","@id":"https:\/\/www.lecollectifdesfestivals.org\/collectif\/2023\/09\/cr-comment-les-artistes-sengagent-ou-peuvent-iels-sengager-dans-la-transition-ecologique\/#breadcrumb","itemListElement":[{"@type":"ListItem","position":1,"name":"Accueil","item":"https:\/\/www.lecollectifdesfestivals.org\/collectif\/"},{"@type":"ListItem","position":2,"name":"[CR] Comment les artistes s\u2019engagent ou peuvent-iels s\u2019engager dans la transition \u00e9cologique\u00a0?"}]},{"@type":"WebSite","@id":"https:\/\/www.lecollectifdesfestivals.org\/collectif\/#website","url":"https:\/\/www.lecollectifdesfestivals.org\/collectif\/","name":"Le Collectif des festivals","description":"Depuis 2005, le Collectif des festivals accompagne les acteurices culturel\u00b7les dans leurs d\u00e9marches de d\u00e9veloppement durable.","potentialAction":[{"@type":"SearchAction","target":{"@type":"EntryPoint","urlTemplate":"https:\/\/www.lecollectifdesfestivals.org\/collectif\/?s={search_term_string}"},"query-input":{"@type":"PropertyValueSpecification","valueRequired":true,"valueName":"search_term_string"}}],"inLanguage":"fr-FR"},{"@type":"Person","@id":"https:\/\/www.lecollectifdesfestivals.org\/collectif\/#\/schema\/person\/86601dd4ec4be86cc3e9fc0f7a6de31c","name":"Le Collectif","image":{"@type":"ImageObject","inLanguage":"fr-FR","@id":"https:\/\/secure.gravatar.com\/avatar\/89073059d9fc0729af171a2cef817d198574cc88ac24fc455b289cc6ea1e6caa?s=96&d=mm&r=g","url":"https:\/\/secure.gravatar.com\/avatar\/89073059d9fc0729af171a2cef817d198574cc88ac24fc455b289cc6ea1e6caa?s=96&d=mm&r=g","contentUrl":"https:\/\/secure.gravatar.com\/avatar\/89073059d9fc0729af171a2cef817d198574cc88ac24fc455b289cc6ea1e6caa?s=96&d=mm&r=g","caption":"Le Collectif"}}]}},"_links":{"self":[{"href":"https:\/\/www.lecollectifdesfestivals.org\/collectif\/wp-json\/wp\/v2\/posts\/24133","targetHints":{"allow":["GET"]}}],"collection":[{"href":"https:\/\/www.lecollectifdesfestivals.org\/collectif\/wp-json\/wp\/v2\/posts"}],"about":[{"href":"https:\/\/www.lecollectifdesfestivals.org\/collectif\/wp-json\/wp\/v2\/types\/post"}],"author":[{"embeddable":true,"href":"https:\/\/www.lecollectifdesfestivals.org\/collectif\/wp-json\/wp\/v2\/users\/1"}],"replies":[{"embeddable":true,"href":"https:\/\/www.lecollectifdesfestivals.org\/collectif\/wp-json\/wp\/v2\/comments?post=24133"}],"version-history":[{"count":1,"href":"https:\/\/www.lecollectifdesfestivals.org\/collectif\/wp-json\/wp\/v2\/posts\/24133\/revisions"}],"predecessor-version":[{"id":24134,"href":"https:\/\/www.lecollectifdesfestivals.org\/collectif\/wp-json\/wp\/v2\/posts\/24133\/revisions\/24134"}],"wp:attachment":[{"href":"https:\/\/www.lecollectifdesfestivals.org\/collectif\/wp-json\/wp\/v2\/media?parent=24133"}],"wp:term":[{"taxonomy":"category","embeddable":true,"href":"https:\/\/www.lecollectifdesfestivals.org\/collectif\/wp-json\/wp\/v2\/categories?post=24133"},{"taxonomy":"post_tag","embeddable":true,"href":"https:\/\/www.lecollectifdesfestivals.org\/collectif\/wp-json\/wp\/v2\/tags?post=24133"}],"curies":[{"name":"wp","href":"https:\/\/api.w.org\/{rel}","templated":true}]}}