{"id":25220,"date":"2024-02-28T17:13:06","date_gmt":"2024-02-28T16:13:06","guid":{"rendered":"https:\/\/www.lecollectifdesfestivals.org\/collectif\/?p=25220"},"modified":"2024-03-18T16:22:07","modified_gmt":"2024-03-18T15:22:07","slug":"fem-resultats-enquete","status":"publish","type":"post","link":"https:\/\/www.lecollectifdesfestivals.org\/collectif\/2024\/02\/fem-resultats-enquete\/","title":{"rendered":"Festivals en Mouvement : les chiffres de l&rsquo;enqu\u00eate mobilit\u00e9 d\u00e9voil\u00e9s, en route vers les exp\u00e9rimentations"},"content":{"rendered":"\n<p>Le 31 janvier&nbsp; dernier, plus de 100 personnes ont suivi le webinaire de pr\u00e9sentation de la grande enqu\u00eate nationale sur la mobilit\u00e9 des publics et des \u00e9quipes de festivals, r\u00e9alis\u00e9e par la coop\u00e9rative<a href=\"https:\/\/www.linkedin.com\/company\/sociotopie\/\"> <\/a>de sciences humaines et sociales appliqu\u00e9es <a href=\"https:\/\/www.linkedin.com\/company\/sociotopie\/\" target=\"_blank\" rel=\"noreferrer noopener\">Sociotopie<\/a> pour le projet national <a href=\"https:\/\/www.lecollectifdesfestivals.org\/collectif\/2023\/03\/fem\/\">Festivals en mouvement.<\/a><\/p>\n\n\n\n<p>Lanc\u00e9 en 2022, ce projet port\u00e9 par le <a href=\"https:\/\/www.linkedin.com\/company\/collectifr2d2\/\">collectif R2D2 <\/a>* s\u2019est donn\u00e9 comme objectif de r\u00e9duire l\u2019empreinte environnementale li\u00e9e \u00e0 la mobilit\u00e9 des publics et \u00e9quipes de festivals. Pour ce faire, une premi\u00e8re phase indispensable d\u2019\u00e9tude des pratiques de mobilit\u00e9 a pu \u00eatre men\u00e9e aupr\u00e8s des 50 festivals partenaires entre avril et octobre 2023.<\/p>\n\n\n\n<p>Les 13 900 r\u00e9ponses exploitables obtenues et les 150 personnes interrog\u00e9es en entretien de rue pour des donn\u00e9es qualitatives ont fait ressortir quelques enseignements.<\/p>\n\n\n\n<ul class=\"wp-block-list\">\n<li>La&nbsp;<strong>voiture thermique repr\u00e9sente la part largement majoritaire des mobilit\u00e9s des publics et des \u00e9quipes pour se rendre au festival<\/strong>&nbsp;(59,2%), suivie par le train (13,7%) et la marche (7,6%).<\/li>\n\n\n\n<li>Parmi les personnes venant en voiture, le&nbsp;<strong>covoiturage informel est majoritaire<\/strong>&nbsp;(83,7%), et&nbsp;<strong>\u201cl\u2019autosolisme\u201d est plus pr\u00e9sent dans les trajets des \u00e9quipes<\/strong>&nbsp;(38%) que des publics (10,7%).<\/li>\n\n\n\n<li><strong>Les \u00e9quipes viennent en majorit\u00e9 en voiture<\/strong>&nbsp;(51,2%) mais utilisent plus le v\u00e9lo ou la marche que les publics car leur h\u00e9bergement est plus proche.<\/li>\n\n\n\n<li><strong>La praticit\u00e9 (autonomie et libert\u00e9 de mouvement) est le principal facteur du choix de mobilit\u00e9<\/strong>&nbsp;(32,7%), suivi par le fait de ne pas avoir d\u2019autre choix (26,1%) et la rapidit\u00e9 (16,1%) ;<\/li>\n\n\n\n<li>La&nbsp;<strong>majorit\u00e9 des publics et \u00e9quipes affirme que l\u2019engagement environnemental d\u2019un festival joue dans leur choix d\u2019y aller ou d\u2019y travailler<\/strong>&nbsp;(56%).<\/li>\n<\/ul>\n\n\n\n<figure class=\"wp-block-image\"><img decoding=\"async\" src=\"https:\/\/cofees.fr\/wp-content\/uploads\/2024\/02\/Fest-Mob_restitution-finale_charte-cdf.pptx-1-1024x609.png\" alt=\"\" class=\"wp-image-23491\"\/><figcaption class=\"wp-element-caption\"><em>Extrait de la restitution des r\u00e9sultats de l\u2019enqu\u00eate<\/em><\/figcaption><\/figure>\n\n\n\n<p>Cette \u00e9tude a \u00e9galement mis en avant des facteurs explicatifs de ces choix de mobilit\u00e9 :<\/p>\n\n\n\n<ul class=\"wp-block-list\">\n<li>la&nbsp;<strong>dissonance cognitive existante chez les personnes interrog\u00e9es, entre leur sensibilit\u00e9 aux enjeux \u00e9cologiques et leurs pratiques de mobilit\u00e9 dans le cadre des loisirs<\/strong>,<\/li>\n\n\n\n<li>le&nbsp;<strong>poids de l\u2019habitude qui influence les comportements de mobilit\u00e9<\/strong>, expliqu\u00e9 en partie par l\u2019importance de la charge mentale et du \u201ccapital mobilit\u00e9\u201d,<\/li>\n\n\n\n<li>le&nbsp;<strong>poids des repr\u00e9sentations sociales<\/strong>, qui jouent dans la perception de la voiture comme symbole de libert\u00e9, dans l\u2019opposition entre transport individuel et transport collectif (s\u00e9curit\u00e9, libert\u00e9 \/ ins\u00e9curit\u00e9, promiscuit\u00e9),<\/li>\n\n\n\n<li>l\u2019<strong>influence de la localisation du festival sur l\u2019intermodalit\u00e9 et les modes de d\u00e9placement utilis\u00e9s<\/strong>&nbsp;: localisation urbaine ou rurale, pr\u00e9sence ou non d\u2019am\u00e9nagements s\u00e9curis\u00e9s, pr\u00e9sence d\u2019un camping,<\/li>\n\n\n\n<li>l\u2019<strong>influence des offres de transports disponibles autour du festival<\/strong>.<\/li>\n<\/ul>\n\n\n\n<h2 class=\"wp-block-heading\">En route vers les exp\u00e9rimentations<\/h2>\n\n\n\n<p>Ces donn\u00e9es vont permettre d\u2019enrichir les travaux \u00e0 venir et plus particuli\u00e8rement les exp\u00e9rimentations imagin\u00e9es lors du marathon cr\u00e9atif des 6 et 7 d\u00e9cembre dernier \u00e0 Rennes. En effet, c\u2019est lors de deux journ\u00e9es intenses de travail collaboratif que les festivals partenaires du projet ont \u00e9labor\u00e9 des pistes d\u2019actions, dont 4 ont \u00e9t\u00e9 retenues pour b\u00e9n\u00e9ficier d\u2019un accompagnement de R2D2 :<\/p>\n\n\n\n<p>\u2022 <strong>Favoriser et inciter \u00e0 l\u2019utilisation du v\u00e9lo<\/strong>&nbsp;<br>L\u2019ins\u00e9curit\u00e9, les intemp\u00e9ries et le manque d\u2019infrastructures adapt\u00e9es sont autant de facteurs qui font du v\u00e9lo un des derniers modes de d\u00e9placement pour se rendre en festival. Plusieurs actions sont \u00e0 imaginer pour inciter les publics \u00e0 arborer leurs deux-roues !<\/p>\n\n\n\n<p>\u2022 <strong>Favoriser et inciter la pratique du covoiturage<\/strong>&nbsp;<br>Seulement 3 % des personnes qui pratiquent le covoiturage passent par une plateforme. Comment, en tant qu\u2019organisateur, favoriser ce mode de d\u00e9placement sans d\u00e9velopper une \u00e9ni\u00e8me application ? Ce kit cl\u00e9-en-main \u00e0 destination des festivals aura pour objectif de faciliter ce mode de d\u00e9placement.<\/p>\n\n\n\n<p>\u2022 <strong>Communiquer aupr\u00e8s des publics<\/strong>&nbsp;<br>Comment impulser une d\u00e9marche de changement lorsqu\u2019on ne conna\u00eet pas l\u2019impact de son mode de d\u00e9placement ? Cette campagne d\u2019information permettra aux publics de faire des choix \u00e9clair\u00e9s quant \u00e0 leurs modes de transport et se tourner plus facilement vers les mobilit\u00e9s douces.<\/p>\n\n\n\n<p>\u2022 <strong>Collaborer avec les acteurs du territoire et de la mobilit\u00e9<\/strong>&nbsp;<br>Comment convaincre et mobiliser les collectivit\u00e9s et acteurs de la mobilit\u00e9 pour d\u00e9velopper des offres de mobilit\u00e9s d\u00e9carbon\u00e9es et adapt\u00e9es ? Cette&nbsp; d\u00e9marche s\u2019appuiera sur des temps de concertation et de rencontres \u00e0 l\u2019occasion de festivals pour favoriser l&rsquo;inter connaissance des enjeux et contraintes de chacun et imaginer ensemble de nouvelles offres.<\/p>\n\n\n\n<p>Les 50 festivals en mouvement planchent sur ces sujets depuis le 19 f\u00e9vrier 2024 dans le cadre de groupes de travail mensuels.<\/p>\n\n\n\n<div class=\"wp-block-buttons is-layout-flex wp-block-buttons-is-layout-flex\">\n<div class=\"wp-block-button\"><a class=\"wp-block-button__link has-neve-link-hover-color-background-color has-background wp-element-button\" href=\"https:\/\/www.lecollectifdesfestivals.org\/collectif\/download\/Enquete_mobilite_festivals.pdf\">T\u00e9l\u00e9charger les r\u00e9sultats de l&rsquo;enqu\u00eate<\/a><\/div>\n\n\n\n<div class=\"wp-block-button\"><a class=\"wp-block-button__link has-neve-link-hover-color-background-color has-background wp-element-button\" href=\"https:\/\/www.youtube.com\/live\/q24mDMeaQig?si=eETl89SSFdFDgEBE\">Visionner le webinaire de pr\u00e9sentation des r\u00e9sultats<\/a><\/div>\n<\/div>\n\n\n\n<div class=\"wp-block-buttons is-layout-flex wp-block-buttons-is-layout-flex\"><\/div>\n\n\n\n<hr class=\"wp-block-separator has-alpha-channel-opacity\"\/>\n\n\n\n<p><em>* Festivals en mouvement est port\u00e9 par&nbsp;<a href=\"https:\/\/www.linkedin.com\/company\/collectifr2d2\/\">R2D2<\/a>, le collectif des r\u00e9seaux r\u00e9gionaux d\u2019accompagnement au d\u00e9veloppement durable des \u00e9v\u00e9nements.&nbsp;Il rassemble 10 structures et couvre 9 r\u00e9gions :&nbsp;<a href=\"https:\/\/cofees.fr\/\">COFEES<\/a>&nbsp;en r\u00e9gion PACA, le&nbsp;<a href=\"https:\/\/www.lecollectifdesfestivals.org\/collectif\/\">Collectif des festivals<\/a>&nbsp;en Bretagne,&nbsp;<a href=\"https:\/\/www.elemen-terre.org\/\">El\u00e9men\u2019terre&nbsp;<\/a>en Occitanie,&nbsp;<a href=\"https:\/\/ecomanifestations-alsace.fr\/\">Eco-Manifestations Alsace<\/a>&nbsp;et EMeRGE en r\u00e9gion Grand-Est,&nbsp;<a href=\"http:\/\/grandbureau.fr\/\">Grand Bureau<\/a>&nbsp;en Auvergne-Rh\u00f4ne-Alpes, le&nbsp;<a href=\"https:\/\/lepole.asso.fr\/\">P\u00f4le de coop\u00e9ration pour les musiques actuelles<\/a>&nbsp;en Pays de la Loire, et le&nbsp;<a href=\"https:\/\/www.reseau-eco-evenement.net\/qui-sommes-nous\/\">REEVE<\/a>&nbsp;en Pays de la Loire, le&nbsp;<a href=\"https:\/\/le-rim.org\/\">RIM<\/a>&nbsp;en Nouvelle-Aquitaine,&nbsp;<a href=\"https:\/\/www.norma-asso.fr\/\">Norma<\/a>&nbsp;en Normandie,&nbsp;<a href=\"http:\/\/www.haute-fidelite.org\/\">Haute-Fid\u00e9lit\u00e9&nbsp;<\/a>dans les Hauts de France.<\/em><\/p>\n\n\n\n<p><em>Ce projet est soutenu par la Banque des territoires dans le cadre du fonds France 2030.<\/em><\/p>\n","protected":false},"excerpt":{"rendered":"<p>Le 31 janvier&nbsp; dernier, plus de 100 personnes ont suivi le webinaire de pr\u00e9sentation de la grande enqu\u00eate nationale sur la mobilit\u00e9 des publics et des \u00e9quipes de festivals, r\u00e9alis\u00e9e par la coop\u00e9rative de sciences humaines et sociales appliqu\u00e9es Sociotopie pour le projet national Festivals en mouvement. Lanc\u00e9 en 2022, ce projet port\u00e9 par le&hellip;&nbsp;<a href=\"https:\/\/www.lecollectifdesfestivals.org\/collectif\/2024\/02\/fem-resultats-enquete\/\" rel=\"bookmark\">Lire la suite &raquo;<span class=\"screen-reader-text\">Festivals en Mouvement : les chiffres de l&rsquo;enqu\u00eate mobilit\u00e9 d\u00e9voil\u00e9s, en route vers les exp\u00e9rimentations<\/span><\/a><\/p>\n","protected":false},"author":1,"featured_media":0,"comment_status":"closed","ping_status":"closed","sticky":false,"template":"","format":"standard","meta":{"neve_meta_sidebar":"","neve_meta_container":"","neve_meta_enable_content_width":"","neve_meta_content_width":0,"neve_meta_title_alignment":"","neve_meta_author_avatar":"","neve_post_elements_order":"","neve_meta_disable_header":"","neve_meta_disable_footer":"","neve_meta_disable_title":"","footnotes":""},"categories":[4],"tags":[],"class_list":["post-25220","post","type-post","status-publish","format-standard","hentry","category-actualites"],"yoast_head":"<!-- This site is optimized with the Yoast SEO plugin v27.4 - https:\/\/yoast.com\/product\/yoast-seo-wordpress\/ -->\n<title>Festivals en Mouvement : les chiffres de l&#039;enqu\u00eate mobilit\u00e9 d\u00e9voil\u00e9s, en route vers les exp\u00e9rimentations &#8226; Le Collectif des festivals<\/title>\n<meta name=\"description\" content=\"R\u00e9sultats de l&#039;enqu\u00eate nationale sur la mobilit\u00e9 des publics et \u00e9quipes des festivals\" \/>\n<meta name=\"robots\" content=\"index, follow, max-snippet:-1, max-image-preview:large, max-video-preview:-1\" \/>\n<link rel=\"canonical\" href=\"https:\/\/www.lecollectifdesfestivals.org\/collectif\/2024\/02\/fem-resultats-enquete\/\" \/>\n<meta property=\"og:locale\" content=\"fr_FR\" \/>\n<meta property=\"og:type\" content=\"article\" \/>\n<meta property=\"og:title\" content=\"Festivals en Mouvement : les chiffres de l&#039;enqu\u00eate mobilit\u00e9 d\u00e9voil\u00e9s, en route vers les exp\u00e9rimentations &#8226; Le Collectif des festivals\" \/>\n<meta property=\"og:description\" content=\"R\u00e9sultats de l&#039;enqu\u00eate nationale sur la mobilit\u00e9 des publics et \u00e9quipes des festivals\" \/>\n<meta property=\"og:url\" content=\"https:\/\/www.lecollectifdesfestivals.org\/collectif\/2024\/02\/fem-resultats-enquete\/\" \/>\n<meta property=\"og:site_name\" content=\"Le Collectif des festivals\" \/>\n<meta property=\"article:publisher\" content=\"https:\/\/www.facebook.com\/LeCollectifDesFestivals\/\" \/>\n<meta property=\"article:published_time\" content=\"2024-02-28T16:13:06+00:00\" \/>\n<meta property=\"article:modified_time\" content=\"2024-03-18T15:22:07+00:00\" \/>\n<meta property=\"og:image\" content=\"https:\/\/cofees.fr\/wp-content\/uploads\/2024\/02\/Fest-Mob_restitution-finale_charte-cdf.pptx-1-1024x609.png\" \/>\n<meta name=\"author\" content=\"Le Collectif\" \/>\n<meta name=\"twitter:card\" content=\"summary_large_image\" \/>\n<meta name=\"twitter:creator\" content=\"@CollFestivals\" \/>\n<meta name=\"twitter:site\" content=\"@CollFestivals\" \/>\n<meta name=\"twitter:label1\" content=\"\u00c9crit par\" \/>\n\t<meta name=\"twitter:data1\" content=\"Le Collectif\" \/>\n\t<meta name=\"twitter:label2\" content=\"Dur\u00e9e de lecture estim\u00e9e\" \/>\n\t<meta name=\"twitter:data2\" content=\"5 minutes\" \/>\n<script type=\"application\/ld+json\" class=\"yoast-schema-graph\">{\"@context\":\"https:\\\/\\\/schema.org\",\"@graph\":[{\"@type\":\"Article\",\"@id\":\"https:\\\/\\\/www.lecollectifdesfestivals.org\\\/collectif\\\/2024\\\/02\\\/fem-resultats-enquete\\\/#article\",\"isPartOf\":{\"@id\":\"https:\\\/\\\/www.lecollectifdesfestivals.org\\\/collectif\\\/2024\\\/02\\\/fem-resultats-enquete\\\/\"},\"author\":{\"name\":\"Le Collectif\",\"@id\":\"https:\\\/\\\/www.lecollectifdesfestivals.org\\\/collectif\\\/#\\\/schema\\\/person\\\/86601dd4ec4be86cc3e9fc0f7a6de31c\"},\"headline\":\"Festivals en Mouvement : les chiffres de l&rsquo;enqu\u00eate mobilit\u00e9 d\u00e9voil\u00e9s, en route vers les exp\u00e9rimentations\",\"datePublished\":\"2024-02-28T16:13:06+00:00\",\"dateModified\":\"2024-03-18T15:22:07+00:00\",\"mainEntityOfPage\":{\"@id\":\"https:\\\/\\\/www.lecollectifdesfestivals.org\\\/collectif\\\/2024\\\/02\\\/fem-resultats-enquete\\\/\"},\"wordCount\":942,\"image\":{\"@id\":\"https:\\\/\\\/www.lecollectifdesfestivals.org\\\/collectif\\\/2024\\\/02\\\/fem-resultats-enquete\\\/#primaryimage\"},\"thumbnailUrl\":\"https:\\\/\\\/cofees.fr\\\/wp-content\\\/uploads\\\/2024\\\/02\\\/Fest-Mob_restitution-finale_charte-cdf.pptx-1-1024x609.png\",\"articleSection\":[\"Actualit\u00e9s\"],\"inLanguage\":\"fr-FR\"},{\"@type\":\"WebPage\",\"@id\":\"https:\\\/\\\/www.lecollectifdesfestivals.org\\\/collectif\\\/2024\\\/02\\\/fem-resultats-enquete\\\/\",\"url\":\"https:\\\/\\\/www.lecollectifdesfestivals.org\\\/collectif\\\/2024\\\/02\\\/fem-resultats-enquete\\\/\",\"name\":\"Festivals en Mouvement : les chiffres de l'enqu\u00eate mobilit\u00e9 d\u00e9voil\u00e9s, en route vers les exp\u00e9rimentations &#8226; Le Collectif des festivals\",\"isPartOf\":{\"@id\":\"https:\\\/\\\/www.lecollectifdesfestivals.org\\\/collectif\\\/#website\"},\"primaryImageOfPage\":{\"@id\":\"https:\\\/\\\/www.lecollectifdesfestivals.org\\\/collectif\\\/2024\\\/02\\\/fem-resultats-enquete\\\/#primaryimage\"},\"image\":{\"@id\":\"https:\\\/\\\/www.lecollectifdesfestivals.org\\\/collectif\\\/2024\\\/02\\\/fem-resultats-enquete\\\/#primaryimage\"},\"thumbnailUrl\":\"https:\\\/\\\/cofees.fr\\\/wp-content\\\/uploads\\\/2024\\\/02\\\/Fest-Mob_restitution-finale_charte-cdf.pptx-1-1024x609.png\",\"datePublished\":\"2024-02-28T16:13:06+00:00\",\"dateModified\":\"2024-03-18T15:22:07+00:00\",\"author\":{\"@id\":\"https:\\\/\\\/www.lecollectifdesfestivals.org\\\/collectif\\\/#\\\/schema\\\/person\\\/86601dd4ec4be86cc3e9fc0f7a6de31c\"},\"description\":\"R\u00e9sultats de l'enqu\u00eate nationale sur la mobilit\u00e9 des publics et \u00e9quipes des festivals\",\"breadcrumb\":{\"@id\":\"https:\\\/\\\/www.lecollectifdesfestivals.org\\\/collectif\\\/2024\\\/02\\\/fem-resultats-enquete\\\/#breadcrumb\"},\"inLanguage\":\"fr-FR\",\"potentialAction\":[{\"@type\":\"ReadAction\",\"target\":[\"https:\\\/\\\/www.lecollectifdesfestivals.org\\\/collectif\\\/2024\\\/02\\\/fem-resultats-enquete\\\/\"]}]},{\"@type\":\"ImageObject\",\"inLanguage\":\"fr-FR\",\"@id\":\"https:\\\/\\\/www.lecollectifdesfestivals.org\\\/collectif\\\/2024\\\/02\\\/fem-resultats-enquete\\\/#primaryimage\",\"url\":\"https:\\\/\\\/cofees.fr\\\/wp-content\\\/uploads\\\/2024\\\/02\\\/Fest-Mob_restitution-finale_charte-cdf.pptx-1-1024x609.png\",\"contentUrl\":\"https:\\\/\\\/cofees.fr\\\/wp-content\\\/uploads\\\/2024\\\/02\\\/Fest-Mob_restitution-finale_charte-cdf.pptx-1-1024x609.png\"},{\"@type\":\"BreadcrumbList\",\"@id\":\"https:\\\/\\\/www.lecollectifdesfestivals.org\\\/collectif\\\/2024\\\/02\\\/fem-resultats-enquete\\\/#breadcrumb\",\"itemListElement\":[{\"@type\":\"ListItem\",\"position\":1,\"name\":\"Accueil\",\"item\":\"https:\\\/\\\/www.lecollectifdesfestivals.org\\\/collectif\\\/\"},{\"@type\":\"ListItem\",\"position\":2,\"name\":\"Festivals en Mouvement : les chiffres de l&rsquo;enqu\u00eate mobilit\u00e9 d\u00e9voil\u00e9s, en route vers les exp\u00e9rimentations\"}]},{\"@type\":\"WebSite\",\"@id\":\"https:\\\/\\\/www.lecollectifdesfestivals.org\\\/collectif\\\/#website\",\"url\":\"https:\\\/\\\/www.lecollectifdesfestivals.org\\\/collectif\\\/\",\"name\":\"Le Collectif des festivals\",\"description\":\"Depuis 2005, le Collectif des festivals accompagne les acteurices culturel\u00b7les dans leurs d\u00e9marches de d\u00e9veloppement durable.\",\"potentialAction\":[{\"@type\":\"SearchAction\",\"target\":{\"@type\":\"EntryPoint\",\"urlTemplate\":\"https:\\\/\\\/www.lecollectifdesfestivals.org\\\/collectif\\\/?s={search_term_string}\"},\"query-input\":{\"@type\":\"PropertyValueSpecification\",\"valueRequired\":true,\"valueName\":\"search_term_string\"}}],\"inLanguage\":\"fr-FR\"},{\"@type\":\"Person\",\"@id\":\"https:\\\/\\\/www.lecollectifdesfestivals.org\\\/collectif\\\/#\\\/schema\\\/person\\\/86601dd4ec4be86cc3e9fc0f7a6de31c\",\"name\":\"Le Collectif\",\"image\":{\"@type\":\"ImageObject\",\"inLanguage\":\"fr-FR\",\"@id\":\"https:\\\/\\\/secure.gravatar.com\\\/avatar\\\/89073059d9fc0729af171a2cef817d198574cc88ac24fc455b289cc6ea1e6caa?s=96&d=mm&r=g\",\"url\":\"https:\\\/\\\/secure.gravatar.com\\\/avatar\\\/89073059d9fc0729af171a2cef817d198574cc88ac24fc455b289cc6ea1e6caa?s=96&d=mm&r=g\",\"contentUrl\":\"https:\\\/\\\/secure.gravatar.com\\\/avatar\\\/89073059d9fc0729af171a2cef817d198574cc88ac24fc455b289cc6ea1e6caa?s=96&d=mm&r=g\",\"caption\":\"Le Collectif\"}}]}<\/script>\n<!-- \/ Yoast SEO plugin. -->","yoast_head_json":{"title":"Festivals en Mouvement : les chiffres de l'enqu\u00eate mobilit\u00e9 d\u00e9voil\u00e9s, en route vers les exp\u00e9rimentations &#8226; Le Collectif des festivals","description":"R\u00e9sultats de l'enqu\u00eate nationale sur la mobilit\u00e9 des publics et \u00e9quipes des festivals","robots":{"index":"index","follow":"follow","max-snippet":"max-snippet:-1","max-image-preview":"max-image-preview:large","max-video-preview":"max-video-preview:-1"},"canonical":"https:\/\/www.lecollectifdesfestivals.org\/collectif\/2024\/02\/fem-resultats-enquete\/","og_locale":"fr_FR","og_type":"article","og_title":"Festivals en Mouvement : les chiffres de l'enqu\u00eate mobilit\u00e9 d\u00e9voil\u00e9s, en route vers les exp\u00e9rimentations &#8226; Le Collectif des festivals","og_description":"R\u00e9sultats de l'enqu\u00eate nationale sur la mobilit\u00e9 des publics et \u00e9quipes des festivals","og_url":"https:\/\/www.lecollectifdesfestivals.org\/collectif\/2024\/02\/fem-resultats-enquete\/","og_site_name":"Le Collectif des festivals","article_publisher":"https:\/\/www.facebook.com\/LeCollectifDesFestivals\/","article_published_time":"2024-02-28T16:13:06+00:00","article_modified_time":"2024-03-18T15:22:07+00:00","og_image":[{"url":"https:\/\/cofees.fr\/wp-content\/uploads\/2024\/02\/Fest-Mob_restitution-finale_charte-cdf.pptx-1-1024x609.png","type":"","width":"","height":""}],"author":"Le Collectif","twitter_card":"summary_large_image","twitter_creator":"@CollFestivals","twitter_site":"@CollFestivals","twitter_misc":{"\u00c9crit par":"Le Collectif","Dur\u00e9e de lecture estim\u00e9e":"5 minutes"},"schema":{"@context":"https:\/\/schema.org","@graph":[{"@type":"Article","@id":"https:\/\/www.lecollectifdesfestivals.org\/collectif\/2024\/02\/fem-resultats-enquete\/#article","isPartOf":{"@id":"https:\/\/www.lecollectifdesfestivals.org\/collectif\/2024\/02\/fem-resultats-enquete\/"},"author":{"name":"Le Collectif","@id":"https:\/\/www.lecollectifdesfestivals.org\/collectif\/#\/schema\/person\/86601dd4ec4be86cc3e9fc0f7a6de31c"},"headline":"Festivals en Mouvement : les chiffres de l&rsquo;enqu\u00eate mobilit\u00e9 d\u00e9voil\u00e9s, en route vers les exp\u00e9rimentations","datePublished":"2024-02-28T16:13:06+00:00","dateModified":"2024-03-18T15:22:07+00:00","mainEntityOfPage":{"@id":"https:\/\/www.lecollectifdesfestivals.org\/collectif\/2024\/02\/fem-resultats-enquete\/"},"wordCount":942,"image":{"@id":"https:\/\/www.lecollectifdesfestivals.org\/collectif\/2024\/02\/fem-resultats-enquete\/#primaryimage"},"thumbnailUrl":"https:\/\/cofees.fr\/wp-content\/uploads\/2024\/02\/Fest-Mob_restitution-finale_charte-cdf.pptx-1-1024x609.png","articleSection":["Actualit\u00e9s"],"inLanguage":"fr-FR"},{"@type":"WebPage","@id":"https:\/\/www.lecollectifdesfestivals.org\/collectif\/2024\/02\/fem-resultats-enquete\/","url":"https:\/\/www.lecollectifdesfestivals.org\/collectif\/2024\/02\/fem-resultats-enquete\/","name":"Festivals en Mouvement : les chiffres de l'enqu\u00eate mobilit\u00e9 d\u00e9voil\u00e9s, en route vers les exp\u00e9rimentations &#8226; Le Collectif des festivals","isPartOf":{"@id":"https:\/\/www.lecollectifdesfestivals.org\/collectif\/#website"},"primaryImageOfPage":{"@id":"https:\/\/www.lecollectifdesfestivals.org\/collectif\/2024\/02\/fem-resultats-enquete\/#primaryimage"},"image":{"@id":"https:\/\/www.lecollectifdesfestivals.org\/collectif\/2024\/02\/fem-resultats-enquete\/#primaryimage"},"thumbnailUrl":"https:\/\/cofees.fr\/wp-content\/uploads\/2024\/02\/Fest-Mob_restitution-finale_charte-cdf.pptx-1-1024x609.png","datePublished":"2024-02-28T16:13:06+00:00","dateModified":"2024-03-18T15:22:07+00:00","author":{"@id":"https:\/\/www.lecollectifdesfestivals.org\/collectif\/#\/schema\/person\/86601dd4ec4be86cc3e9fc0f7a6de31c"},"description":"R\u00e9sultats de l'enqu\u00eate nationale sur la mobilit\u00e9 des publics et \u00e9quipes des festivals","breadcrumb":{"@id":"https:\/\/www.lecollectifdesfestivals.org\/collectif\/2024\/02\/fem-resultats-enquete\/#breadcrumb"},"inLanguage":"fr-FR","potentialAction":[{"@type":"ReadAction","target":["https:\/\/www.lecollectifdesfestivals.org\/collectif\/2024\/02\/fem-resultats-enquete\/"]}]},{"@type":"ImageObject","inLanguage":"fr-FR","@id":"https:\/\/www.lecollectifdesfestivals.org\/collectif\/2024\/02\/fem-resultats-enquete\/#primaryimage","url":"https:\/\/cofees.fr\/wp-content\/uploads\/2024\/02\/Fest-Mob_restitution-finale_charte-cdf.pptx-1-1024x609.png","contentUrl":"https:\/\/cofees.fr\/wp-content\/uploads\/2024\/02\/Fest-Mob_restitution-finale_charte-cdf.pptx-1-1024x609.png"},{"@type":"BreadcrumbList","@id":"https:\/\/www.lecollectifdesfestivals.org\/collectif\/2024\/02\/fem-resultats-enquete\/#breadcrumb","itemListElement":[{"@type":"ListItem","position":1,"name":"Accueil","item":"https:\/\/www.lecollectifdesfestivals.org\/collectif\/"},{"@type":"ListItem","position":2,"name":"Festivals en Mouvement : les chiffres de l&rsquo;enqu\u00eate mobilit\u00e9 d\u00e9voil\u00e9s, en route vers les exp\u00e9rimentations"}]},{"@type":"WebSite","@id":"https:\/\/www.lecollectifdesfestivals.org\/collectif\/#website","url":"https:\/\/www.lecollectifdesfestivals.org\/collectif\/","name":"Le Collectif des festivals","description":"Depuis 2005, le Collectif des festivals accompagne les acteurices culturel\u00b7les dans leurs d\u00e9marches de d\u00e9veloppement durable.","potentialAction":[{"@type":"SearchAction","target":{"@type":"EntryPoint","urlTemplate":"https:\/\/www.lecollectifdesfestivals.org\/collectif\/?s={search_term_string}"},"query-input":{"@type":"PropertyValueSpecification","valueRequired":true,"valueName":"search_term_string"}}],"inLanguage":"fr-FR"},{"@type":"Person","@id":"https:\/\/www.lecollectifdesfestivals.org\/collectif\/#\/schema\/person\/86601dd4ec4be86cc3e9fc0f7a6de31c","name":"Le Collectif","image":{"@type":"ImageObject","inLanguage":"fr-FR","@id":"https:\/\/secure.gravatar.com\/avatar\/89073059d9fc0729af171a2cef817d198574cc88ac24fc455b289cc6ea1e6caa?s=96&d=mm&r=g","url":"https:\/\/secure.gravatar.com\/avatar\/89073059d9fc0729af171a2cef817d198574cc88ac24fc455b289cc6ea1e6caa?s=96&d=mm&r=g","contentUrl":"https:\/\/secure.gravatar.com\/avatar\/89073059d9fc0729af171a2cef817d198574cc88ac24fc455b289cc6ea1e6caa?s=96&d=mm&r=g","caption":"Le Collectif"}}]}},"_links":{"self":[{"href":"https:\/\/www.lecollectifdesfestivals.org\/collectif\/wp-json\/wp\/v2\/posts\/25220","targetHints":{"allow":["GET"]}}],"collection":[{"href":"https:\/\/www.lecollectifdesfestivals.org\/collectif\/wp-json\/wp\/v2\/posts"}],"about":[{"href":"https:\/\/www.lecollectifdesfestivals.org\/collectif\/wp-json\/wp\/v2\/types\/post"}],"author":[{"embeddable":true,"href":"https:\/\/www.lecollectifdesfestivals.org\/collectif\/wp-json\/wp\/v2\/users\/1"}],"replies":[{"embeddable":true,"href":"https:\/\/www.lecollectifdesfestivals.org\/collectif\/wp-json\/wp\/v2\/comments?post=25220"}],"version-history":[{"count":4,"href":"https:\/\/www.lecollectifdesfestivals.org\/collectif\/wp-json\/wp\/v2\/posts\/25220\/revisions"}],"predecessor-version":[{"id":25341,"href":"https:\/\/www.lecollectifdesfestivals.org\/collectif\/wp-json\/wp\/v2\/posts\/25220\/revisions\/25341"}],"wp:attachment":[{"href":"https:\/\/www.lecollectifdesfestivals.org\/collectif\/wp-json\/wp\/v2\/media?parent=25220"}],"wp:term":[{"taxonomy":"category","embeddable":true,"href":"https:\/\/www.lecollectifdesfestivals.org\/collectif\/wp-json\/wp\/v2\/categories?post=25220"},{"taxonomy":"post_tag","embeddable":true,"href":"https:\/\/www.lecollectifdesfestivals.org\/collectif\/wp-json\/wp\/v2\/tags?post=25220"}],"curies":[{"name":"wp","href":"https:\/\/api.w.org\/{rel}","templated":true}]}}