{"id":25236,"date":"2024-03-04T15:07:14","date_gmt":"2024-03-04T14:07:14","guid":{"rendered":"https:\/\/www.lecollectifdesfestivals.org\/collectif\/?p=25236"},"modified":"2025-02-05T11:52:10","modified_gmt":"2025-02-05T10:52:10","slug":"enquete-nationale-mobilite","status":"publish","type":"post","link":"https:\/\/www.lecollectifdesfestivals.org\/collectif\/2024\/03\/enquete-nationale-mobilite\/","title":{"rendered":"Enqu\u00eate nationale sur la mobilit\u00e9 des \u00e9quipes et publics des festivals"},"content":{"rendered":"\n<p>Dans le cadre du projet <a href=\"https:\/\/www.lecollectifdesfestivals.org\/collectif\/2023\/03\/fem\/\">Festivals en mouvement<\/a>, R2D2 a confi\u00e9 \u00e0 la coop\u00e9rative de sciences humaines et sociales appliqu\u00e9e <a href=\"https:\/\/www.linkedin.com\/company\/sociotopie\/\" target=\"_blank\" rel=\"noreferrer noopener\" class=\"broken_link\">Sociotopie<\/a> une enqu\u00eate nationale sur les pratiques de mobilit\u00e9 des \u00e9quipes et publics des festivals.<\/p>\n\n\n\n<p>Les 13 900 r\u00e9ponses exploitables obtenues et les 150 personnes interrog\u00e9es en entretien de rue pour des donn\u00e9es qualitatives ont fait ressortir quelques enseignements.<\/p>\n\n\n\n<ul>\n<li>La&nbsp;<strong>voiture thermique repr\u00e9sente la part largement majoritaire des mobilit\u00e9s des publics et des \u00e9quipes pour se rendre au festival<\/strong>&nbsp;(59,2%), suivie par le train (13,7%) et la marche (7,6%).<\/li>\n\n\n\n<li>Parmi les personnes venant en voiture, le&nbsp;<strong>covoiturage informel est majoritaire<\/strong>&nbsp;(83,7%), et&nbsp;<strong>\u201cl\u2019autosolisme\u201d est plus pr\u00e9sent dans les trajets des \u00e9quipes<\/strong>&nbsp;(38%) que des publics (10,7%).<\/li>\n\n\n\n<li><strong>Les \u00e9quipes viennent en majorit\u00e9 en voiture<\/strong>&nbsp;(51,2%) mais utilisent plus le v\u00e9lo ou la marche que les publics car leur h\u00e9bergement est plus proche.<\/li>\n\n\n\n<li><strong>La praticit\u00e9 (autonomie et libert\u00e9 de mouvement) est le principal facteur du choix de mobilit\u00e9<\/strong>&nbsp;(32,7%), suivi par le fait de ne pas avoir d\u2019autre choix (26,1%) et la rapidit\u00e9 (16,1%) ;<\/li>\n\n\n\n<li>La&nbsp;<strong>majorit\u00e9 des publics et \u00e9quipes affirme que l\u2019engagement environnemental d\u2019un festival joue dans leur choix d\u2019y aller ou d\u2019y travailler<\/strong>&nbsp;(56%).<\/li>\n<\/ul>\n\n\n\n<p>Cette \u00e9tude a \u00e9galement mis en avant des facteurs explicatifs de ces choix de mobilit\u00e9 :<\/p>\n\n\n\n<ul>\n<li>la&nbsp;<strong>dissonance cognitive existante chez les personnes interrog\u00e9es, entre leur sensibilit\u00e9 aux enjeux \u00e9cologiques et leurs pratiques de mobilit\u00e9 dans le cadre des loisirs<\/strong>,<\/li>\n\n\n\n<li>le&nbsp;<strong>poids de l\u2019habitude qui influence les comportements de mobilit\u00e9<\/strong>, expliqu\u00e9 en partie par l\u2019importance de la charge mentale et du \u201ccapital mobilit\u00e9\u201d,<\/li>\n\n\n\n<li>le&nbsp;<strong>poids des repr\u00e9sentations sociales<\/strong>, qui jouent dans la perception de la voiture comme symbole de libert\u00e9, dans l\u2019opposition entre transport individuel et transport collectif (s\u00e9curit\u00e9, libert\u00e9 \/ ins\u00e9curit\u00e9, promiscuit\u00e9),<\/li>\n\n\n\n<li>l\u2019<strong>influence de la localisation du festival sur l\u2019intermodalit\u00e9 et les modes de d\u00e9placement utilis\u00e9s<\/strong>&nbsp;: localisation urbaine ou rurale, pr\u00e9sence ou non d\u2019am\u00e9nagements s\u00e9curis\u00e9s, pr\u00e9sence d\u2019un camping,<\/li>\n\n\n\n<li>l\u2019<strong>influence des offres de transports disponibles autour du festival<\/strong>.<\/li>\n<\/ul>\n\n\n\n<div class=\"wp-block-buttons is-layout-flex wp-block-buttons-is-layout-flex\">\n<div class=\"wp-block-button\"><a class=\"wp-block-button__link has-neve-link-hover-color-background-color has-background wp-element-button\" href=\"https:\/\/www.lecollectifdesfestivals.org\/collectif\/download\/Enquete_mobilite_festivals.pdf\">Consulter les r\u00e9sultats de l&rsquo;enqu\u00eate<\/a><\/div>\n\n\n\n<div class=\"wp-block-button\"><a class=\"wp-block-button__link has-neve-link-hover-color-background-color has-background wp-element-button\" href=\"https:\/\/www.youtube.com\/live\/q24mDMeaQig?si=eETl89SSFdFDgEBE\" target=\"_blank\" rel=\"noreferrer noopener\">Visionner le webinaire de pr\u00e9sentation des r\u00e9sultats<\/a><\/div>\n\n\n\n<div class=\"wp-block-button\"><a class=\"wp-block-button__link has-neve-link-hover-color-background-color has-background wp-element-button\" href=\"https:\/\/www.lecollectifdesfestivals.org\/collectif\/download\/Synthese_enquete_FEM.pdf\">Consulter la synth\u00e8se de l&rsquo;enqu\u00eate<\/a><\/div>\n<\/div>\n","protected":false},"excerpt":{"rendered":"<p>Dans le cadre du projet Festivals en mouvement, R2D2 a confi\u00e9 \u00e0 la coop\u00e9rative de sciences humaines et sociales appliqu\u00e9e Sociotopie une enqu\u00eate nationale sur les pratiques de mobilit\u00e9 des \u00e9quipes et publics des festivals. Les 13 900 r\u00e9ponses exploitables obtenues et les 150 personnes interrog\u00e9es en entretien de rue pour des donn\u00e9es qualitatives ont&hellip;&nbsp;<a href=\"https:\/\/www.lecollectifdesfestivals.org\/collectif\/2024\/03\/enquete-nationale-mobilite\/\" class=\"\" rel=\"bookmark\">Lire la suite &raquo;<span class=\"screen-reader-text\">Enqu\u00eate nationale sur la mobilit\u00e9 des \u00e9quipes et publics des festivals<\/span><\/a><\/p>\n","protected":false},"author":1,"featured_media":0,"comment_status":"closed","ping_status":"closed","sticky":false,"template":"","format":"standard","meta":{"neve_meta_sidebar":"","neve_meta_container":"","neve_meta_enable_content_width":"","neve_meta_content_width":0,"neve_meta_title_alignment":"","neve_meta_author_avatar":"","neve_post_elements_order":"","neve_meta_disable_header":"","neve_meta_disable_footer":"","neve_meta_disable_title":"","footnotes":""},"categories":[447,514,21],"tags":[499],"yoast_head":"<!-- This site is optimized with the Yoast SEO plugin v22.4 - https:\/\/yoast.com\/wordpress\/plugins\/seo\/ -->\n<title>Enqu\u00eate nationale sur la mobilit\u00e9 des \u00e9quipes et publics des festivals &#8226; Le Collectif des festivals<\/title>\n<meta name=\"description\" content=\"Le Collectif des festivals accompagne les organisateurs de festivals de Bretagne dans leurs d\u00e9marches de d\u00e9veloppement durable et solidaire.\" \/>\n<meta name=\"robots\" content=\"index, follow, max-snippet:-1, max-image-preview:large, max-video-preview:-1\" \/>\n<link rel=\"canonical\" href=\"https:\/\/www.lecollectifdesfestivals.org\/collectif\/2024\/03\/enquete-nationale-mobilite\/\" \/>\n<meta property=\"og:locale\" content=\"fr_FR\" \/>\n<meta property=\"og:type\" content=\"article\" \/>\n<meta property=\"og:title\" content=\"Enqu\u00eate nationale sur la mobilit\u00e9 des \u00e9quipes et publics des festivals &#8226; Le Collectif des festivals\" \/>\n<meta property=\"og:description\" content=\"Le Collectif des festivals accompagne les organisateurs de festivals de Bretagne dans leurs d\u00e9marches de d\u00e9veloppement durable et solidaire.\" \/>\n<meta property=\"og:url\" content=\"https:\/\/www.lecollectifdesfestivals.org\/collectif\/2024\/03\/enquete-nationale-mobilite\/\" \/>\n<meta property=\"og:site_name\" content=\"Le Collectif des festivals\" \/>\n<meta property=\"article:publisher\" content=\"https:\/\/www.facebook.com\/LeCollectifDesFestivals\/\" \/>\n<meta property=\"article:published_time\" content=\"2024-03-04T14:07:14+00:00\" \/>\n<meta property=\"article:modified_time\" content=\"2025-02-05T10:52:10+00:00\" \/>\n<meta name=\"author\" content=\"Le Collectif\" \/>\n<meta name=\"twitter:card\" content=\"summary_large_image\" \/>\n<meta name=\"twitter:creator\" content=\"@CollFestivals\" \/>\n<meta name=\"twitter:site\" content=\"@CollFestivals\" \/>\n<meta name=\"twitter:label1\" content=\"\u00c9crit par\" \/>\n\t<meta name=\"twitter:data1\" content=\"Le Collectif\" \/>\n\t<meta name=\"twitter:label2\" content=\"Dur\u00e9e de lecture estim\u00e9e\" \/>\n\t<meta name=\"twitter:data2\" content=\"2 minutes\" \/>\n<script type=\"application\/ld+json\" class=\"yoast-schema-graph\">{\"@context\":\"https:\/\/schema.org\",\"@graph\":[{\"@type\":\"WebPage\",\"@id\":\"https:\/\/www.lecollectifdesfestivals.org\/collectif\/2024\/03\/enquete-nationale-mobilite\/\",\"url\":\"https:\/\/www.lecollectifdesfestivals.org\/collectif\/2024\/03\/enquete-nationale-mobilite\/\",\"name\":\"Enqu\u00eate nationale sur la mobilit\u00e9 des \u00e9quipes et publics des festivals &#8226; Le Collectif des festivals\",\"isPartOf\":{\"@id\":\"https:\/\/www.lecollectifdesfestivals.org\/collectif\/#website\"},\"datePublished\":\"2024-03-04T14:07:14+00:00\",\"dateModified\":\"2025-02-05T10:52:10+00:00\",\"author\":{\"@id\":\"https:\/\/www.lecollectifdesfestivals.org\/collectif\/#\/schema\/person\/86601dd4ec4be86cc3e9fc0f7a6de31c\"},\"description\":\"Le Collectif des festivals accompagne les organisateurs de festivals de Bretagne dans leurs d\u00e9marches de d\u00e9veloppement durable et solidaire.\",\"breadcrumb\":{\"@id\":\"https:\/\/www.lecollectifdesfestivals.org\/collectif\/2024\/03\/enquete-nationale-mobilite\/#breadcrumb\"},\"inLanguage\":\"fr-FR\",\"potentialAction\":[{\"@type\":\"ReadAction\",\"target\":[\"https:\/\/www.lecollectifdesfestivals.org\/collectif\/2024\/03\/enquete-nationale-mobilite\/\"]}]},{\"@type\":\"BreadcrumbList\",\"@id\":\"https:\/\/www.lecollectifdesfestivals.org\/collectif\/2024\/03\/enquete-nationale-mobilite\/#breadcrumb\",\"itemListElement\":[{\"@type\":\"ListItem\",\"position\":1,\"name\":\"Accueil\",\"item\":\"https:\/\/www.lecollectifdesfestivals.org\/collectif\/\"},{\"@type\":\"ListItem\",\"position\":2,\"name\":\"Enqu\u00eate nationale sur la mobilit\u00e9 des \u00e9quipes et publics des festivals\"}]},{\"@type\":\"WebSite\",\"@id\":\"https:\/\/www.lecollectifdesfestivals.org\/collectif\/#website\",\"url\":\"https:\/\/www.lecollectifdesfestivals.org\/collectif\/\",\"name\":\"Le Collectif des festivals\",\"description\":\"Depuis 2005,  le Collectif des festivals accompagne les transitions sociale et \u00e9cologique de la culture\",\"potentialAction\":[{\"@type\":\"SearchAction\",\"target\":{\"@type\":\"EntryPoint\",\"urlTemplate\":\"https:\/\/www.lecollectifdesfestivals.org\/collectif\/?s={search_term_string}\"},\"query-input\":\"required name=search_term_string\"}],\"inLanguage\":\"fr-FR\"},{\"@type\":\"Person\",\"@id\":\"https:\/\/www.lecollectifdesfestivals.org\/collectif\/#\/schema\/person\/86601dd4ec4be86cc3e9fc0f7a6de31c\",\"name\":\"Le Collectif\",\"image\":{\"@type\":\"ImageObject\",\"inLanguage\":\"fr-FR\",\"@id\":\"https:\/\/www.lecollectifdesfestivals.org\/collectif\/#\/schema\/person\/image\/\",\"url\":\"https:\/\/secure.gravatar.com\/avatar\/1c1ef9ae3cde320fe2ff622731a2244b?s=96&d=mm&r=g\",\"contentUrl\":\"https:\/\/secure.gravatar.com\/avatar\/1c1ef9ae3cde320fe2ff622731a2244b?s=96&d=mm&r=g\",\"caption\":\"Le Collectif\"}}]}<\/script>\n<!-- \/ Yoast SEO plugin. -->","yoast_head_json":{"title":"Enqu\u00eate nationale sur la mobilit\u00e9 des \u00e9quipes et publics des festivals &#8226; Le Collectif des festivals","description":"Le Collectif des festivals accompagne les organisateurs de festivals de Bretagne dans leurs d\u00e9marches de d\u00e9veloppement durable et solidaire.","robots":{"index":"index","follow":"follow","max-snippet":"max-snippet:-1","max-image-preview":"max-image-preview:large","max-video-preview":"max-video-preview:-1"},"canonical":"https:\/\/www.lecollectifdesfestivals.org\/collectif\/2024\/03\/enquete-nationale-mobilite\/","og_locale":"fr_FR","og_type":"article","og_title":"Enqu\u00eate nationale sur la mobilit\u00e9 des \u00e9quipes et publics des festivals &#8226; Le Collectif des festivals","og_description":"Le Collectif des festivals accompagne les organisateurs de festivals de Bretagne dans leurs d\u00e9marches de d\u00e9veloppement durable et solidaire.","og_url":"https:\/\/www.lecollectifdesfestivals.org\/collectif\/2024\/03\/enquete-nationale-mobilite\/","og_site_name":"Le Collectif des festivals","article_publisher":"https:\/\/www.facebook.com\/LeCollectifDesFestivals\/","article_published_time":"2024-03-04T14:07:14+00:00","article_modified_time":"2025-02-05T10:52:10+00:00","author":"Le Collectif","twitter_card":"summary_large_image","twitter_creator":"@CollFestivals","twitter_site":"@CollFestivals","twitter_misc":{"\u00c9crit par":"Le Collectif","Dur\u00e9e de lecture estim\u00e9e":"2 minutes"},"schema":{"@context":"https:\/\/schema.org","@graph":[{"@type":"WebPage","@id":"https:\/\/www.lecollectifdesfestivals.org\/collectif\/2024\/03\/enquete-nationale-mobilite\/","url":"https:\/\/www.lecollectifdesfestivals.org\/collectif\/2024\/03\/enquete-nationale-mobilite\/","name":"Enqu\u00eate nationale sur la mobilit\u00e9 des \u00e9quipes et publics des festivals &#8226; Le Collectif des festivals","isPartOf":{"@id":"https:\/\/www.lecollectifdesfestivals.org\/collectif\/#website"},"datePublished":"2024-03-04T14:07:14+00:00","dateModified":"2025-02-05T10:52:10+00:00","author":{"@id":"https:\/\/www.lecollectifdesfestivals.org\/collectif\/#\/schema\/person\/86601dd4ec4be86cc3e9fc0f7a6de31c"},"description":"Le Collectif des festivals accompagne les organisateurs de festivals de Bretagne dans leurs d\u00e9marches de d\u00e9veloppement durable et solidaire.","breadcrumb":{"@id":"https:\/\/www.lecollectifdesfestivals.org\/collectif\/2024\/03\/enquete-nationale-mobilite\/#breadcrumb"},"inLanguage":"fr-FR","potentialAction":[{"@type":"ReadAction","target":["https:\/\/www.lecollectifdesfestivals.org\/collectif\/2024\/03\/enquete-nationale-mobilite\/"]}]},{"@type":"BreadcrumbList","@id":"https:\/\/www.lecollectifdesfestivals.org\/collectif\/2024\/03\/enquete-nationale-mobilite\/#breadcrumb","itemListElement":[{"@type":"ListItem","position":1,"name":"Accueil","item":"https:\/\/www.lecollectifdesfestivals.org\/collectif\/"},{"@type":"ListItem","position":2,"name":"Enqu\u00eate nationale sur la mobilit\u00e9 des \u00e9quipes et publics des festivals"}]},{"@type":"WebSite","@id":"https:\/\/www.lecollectifdesfestivals.org\/collectif\/#website","url":"https:\/\/www.lecollectifdesfestivals.org\/collectif\/","name":"Le Collectif des festivals","description":"Depuis 2005,  le Collectif des festivals accompagne les transitions sociale et \u00e9cologique de la culture","potentialAction":[{"@type":"SearchAction","target":{"@type":"EntryPoint","urlTemplate":"https:\/\/www.lecollectifdesfestivals.org\/collectif\/?s={search_term_string}"},"query-input":"required name=search_term_string"}],"inLanguage":"fr-FR"},{"@type":"Person","@id":"https:\/\/www.lecollectifdesfestivals.org\/collectif\/#\/schema\/person\/86601dd4ec4be86cc3e9fc0f7a6de31c","name":"Le Collectif","image":{"@type":"ImageObject","inLanguage":"fr-FR","@id":"https:\/\/www.lecollectifdesfestivals.org\/collectif\/#\/schema\/person\/image\/","url":"https:\/\/secure.gravatar.com\/avatar\/1c1ef9ae3cde320fe2ff622731a2244b?s=96&d=mm&r=g","contentUrl":"https:\/\/secure.gravatar.com\/avatar\/1c1ef9ae3cde320fe2ff622731a2244b?s=96&d=mm&r=g","caption":"Le Collectif"}}]}},"_links":{"self":[{"href":"https:\/\/www.lecollectifdesfestivals.org\/collectif\/wp-json\/wp\/v2\/posts\/25236"}],"collection":[{"href":"https:\/\/www.lecollectifdesfestivals.org\/collectif\/wp-json\/wp\/v2\/posts"}],"about":[{"href":"https:\/\/www.lecollectifdesfestivals.org\/collectif\/wp-json\/wp\/v2\/types\/post"}],"author":[{"embeddable":true,"href":"https:\/\/www.lecollectifdesfestivals.org\/collectif\/wp-json\/wp\/v2\/users\/1"}],"replies":[{"embeddable":true,"href":"https:\/\/www.lecollectifdesfestivals.org\/collectif\/wp-json\/wp\/v2\/comments?post=25236"}],"version-history":[{"count":2,"href":"https:\/\/www.lecollectifdesfestivals.org\/collectif\/wp-json\/wp\/v2\/posts\/25236\/revisions"}],"predecessor-version":[{"id":25771,"href":"https:\/\/www.lecollectifdesfestivals.org\/collectif\/wp-json\/wp\/v2\/posts\/25236\/revisions\/25771"}],"wp:attachment":[{"href":"https:\/\/www.lecollectifdesfestivals.org\/collectif\/wp-json\/wp\/v2\/media?parent=25236"}],"wp:term":[{"taxonomy":"category","embeddable":true,"href":"https:\/\/www.lecollectifdesfestivals.org\/collectif\/wp-json\/wp\/v2\/categories?post=25236"},{"taxonomy":"post_tag","embeddable":true,"href":"https:\/\/www.lecollectifdesfestivals.org\/collectif\/wp-json\/wp\/v2\/tags?post=25236"}],"curies":[{"name":"wp","href":"https:\/\/api.w.org\/{rel}","templated":true}]}}