{"id":26001,"date":"2024-06-13T14:39:30","date_gmt":"2024-06-13T12:39:30","guid":{"rendered":"https:\/\/www.lecollectifdesfestivals.org\/collectif\/?p=26001"},"modified":"2025-01-13T17:02:23","modified_gmt":"2025-01-13T16:02:23","slug":"cr-violences-en-milieu-festif","status":"publish","type":"post","link":"https:\/\/www.lecollectifdesfestivals.org\/collectif\/2024\/06\/cr-violences-en-milieu-festif\/","title":{"rendered":"[CR] Violences et rapports de domination en milieu festif"},"content":{"rendered":"\n<p>Le 11 avril 2024 s\u2019est d\u00e9roul\u00e9e \u00e0 Rennes la journ\u00e9e de r\u00e9flexion \u00ab\u00a0Violences et rapports de domination en milieu festif\u00a0\u00bb, organis\u00e9e par <a href=\"https:\/\/www.lecollectifdesfestivals.org\/collectif\/stourm\/\">Stourm<\/a>, qui a rassembl\u00e9 une centaine de personnes. \u00a0<\/p>\n\n\n\n<p>Cette journ\u00e9e a \u00e9t\u00e9 organis\u00e9e autour de la premi\u00e8re restitution des r\u00e9sultats d\u2019une enqu\u00eate sociologique sur les violences sexistes et sexuelles en milieu festif. Face au constat du peu de ressources scientifiques relatives \u00e0 cette question, Stourm a lanc\u00e9 en 2022 un projet d\u2019enqu\u00eate qualitative men\u00e9 par le cabinet d\u2019\u00e9tudes sociales <a href=\"https:\/\/www.lespetitesvoix.fr\/\">Les Petites Voix<\/a>. Les sociologues Louise Gast\u00e9 et Julie Besnard ont men\u00e9 l\u2019enqu\u00eate de terrain en 2023.<br>L\u2019objectif \u00e9tait de visibiliser les manifestations et sp\u00e9cificit\u00e9s des violences dans ces espaces, en se fondant sur la parole et les exp\u00e9riences des femmes et\/ou personnes LGBTI+ ayant subi des violences.<br>Nous souhaitons, par ce travail, d\u00e9voiler les violences telles qu\u2019elles sont dans une soci\u00e9t\u00e9 o\u00f9 tout agit pour masquer la violence masculine, la minimiser, voire la justifier.<\/p>\n\n\n\n<p>Cette enqu\u00eate se veut un outil de conscientisation dont nous esp\u00e9rons que chacun\u00b7e pourra se saisir afin de le diffuser. C\u2019est \u00e9galement un travail qui nous permet de disposer d\u2019une base analytique pour agir au mieux contre les violences, et s\u2019organiser collectivement dans ce but.<\/p>\n\n\n\n<p>Ce dernier point \u00e9tait \u00e9galement l\u2019ambition de la journ\u00e9e, qui s\u2019est articul\u00e9e en plusieurs temps&nbsp;:<\/p>\n\n\n\n<ul class=\"wp-block-list\">\n<li><strong>La restitution des premiers<a href=\"https:\/\/www.lecollectifdesfestivals.org\/collectif\/2024\/10\/resultats-enquete-vss-festivals\/\"> r\u00e9sultats de l\u2019enqu\u00eate sociologique<\/a>,<\/strong> anim\u00e9 par Julie Besnard et Louise Gast\u00e9, suivie d\u2019un temps de questions-r\u00e9ponses avec le public.<\/li>\n\n\n\n<li><strong>Une table ronde autour des enjeux structurels de la pr\u00e9vention en milieu festif<\/strong>, dont l\u2019objectif \u00e9tait de faire dialoguer les diff\u00e9rent\u00b7es acteurices de la lutte contre les VSS en festival&nbsp;afin de faire \u00e9merger des besoins communs.<\/li>\n\n\n\n<li>Des focus en groupe ont \u00e9t\u00e9 propos\u00e9 par l\u2019apr\u00e8s-midi :\n<ul class=\"wp-block-list\">\n<li><strong>Paroles de victimes<\/strong> : comprendre l\u2019impact des violences sexistes et sexuelles sur les pratiques festives des femmes et personnes LGBTI+<\/li>\n\n\n\n<li>Les festivals sont-ils des <strong>espaces masculins <\/strong>? Penser les comportements oppressifs en milieu festif.<\/li>\n\n\n\n<li><strong>Racisme en milieu festif <\/strong>: comprendre pour agir.<\/li>\n\n\n\n<li>Lutter contre la <strong>transphobie en milieu festif<\/strong>.<\/li>\n<\/ul>\n<\/li>\n<\/ul>\n\n\n\n<p><strong>Lire les comptes-rendus :<\/strong><\/p>\n\n\n\n<div class=\"wp-block-buttons is-layout-flex wp-block-buttons-is-layout-flex\">\n<div class=\"wp-block-button\"><a class=\"wp-block-button__link has-nv-site-bg-color has-neve-link-hover-color-background-color has-text-color has-background has-link-color wp-element-button\" href=\"https:\/\/www.lecollectifdesfestivals.org\/collectif\/download\/CR_TR_Violences_en_milieu_festif.pdf\">Compte-rendu de la table ronde<\/a><\/div>\n\n\n\n<div class=\"wp-block-button\"><a class=\"wp-block-button__link has-nv-site-bg-color has-neve-link-hover-color-background-color has-text-color has-background has-link-color wp-element-button\" href=\"https:\/\/www.lecollectifdesfestivals.org\/collectif\/download\/CR_Focus_1_Parole_de_victime_110424.pdf\">Focus Paroles de victimes<\/a><\/div>\n\n\n\n<div class=\"wp-block-button\"><a class=\"wp-block-button__link has-nv-site-bg-color has-neve-link-hover-color-background-color has-text-color has-background has-link-color wp-element-button\" href=\"https:\/\/www.lecollectifdesfestivals.org\/collectif\/download\/CR_Focus_2_Espaces_masculins.pdf\">Focus Espaces masculins<\/a><\/div>\n\n\n\n<div class=\"wp-block-button\"><a class=\"wp-block-button__link has-nv-site-bg-color has-neve-link-hover-color-background-color has-text-color has-background has-link-color wp-element-button\" href=\"https:\/\/www.lecollectifdesfestivals.org\/collectif\/download\/CR_Focus_3_Racisme_110424.pdf\">Focus Racisme<\/a><\/div>\n\n\n\n<div class=\"wp-block-button\"><a class=\"wp-block-button__link has-nv-site-bg-color has-neve-link-hover-color-background-color has-text-color has-background has-link-color wp-element-button\" href=\"https:\/\/www.lecollectifdesfestivals.org\/collectif\/download\/CR_Focus_4_transphobie.pdf\">Focus Transphobie<\/a><\/div>\n<\/div>\n","protected":false},"excerpt":{"rendered":"<p>Le 11 avril 2024 s\u2019est d\u00e9roul\u00e9e \u00e0 Rennes la journ\u00e9e de r\u00e9flexion \u00ab\u00a0Violences et rapports de domination en milieu festif\u00a0\u00bb, organis\u00e9e par Stourm, qui a rassembl\u00e9 une centaine de personnes. \u00a0 Cette journ\u00e9e a \u00e9t\u00e9 organis\u00e9e autour de la premi\u00e8re restitution des r\u00e9sultats d\u2019une enqu\u00eate sociologique sur les violences sexistes et sexuelles en milieu festif.&hellip;&nbsp;<a href=\"https:\/\/www.lecollectifdesfestivals.org\/collectif\/2024\/06\/cr-violences-en-milieu-festif\/\" rel=\"bookmark\">Lire la suite &raquo;<span class=\"screen-reader-text\">[CR] Violences et rapports de domination en milieu festif<\/span><\/a><\/p>\n","protected":false},"author":1,"featured_media":0,"comment_status":"closed","ping_status":"closed","sticky":false,"template":"","format":"standard","meta":{"neve_meta_sidebar":"","neve_meta_container":"","neve_meta_enable_content_width":"","neve_meta_content_width":0,"neve_meta_title_alignment":"","neve_meta_author_avatar":"","neve_post_elements_order":"","neve_meta_disable_header":"","neve_meta_disable_footer":"","neve_meta_disable_title":"","footnotes":""},"categories":[4,177,423],"tags":[498,468],"class_list":["post-26001","post","type-post","status-publish","format-standard","hentry","category-actualites","category-cr-rencontres","category-egalite-et-vss","tag-discriminations","tag-vss"],"yoast_head":"<!-- This site is optimized with the Yoast SEO plugin v27.4 - https:\/\/yoast.com\/product\/yoast-seo-wordpress\/ -->\n<title>[CR] Violences et rapports de domination en milieu festif &#8226; Le Collectif des festivals<\/title>\n<meta name=\"description\" content=\"Le Collectif des festivals accompagne les organisateurs de festivals de Bretagne dans leurs d\u00e9marches de d\u00e9veloppement durable et solidaire.\" \/>\n<meta name=\"robots\" content=\"index, follow, max-snippet:-1, max-image-preview:large, max-video-preview:-1\" \/>\n<link rel=\"canonical\" href=\"https:\/\/www.lecollectifdesfestivals.org\/collectif\/2024\/06\/cr-violences-en-milieu-festif\/\" \/>\n<meta property=\"og:locale\" content=\"fr_FR\" \/>\n<meta property=\"og:type\" content=\"article\" \/>\n<meta property=\"og:title\" content=\"[CR] Violences et rapports de domination en milieu festif &#8226; Le Collectif des festivals\" \/>\n<meta property=\"og:description\" content=\"Le Collectif des festivals accompagne les organisateurs de festivals de Bretagne dans leurs d\u00e9marches de d\u00e9veloppement durable et solidaire.\" \/>\n<meta property=\"og:url\" content=\"https:\/\/www.lecollectifdesfestivals.org\/collectif\/2024\/06\/cr-violences-en-milieu-festif\/\" \/>\n<meta property=\"og:site_name\" content=\"Le Collectif des festivals\" \/>\n<meta property=\"article:publisher\" content=\"https:\/\/www.facebook.com\/LeCollectifDesFestivals\/\" \/>\n<meta property=\"article:published_time\" content=\"2024-06-13T12:39:30+00:00\" \/>\n<meta property=\"article:modified_time\" content=\"2025-01-13T16:02:23+00:00\" \/>\n<meta name=\"author\" content=\"Le Collectif\" \/>\n<meta name=\"twitter:card\" content=\"summary_large_image\" \/>\n<meta name=\"twitter:creator\" content=\"@CollFestivals\" \/>\n<meta name=\"twitter:site\" content=\"@CollFestivals\" \/>\n<meta name=\"twitter:label1\" content=\"\u00c9crit par\" \/>\n\t<meta name=\"twitter:data1\" content=\"Le Collectif\" \/>\n\t<meta name=\"twitter:label2\" content=\"Dur\u00e9e de lecture estim\u00e9e\" \/>\n\t<meta name=\"twitter:data2\" content=\"2 minutes\" \/>\n<script type=\"application\/ld+json\" class=\"yoast-schema-graph\">{\"@context\":\"https:\\\/\\\/schema.org\",\"@graph\":[{\"@type\":\"Article\",\"@id\":\"https:\\\/\\\/www.lecollectifdesfestivals.org\\\/collectif\\\/2024\\\/06\\\/cr-violences-en-milieu-festif\\\/#article\",\"isPartOf\":{\"@id\":\"https:\\\/\\\/www.lecollectifdesfestivals.org\\\/collectif\\\/2024\\\/06\\\/cr-violences-en-milieu-festif\\\/\"},\"author\":{\"name\":\"Le Collectif\",\"@id\":\"https:\\\/\\\/www.lecollectifdesfestivals.org\\\/collectif\\\/#\\\/schema\\\/person\\\/86601dd4ec4be86cc3e9fc0f7a6de31c\"},\"headline\":\"[CR] Violences et rapports de domination en milieu festif\",\"datePublished\":\"2024-06-13T12:39:30+00:00\",\"dateModified\":\"2025-01-13T16:02:23+00:00\",\"mainEntityOfPage\":{\"@id\":\"https:\\\/\\\/www.lecollectifdesfestivals.org\\\/collectif\\\/2024\\\/06\\\/cr-violences-en-milieu-festif\\\/\"},\"wordCount\":402,\"keywords\":[\"Discriminations\",\"VSS\"],\"articleSection\":[\"Actualit\u00e9s\",\"Comptes-rendus\",\"\u00c9galit\u00e9 et VSS\"],\"inLanguage\":\"fr-FR\"},{\"@type\":\"WebPage\",\"@id\":\"https:\\\/\\\/www.lecollectifdesfestivals.org\\\/collectif\\\/2024\\\/06\\\/cr-violences-en-milieu-festif\\\/\",\"url\":\"https:\\\/\\\/www.lecollectifdesfestivals.org\\\/collectif\\\/2024\\\/06\\\/cr-violences-en-milieu-festif\\\/\",\"name\":\"[CR] Violences et rapports de domination en milieu festif &#8226; Le Collectif des festivals\",\"isPartOf\":{\"@id\":\"https:\\\/\\\/www.lecollectifdesfestivals.org\\\/collectif\\\/#website\"},\"datePublished\":\"2024-06-13T12:39:30+00:00\",\"dateModified\":\"2025-01-13T16:02:23+00:00\",\"author\":{\"@id\":\"https:\\\/\\\/www.lecollectifdesfestivals.org\\\/collectif\\\/#\\\/schema\\\/person\\\/86601dd4ec4be86cc3e9fc0f7a6de31c\"},\"description\":\"Le Collectif des festivals accompagne les organisateurs de festivals de Bretagne dans leurs d\u00e9marches de d\u00e9veloppement durable et solidaire.\",\"breadcrumb\":{\"@id\":\"https:\\\/\\\/www.lecollectifdesfestivals.org\\\/collectif\\\/2024\\\/06\\\/cr-violences-en-milieu-festif\\\/#breadcrumb\"},\"inLanguage\":\"fr-FR\",\"potentialAction\":[{\"@type\":\"ReadAction\",\"target\":[\"https:\\\/\\\/www.lecollectifdesfestivals.org\\\/collectif\\\/2024\\\/06\\\/cr-violences-en-milieu-festif\\\/\"]}]},{\"@type\":\"BreadcrumbList\",\"@id\":\"https:\\\/\\\/www.lecollectifdesfestivals.org\\\/collectif\\\/2024\\\/06\\\/cr-violences-en-milieu-festif\\\/#breadcrumb\",\"itemListElement\":[{\"@type\":\"ListItem\",\"position\":1,\"name\":\"Accueil\",\"item\":\"https:\\\/\\\/www.lecollectifdesfestivals.org\\\/collectif\\\/\"},{\"@type\":\"ListItem\",\"position\":2,\"name\":\"[CR] Violences et rapports de domination en milieu festif\"}]},{\"@type\":\"WebSite\",\"@id\":\"https:\\\/\\\/www.lecollectifdesfestivals.org\\\/collectif\\\/#website\",\"url\":\"https:\\\/\\\/www.lecollectifdesfestivals.org\\\/collectif\\\/\",\"name\":\"Le Collectif des festivals\",\"description\":\"Depuis 2005, le Collectif des festivals accompagne les acteurices culturel\u00b7les dans leurs d\u00e9marches de d\u00e9veloppement durable.\",\"potentialAction\":[{\"@type\":\"SearchAction\",\"target\":{\"@type\":\"EntryPoint\",\"urlTemplate\":\"https:\\\/\\\/www.lecollectifdesfestivals.org\\\/collectif\\\/?s={search_term_string}\"},\"query-input\":{\"@type\":\"PropertyValueSpecification\",\"valueRequired\":true,\"valueName\":\"search_term_string\"}}],\"inLanguage\":\"fr-FR\"},{\"@type\":\"Person\",\"@id\":\"https:\\\/\\\/www.lecollectifdesfestivals.org\\\/collectif\\\/#\\\/schema\\\/person\\\/86601dd4ec4be86cc3e9fc0f7a6de31c\",\"name\":\"Le Collectif\",\"image\":{\"@type\":\"ImageObject\",\"inLanguage\":\"fr-FR\",\"@id\":\"https:\\\/\\\/secure.gravatar.com\\\/avatar\\\/89073059d9fc0729af171a2cef817d198574cc88ac24fc455b289cc6ea1e6caa?s=96&d=mm&r=g\",\"url\":\"https:\\\/\\\/secure.gravatar.com\\\/avatar\\\/89073059d9fc0729af171a2cef817d198574cc88ac24fc455b289cc6ea1e6caa?s=96&d=mm&r=g\",\"contentUrl\":\"https:\\\/\\\/secure.gravatar.com\\\/avatar\\\/89073059d9fc0729af171a2cef817d198574cc88ac24fc455b289cc6ea1e6caa?s=96&d=mm&r=g\",\"caption\":\"Le Collectif\"}}]}<\/script>\n<!-- \/ Yoast SEO plugin. -->","yoast_head_json":{"title":"[CR] Violences et rapports de domination en milieu festif &#8226; Le Collectif des festivals","description":"Le Collectif des festivals accompagne les organisateurs de festivals de Bretagne dans leurs d\u00e9marches de d\u00e9veloppement durable et solidaire.","robots":{"index":"index","follow":"follow","max-snippet":"max-snippet:-1","max-image-preview":"max-image-preview:large","max-video-preview":"max-video-preview:-1"},"canonical":"https:\/\/www.lecollectifdesfestivals.org\/collectif\/2024\/06\/cr-violences-en-milieu-festif\/","og_locale":"fr_FR","og_type":"article","og_title":"[CR] Violences et rapports de domination en milieu festif &#8226; Le Collectif des festivals","og_description":"Le Collectif des festivals accompagne les organisateurs de festivals de Bretagne dans leurs d\u00e9marches de d\u00e9veloppement durable et solidaire.","og_url":"https:\/\/www.lecollectifdesfestivals.org\/collectif\/2024\/06\/cr-violences-en-milieu-festif\/","og_site_name":"Le Collectif des festivals","article_publisher":"https:\/\/www.facebook.com\/LeCollectifDesFestivals\/","article_published_time":"2024-06-13T12:39:30+00:00","article_modified_time":"2025-01-13T16:02:23+00:00","author":"Le Collectif","twitter_card":"summary_large_image","twitter_creator":"@CollFestivals","twitter_site":"@CollFestivals","twitter_misc":{"\u00c9crit par":"Le Collectif","Dur\u00e9e de lecture estim\u00e9e":"2 minutes"},"schema":{"@context":"https:\/\/schema.org","@graph":[{"@type":"Article","@id":"https:\/\/www.lecollectifdesfestivals.org\/collectif\/2024\/06\/cr-violences-en-milieu-festif\/#article","isPartOf":{"@id":"https:\/\/www.lecollectifdesfestivals.org\/collectif\/2024\/06\/cr-violences-en-milieu-festif\/"},"author":{"name":"Le Collectif","@id":"https:\/\/www.lecollectifdesfestivals.org\/collectif\/#\/schema\/person\/86601dd4ec4be86cc3e9fc0f7a6de31c"},"headline":"[CR] Violences et rapports de domination en milieu festif","datePublished":"2024-06-13T12:39:30+00:00","dateModified":"2025-01-13T16:02:23+00:00","mainEntityOfPage":{"@id":"https:\/\/www.lecollectifdesfestivals.org\/collectif\/2024\/06\/cr-violences-en-milieu-festif\/"},"wordCount":402,"keywords":["Discriminations","VSS"],"articleSection":["Actualit\u00e9s","Comptes-rendus","\u00c9galit\u00e9 et VSS"],"inLanguage":"fr-FR"},{"@type":"WebPage","@id":"https:\/\/www.lecollectifdesfestivals.org\/collectif\/2024\/06\/cr-violences-en-milieu-festif\/","url":"https:\/\/www.lecollectifdesfestivals.org\/collectif\/2024\/06\/cr-violences-en-milieu-festif\/","name":"[CR] Violences et rapports de domination en milieu festif &#8226; Le Collectif des festivals","isPartOf":{"@id":"https:\/\/www.lecollectifdesfestivals.org\/collectif\/#website"},"datePublished":"2024-06-13T12:39:30+00:00","dateModified":"2025-01-13T16:02:23+00:00","author":{"@id":"https:\/\/www.lecollectifdesfestivals.org\/collectif\/#\/schema\/person\/86601dd4ec4be86cc3e9fc0f7a6de31c"},"description":"Le Collectif des festivals accompagne les organisateurs de festivals de Bretagne dans leurs d\u00e9marches de d\u00e9veloppement durable et solidaire.","breadcrumb":{"@id":"https:\/\/www.lecollectifdesfestivals.org\/collectif\/2024\/06\/cr-violences-en-milieu-festif\/#breadcrumb"},"inLanguage":"fr-FR","potentialAction":[{"@type":"ReadAction","target":["https:\/\/www.lecollectifdesfestivals.org\/collectif\/2024\/06\/cr-violences-en-milieu-festif\/"]}]},{"@type":"BreadcrumbList","@id":"https:\/\/www.lecollectifdesfestivals.org\/collectif\/2024\/06\/cr-violences-en-milieu-festif\/#breadcrumb","itemListElement":[{"@type":"ListItem","position":1,"name":"Accueil","item":"https:\/\/www.lecollectifdesfestivals.org\/collectif\/"},{"@type":"ListItem","position":2,"name":"[CR] Violences et rapports de domination en milieu festif"}]},{"@type":"WebSite","@id":"https:\/\/www.lecollectifdesfestivals.org\/collectif\/#website","url":"https:\/\/www.lecollectifdesfestivals.org\/collectif\/","name":"Le Collectif des festivals","description":"Depuis 2005, le Collectif des festivals accompagne les acteurices culturel\u00b7les dans leurs d\u00e9marches de d\u00e9veloppement durable.","potentialAction":[{"@type":"SearchAction","target":{"@type":"EntryPoint","urlTemplate":"https:\/\/www.lecollectifdesfestivals.org\/collectif\/?s={search_term_string}"},"query-input":{"@type":"PropertyValueSpecification","valueRequired":true,"valueName":"search_term_string"}}],"inLanguage":"fr-FR"},{"@type":"Person","@id":"https:\/\/www.lecollectifdesfestivals.org\/collectif\/#\/schema\/person\/86601dd4ec4be86cc3e9fc0f7a6de31c","name":"Le Collectif","image":{"@type":"ImageObject","inLanguage":"fr-FR","@id":"https:\/\/secure.gravatar.com\/avatar\/89073059d9fc0729af171a2cef817d198574cc88ac24fc455b289cc6ea1e6caa?s=96&d=mm&r=g","url":"https:\/\/secure.gravatar.com\/avatar\/89073059d9fc0729af171a2cef817d198574cc88ac24fc455b289cc6ea1e6caa?s=96&d=mm&r=g","contentUrl":"https:\/\/secure.gravatar.com\/avatar\/89073059d9fc0729af171a2cef817d198574cc88ac24fc455b289cc6ea1e6caa?s=96&d=mm&r=g","caption":"Le Collectif"}}]}},"_links":{"self":[{"href":"https:\/\/www.lecollectifdesfestivals.org\/collectif\/wp-json\/wp\/v2\/posts\/26001","targetHints":{"allow":["GET"]}}],"collection":[{"href":"https:\/\/www.lecollectifdesfestivals.org\/collectif\/wp-json\/wp\/v2\/posts"}],"about":[{"href":"https:\/\/www.lecollectifdesfestivals.org\/collectif\/wp-json\/wp\/v2\/types\/post"}],"author":[{"embeddable":true,"href":"https:\/\/www.lecollectifdesfestivals.org\/collectif\/wp-json\/wp\/v2\/users\/1"}],"replies":[{"embeddable":true,"href":"https:\/\/www.lecollectifdesfestivals.org\/collectif\/wp-json\/wp\/v2\/comments?post=26001"}],"version-history":[{"count":3,"href":"https:\/\/www.lecollectifdesfestivals.org\/collectif\/wp-json\/wp\/v2\/posts\/26001\/revisions"}],"predecessor-version":[{"id":28179,"href":"https:\/\/www.lecollectifdesfestivals.org\/collectif\/wp-json\/wp\/v2\/posts\/26001\/revisions\/28179"}],"wp:attachment":[{"href":"https:\/\/www.lecollectifdesfestivals.org\/collectif\/wp-json\/wp\/v2\/media?parent=26001"}],"wp:term":[{"taxonomy":"category","embeddable":true,"href":"https:\/\/www.lecollectifdesfestivals.org\/collectif\/wp-json\/wp\/v2\/categories?post=26001"},{"taxonomy":"post_tag","embeddable":true,"href":"https:\/\/www.lecollectifdesfestivals.org\/collectif\/wp-json\/wp\/v2\/tags?post=26001"}],"curies":[{"name":"wp","href":"https:\/\/api.w.org\/{rel}","templated":true}]}}