{"id":27908,"date":"2024-12-13T16:41:44","date_gmt":"2024-12-13T15:41:44","guid":{"rendered":"https:\/\/www.lecollectifdesfestivals.org\/collectif\/?p=27908"},"modified":"2024-12-13T16:42:40","modified_gmt":"2024-12-13T15:42:40","slug":"actes-ecoconception","status":"publish","type":"post","link":"https:\/\/www.lecollectifdesfestivals.org\/collectif\/2024\/12\/actes-ecoconception\/","title":{"rendered":"D\u00e9velopper la cr\u00e9ativit\u00e9, la collaboration et l&rsquo;innovation : les exemples du r\u00e9emploi et de l&rsquo;\u00e9co-conception\u00a0"},"content":{"rendered":"\n<p><em>Compte-rendu de l&rsquo;atelier 3 des Actes Bretagne 2024<\/em><br><em>Co-organis\u00e9 avec <a href=\"https:\/\/www.artcontemporainbretagne.org\/\" target=\"_blank\" rel=\"noreferrer noopener\">Art Contemporain en Bretagne.<\/a><\/em><\/p>\n\n\n\n<p>\u00c0 travers des interventions d\u2019expert\u2e31es, des discussions ouvertes et des ateliers, les participant\u2e31es d\u00e9couvriront comment l\u2019\u00e9co-conception et la Low-Tech peuvent \u00eatre des moteurs d\u2019innovations, de cr\u00e9ativit\u00e9 et de collaborations dans divers secteurs, en particulier dans les arts et la culture.<\/p>\n\n\n\n<p>Atelier anim\u00e9 par :<br>\u2022 Antoine Brun , Art contemporain Bretagne,\u00a0<br>\u2022 Virginie Seguinaud, Slowfest.<\/p>\n\n\n\n<p>Avec :<br>\u2022 Manon Penel, Slowfest,<br>\u2022 Cl\u00e9ment Chabot, co-fondateur Low Tech Lab,<br>\u2022 Marine Ciana, la Petite Populaire \u2013 solution de sonorisation Low Tech,<br>\u2022 Alexandra Legros, La Volumerie,<br>\u2022 Edgar Flauw, designer\/artiste.<\/p>\n\n\n\n<div class=\"wp-block-buttons is-layout-flex wp-block-buttons-is-layout-flex\">\n<div class=\"wp-block-button\"><a class=\"wp-block-button__link wp-element-button\" href=\"https:\/\/www.lecollectifdesfestivals.org\/collectif\/download\/CR_Actes_ecoconception.pdf\">T\u00e9l\u00e9charger le compte-rendu<\/a><\/div>\n\n\n\n<div class=\"wp-block-button\"><a class=\"wp-block-button__link wp-element-button\" href=\"https:\/\/www.lecollectifdesfestivals.org\/collectif\/download\/Transcri_Actes_ecoconception.pdf\">T\u00e9l\u00e9charger la transcription compl\u00e8te<\/a><\/div>\n<\/div>\n","protected":false},"excerpt":{"rendered":"<p>Compte-rendu de l&rsquo;atelier 3 des Actes Bretagne 2024Co-organis\u00e9 avec Art Contemporain en Bretagne. \u00c0 travers des interventions d\u2019expert\u2e31es, des discussions ouvertes et des ateliers, les participant\u2e31es d\u00e9couvriront comment l\u2019\u00e9co-conception et la Low-Tech peuvent \u00eatre des moteurs d\u2019innovations, de cr\u00e9ativit\u00e9 et de collaborations dans divers secteurs, en particulier dans les arts et la culture. Atelier anim\u00e9&hellip;&nbsp;<a href=\"https:\/\/www.lecollectifdesfestivals.org\/collectif\/2024\/12\/actes-ecoconception\/\" rel=\"bookmark\">Lire la suite &raquo;<span class=\"screen-reader-text\">D\u00e9velopper la cr\u00e9ativit\u00e9, la collaboration et l&rsquo;innovation : les exemples du r\u00e9emploi et de l&rsquo;\u00e9co-conception\u00a0<\/span><\/a><\/p>\n","protected":false},"author":1,"featured_media":0,"comment_status":"closed","ping_status":"closed","sticky":false,"template":"","format":"standard","meta":{"neve_meta_sidebar":"","neve_meta_container":"","neve_meta_enable_content_width":"","neve_meta_content_width":0,"neve_meta_title_alignment":"","neve_meta_author_avatar":"","neve_post_elements_order":"","neve_meta_disable_header":"","neve_meta_disable_footer":"","neve_meta_disable_title":"","footnotes":""},"categories":[177,176,27,509],"tags":[],"class_list":["post-27908","post","type-post","status-publish","format-standard","hentry","category-cr-rencontres","category-mutualisation-thematiques","category-dechets","category-les-actes"],"yoast_head":"<!-- This site is optimized with the Yoast SEO plugin v27.4 - https:\/\/yoast.com\/product\/yoast-seo-wordpress\/ -->\n<title>D\u00e9velopper la cr\u00e9ativit\u00e9, la collaboration et l&#039;innovation : les exemples du r\u00e9emploi et de l&#039;\u00e9co-conception\u00a0 &#8226; Le Collectif des festivals<\/title>\n<meta name=\"description\" content=\"Le Collectif des festivals accompagne les organisateurs de festivals de Bretagne dans leurs d\u00e9marches de d\u00e9veloppement durable et solidaire.\" \/>\n<meta name=\"robots\" content=\"index, follow, max-snippet:-1, max-image-preview:large, max-video-preview:-1\" \/>\n<link rel=\"canonical\" href=\"https:\/\/www.lecollectifdesfestivals.org\/collectif\/2024\/12\/actes-ecoconception\/\" \/>\n<meta property=\"og:locale\" content=\"fr_FR\" \/>\n<meta property=\"og:type\" content=\"article\" \/>\n<meta property=\"og:title\" content=\"D\u00e9velopper la cr\u00e9ativit\u00e9, la collaboration et l&#039;innovation : les exemples du r\u00e9emploi et de l&#039;\u00e9co-conception\u00a0 &#8226; Le Collectif des festivals\" \/>\n<meta property=\"og:description\" content=\"Le Collectif des festivals accompagne les organisateurs de festivals de Bretagne dans leurs d\u00e9marches de d\u00e9veloppement durable et solidaire.\" \/>\n<meta property=\"og:url\" content=\"https:\/\/www.lecollectifdesfestivals.org\/collectif\/2024\/12\/actes-ecoconception\/\" \/>\n<meta property=\"og:site_name\" content=\"Le Collectif des festivals\" \/>\n<meta property=\"article:publisher\" content=\"https:\/\/www.facebook.com\/LeCollectifDesFestivals\/\" \/>\n<meta property=\"article:published_time\" content=\"2024-12-13T15:41:44+00:00\" \/>\n<meta property=\"article:modified_time\" content=\"2024-12-13T15:42:40+00:00\" \/>\n<meta name=\"author\" content=\"Le Collectif\" \/>\n<meta name=\"twitter:card\" content=\"summary_large_image\" \/>\n<meta name=\"twitter:creator\" content=\"@CollFestivals\" \/>\n<meta name=\"twitter:site\" content=\"@CollFestivals\" \/>\n<meta name=\"twitter:label1\" content=\"\u00c9crit par\" \/>\n\t<meta name=\"twitter:data1\" content=\"Le Collectif\" \/>\n\t<meta name=\"twitter:label2\" content=\"Dur\u00e9e de lecture estim\u00e9e\" \/>\n\t<meta name=\"twitter:data2\" content=\"1 minute\" \/>\n<script type=\"application\/ld+json\" class=\"yoast-schema-graph\">{\"@context\":\"https:\\\/\\\/schema.org\",\"@graph\":[{\"@type\":\"Article\",\"@id\":\"https:\\\/\\\/www.lecollectifdesfestivals.org\\\/collectif\\\/2024\\\/12\\\/actes-ecoconception\\\/#article\",\"isPartOf\":{\"@id\":\"https:\\\/\\\/www.lecollectifdesfestivals.org\\\/collectif\\\/2024\\\/12\\\/actes-ecoconception\\\/\"},\"author\":{\"name\":\"Le Collectif\",\"@id\":\"https:\\\/\\\/www.lecollectifdesfestivals.org\\\/collectif\\\/#\\\/schema\\\/person\\\/86601dd4ec4be86cc3e9fc0f7a6de31c\"},\"headline\":\"D\u00e9velopper la cr\u00e9ativit\u00e9, la collaboration et l&rsquo;innovation : les exemples du r\u00e9emploi et de l&rsquo;\u00e9co-conception\u00a0\",\"datePublished\":\"2024-12-13T15:41:44+00:00\",\"dateModified\":\"2024-12-13T15:42:40+00:00\",\"mainEntityOfPage\":{\"@id\":\"https:\\\/\\\/www.lecollectifdesfestivals.org\\\/collectif\\\/2024\\\/12\\\/actes-ecoconception\\\/\"},\"wordCount\":130,\"articleSection\":[\"Comptes-rendus\",\"Coop\u00e9ration \\\/ Mutualisation\",\"D\u00e9chets \\\/ \u00c9conomie circulaire\",\"Les Actes\"],\"inLanguage\":\"fr-FR\"},{\"@type\":\"WebPage\",\"@id\":\"https:\\\/\\\/www.lecollectifdesfestivals.org\\\/collectif\\\/2024\\\/12\\\/actes-ecoconception\\\/\",\"url\":\"https:\\\/\\\/www.lecollectifdesfestivals.org\\\/collectif\\\/2024\\\/12\\\/actes-ecoconception\\\/\",\"name\":\"D\u00e9velopper la cr\u00e9ativit\u00e9, la collaboration et l'innovation : les exemples du r\u00e9emploi et de l'\u00e9co-conception\u00a0 &#8226; Le Collectif des festivals\",\"isPartOf\":{\"@id\":\"https:\\\/\\\/www.lecollectifdesfestivals.org\\\/collectif\\\/#website\"},\"datePublished\":\"2024-12-13T15:41:44+00:00\",\"dateModified\":\"2024-12-13T15:42:40+00:00\",\"author\":{\"@id\":\"https:\\\/\\\/www.lecollectifdesfestivals.org\\\/collectif\\\/#\\\/schema\\\/person\\\/86601dd4ec4be86cc3e9fc0f7a6de31c\"},\"description\":\"Le Collectif des festivals accompagne les organisateurs de festivals de Bretagne dans leurs d\u00e9marches de d\u00e9veloppement durable et solidaire.\",\"breadcrumb\":{\"@id\":\"https:\\\/\\\/www.lecollectifdesfestivals.org\\\/collectif\\\/2024\\\/12\\\/actes-ecoconception\\\/#breadcrumb\"},\"inLanguage\":\"fr-FR\",\"potentialAction\":[{\"@type\":\"ReadAction\",\"target\":[\"https:\\\/\\\/www.lecollectifdesfestivals.org\\\/collectif\\\/2024\\\/12\\\/actes-ecoconception\\\/\"]}]},{\"@type\":\"BreadcrumbList\",\"@id\":\"https:\\\/\\\/www.lecollectifdesfestivals.org\\\/collectif\\\/2024\\\/12\\\/actes-ecoconception\\\/#breadcrumb\",\"itemListElement\":[{\"@type\":\"ListItem\",\"position\":1,\"name\":\"Accueil\",\"item\":\"https:\\\/\\\/www.lecollectifdesfestivals.org\\\/collectif\\\/\"},{\"@type\":\"ListItem\",\"position\":2,\"name\":\"D\u00e9velopper la cr\u00e9ativit\u00e9, la collaboration et l&rsquo;innovation : les exemples du r\u00e9emploi et de l&rsquo;\u00e9co-conception\u00a0\"}]},{\"@type\":\"WebSite\",\"@id\":\"https:\\\/\\\/www.lecollectifdesfestivals.org\\\/collectif\\\/#website\",\"url\":\"https:\\\/\\\/www.lecollectifdesfestivals.org\\\/collectif\\\/\",\"name\":\"Le Collectif des festivals\",\"description\":\"Depuis 2005, le Collectif des festivals accompagne les acteurices culturel\u00b7les dans leurs d\u00e9marches de d\u00e9veloppement durable.\",\"potentialAction\":[{\"@type\":\"SearchAction\",\"target\":{\"@type\":\"EntryPoint\",\"urlTemplate\":\"https:\\\/\\\/www.lecollectifdesfestivals.org\\\/collectif\\\/?s={search_term_string}\"},\"query-input\":{\"@type\":\"PropertyValueSpecification\",\"valueRequired\":true,\"valueName\":\"search_term_string\"}}],\"inLanguage\":\"fr-FR\"},{\"@type\":\"Person\",\"@id\":\"https:\\\/\\\/www.lecollectifdesfestivals.org\\\/collectif\\\/#\\\/schema\\\/person\\\/86601dd4ec4be86cc3e9fc0f7a6de31c\",\"name\":\"Le Collectif\",\"image\":{\"@type\":\"ImageObject\",\"inLanguage\":\"fr-FR\",\"@id\":\"https:\\\/\\\/secure.gravatar.com\\\/avatar\\\/89073059d9fc0729af171a2cef817d198574cc88ac24fc455b289cc6ea1e6caa?s=96&d=mm&r=g\",\"url\":\"https:\\\/\\\/secure.gravatar.com\\\/avatar\\\/89073059d9fc0729af171a2cef817d198574cc88ac24fc455b289cc6ea1e6caa?s=96&d=mm&r=g\",\"contentUrl\":\"https:\\\/\\\/secure.gravatar.com\\\/avatar\\\/89073059d9fc0729af171a2cef817d198574cc88ac24fc455b289cc6ea1e6caa?s=96&d=mm&r=g\",\"caption\":\"Le Collectif\"}}]}<\/script>\n<!-- \/ Yoast SEO plugin. -->","yoast_head_json":{"title":"D\u00e9velopper la cr\u00e9ativit\u00e9, la collaboration et l'innovation : les exemples du r\u00e9emploi et de l'\u00e9co-conception\u00a0 &#8226; Le Collectif des festivals","description":"Le Collectif des festivals accompagne les organisateurs de festivals de Bretagne dans leurs d\u00e9marches de d\u00e9veloppement durable et solidaire.","robots":{"index":"index","follow":"follow","max-snippet":"max-snippet:-1","max-image-preview":"max-image-preview:large","max-video-preview":"max-video-preview:-1"},"canonical":"https:\/\/www.lecollectifdesfestivals.org\/collectif\/2024\/12\/actes-ecoconception\/","og_locale":"fr_FR","og_type":"article","og_title":"D\u00e9velopper la cr\u00e9ativit\u00e9, la collaboration et l'innovation : les exemples du r\u00e9emploi et de l'\u00e9co-conception\u00a0 &#8226; Le Collectif des festivals","og_description":"Le Collectif des festivals accompagne les organisateurs de festivals de Bretagne dans leurs d\u00e9marches de d\u00e9veloppement durable et solidaire.","og_url":"https:\/\/www.lecollectifdesfestivals.org\/collectif\/2024\/12\/actes-ecoconception\/","og_site_name":"Le Collectif des festivals","article_publisher":"https:\/\/www.facebook.com\/LeCollectifDesFestivals\/","article_published_time":"2024-12-13T15:41:44+00:00","article_modified_time":"2024-12-13T15:42:40+00:00","author":"Le Collectif","twitter_card":"summary_large_image","twitter_creator":"@CollFestivals","twitter_site":"@CollFestivals","twitter_misc":{"\u00c9crit par":"Le Collectif","Dur\u00e9e de lecture estim\u00e9e":"1 minute"},"schema":{"@context":"https:\/\/schema.org","@graph":[{"@type":"Article","@id":"https:\/\/www.lecollectifdesfestivals.org\/collectif\/2024\/12\/actes-ecoconception\/#article","isPartOf":{"@id":"https:\/\/www.lecollectifdesfestivals.org\/collectif\/2024\/12\/actes-ecoconception\/"},"author":{"name":"Le Collectif","@id":"https:\/\/www.lecollectifdesfestivals.org\/collectif\/#\/schema\/person\/86601dd4ec4be86cc3e9fc0f7a6de31c"},"headline":"D\u00e9velopper la cr\u00e9ativit\u00e9, la collaboration et l&rsquo;innovation : les exemples du r\u00e9emploi et de l&rsquo;\u00e9co-conception\u00a0","datePublished":"2024-12-13T15:41:44+00:00","dateModified":"2024-12-13T15:42:40+00:00","mainEntityOfPage":{"@id":"https:\/\/www.lecollectifdesfestivals.org\/collectif\/2024\/12\/actes-ecoconception\/"},"wordCount":130,"articleSection":["Comptes-rendus","Coop\u00e9ration \/ Mutualisation","D\u00e9chets \/ \u00c9conomie circulaire","Les Actes"],"inLanguage":"fr-FR"},{"@type":"WebPage","@id":"https:\/\/www.lecollectifdesfestivals.org\/collectif\/2024\/12\/actes-ecoconception\/","url":"https:\/\/www.lecollectifdesfestivals.org\/collectif\/2024\/12\/actes-ecoconception\/","name":"D\u00e9velopper la cr\u00e9ativit\u00e9, la collaboration et l'innovation : les exemples du r\u00e9emploi et de l'\u00e9co-conception\u00a0 &#8226; Le Collectif des festivals","isPartOf":{"@id":"https:\/\/www.lecollectifdesfestivals.org\/collectif\/#website"},"datePublished":"2024-12-13T15:41:44+00:00","dateModified":"2024-12-13T15:42:40+00:00","author":{"@id":"https:\/\/www.lecollectifdesfestivals.org\/collectif\/#\/schema\/person\/86601dd4ec4be86cc3e9fc0f7a6de31c"},"description":"Le Collectif des festivals accompagne les organisateurs de festivals de Bretagne dans leurs d\u00e9marches de d\u00e9veloppement durable et solidaire.","breadcrumb":{"@id":"https:\/\/www.lecollectifdesfestivals.org\/collectif\/2024\/12\/actes-ecoconception\/#breadcrumb"},"inLanguage":"fr-FR","potentialAction":[{"@type":"ReadAction","target":["https:\/\/www.lecollectifdesfestivals.org\/collectif\/2024\/12\/actes-ecoconception\/"]}]},{"@type":"BreadcrumbList","@id":"https:\/\/www.lecollectifdesfestivals.org\/collectif\/2024\/12\/actes-ecoconception\/#breadcrumb","itemListElement":[{"@type":"ListItem","position":1,"name":"Accueil","item":"https:\/\/www.lecollectifdesfestivals.org\/collectif\/"},{"@type":"ListItem","position":2,"name":"D\u00e9velopper la cr\u00e9ativit\u00e9, la collaboration et l&rsquo;innovation : les exemples du r\u00e9emploi et de l&rsquo;\u00e9co-conception\u00a0"}]},{"@type":"WebSite","@id":"https:\/\/www.lecollectifdesfestivals.org\/collectif\/#website","url":"https:\/\/www.lecollectifdesfestivals.org\/collectif\/","name":"Le Collectif des festivals","description":"Depuis 2005, le Collectif des festivals accompagne les acteurices culturel\u00b7les dans leurs d\u00e9marches de d\u00e9veloppement durable.","potentialAction":[{"@type":"SearchAction","target":{"@type":"EntryPoint","urlTemplate":"https:\/\/www.lecollectifdesfestivals.org\/collectif\/?s={search_term_string}"},"query-input":{"@type":"PropertyValueSpecification","valueRequired":true,"valueName":"search_term_string"}}],"inLanguage":"fr-FR"},{"@type":"Person","@id":"https:\/\/www.lecollectifdesfestivals.org\/collectif\/#\/schema\/person\/86601dd4ec4be86cc3e9fc0f7a6de31c","name":"Le Collectif","image":{"@type":"ImageObject","inLanguage":"fr-FR","@id":"https:\/\/secure.gravatar.com\/avatar\/89073059d9fc0729af171a2cef817d198574cc88ac24fc455b289cc6ea1e6caa?s=96&d=mm&r=g","url":"https:\/\/secure.gravatar.com\/avatar\/89073059d9fc0729af171a2cef817d198574cc88ac24fc455b289cc6ea1e6caa?s=96&d=mm&r=g","contentUrl":"https:\/\/secure.gravatar.com\/avatar\/89073059d9fc0729af171a2cef817d198574cc88ac24fc455b289cc6ea1e6caa?s=96&d=mm&r=g","caption":"Le Collectif"}}]}},"_links":{"self":[{"href":"https:\/\/www.lecollectifdesfestivals.org\/collectif\/wp-json\/wp\/v2\/posts\/27908","targetHints":{"allow":["GET"]}}],"collection":[{"href":"https:\/\/www.lecollectifdesfestivals.org\/collectif\/wp-json\/wp\/v2\/posts"}],"about":[{"href":"https:\/\/www.lecollectifdesfestivals.org\/collectif\/wp-json\/wp\/v2\/types\/post"}],"author":[{"embeddable":true,"href":"https:\/\/www.lecollectifdesfestivals.org\/collectif\/wp-json\/wp\/v2\/users\/1"}],"replies":[{"embeddable":true,"href":"https:\/\/www.lecollectifdesfestivals.org\/collectif\/wp-json\/wp\/v2\/comments?post=27908"}],"version-history":[{"count":1,"href":"https:\/\/www.lecollectifdesfestivals.org\/collectif\/wp-json\/wp\/v2\/posts\/27908\/revisions"}],"predecessor-version":[{"id":27910,"href":"https:\/\/www.lecollectifdesfestivals.org\/collectif\/wp-json\/wp\/v2\/posts\/27908\/revisions\/27910"}],"wp:attachment":[{"href":"https:\/\/www.lecollectifdesfestivals.org\/collectif\/wp-json\/wp\/v2\/media?parent=27908"}],"wp:term":[{"taxonomy":"category","embeddable":true,"href":"https:\/\/www.lecollectifdesfestivals.org\/collectif\/wp-json\/wp\/v2\/categories?post=27908"},{"taxonomy":"post_tag","embeddable":true,"href":"https:\/\/www.lecollectifdesfestivals.org\/collectif\/wp-json\/wp\/v2\/tags?post=27908"}],"curies":[{"name":"wp","href":"https:\/\/api.w.org\/{rel}","templated":true}]}}