{"id":28195,"date":"2025-01-17T11:21:59","date_gmt":"2025-01-17T10:21:59","guid":{"rendered":"https:\/\/www.lecollectifdesfestivals.org\/collectif\/?p=28195"},"modified":"2025-01-17T11:22:51","modified_gmt":"2025-01-17T10:22:51","slug":"assistant%c2%b7e-gestion-de-projets-culturels-a-quai-des-bulles","status":"publish","type":"post","link":"https:\/\/www.lecollectifdesfestivals.org\/collectif\/2025\/01\/assistant%c2%b7e-gestion-de-projets-culturels-a-quai-des-bulles\/","title":{"rendered":"Assistant\u00b7e gestion de projets culturels \u00e0 Quai des Bulles"},"content":{"rendered":"\n<p>Quai des Bulles est devenu le 2\u00e8me festival BD en France en terme de fr\u00e9quentation, en accueillant notamment pr\u00e8s de 46.000 visiteurs sur 3 jours lors de la derni\u00e8re \u00e9dition\u2026<\/p>\n\n\n\n<p>L&rsquo;association a pour objectif la valorisation de la Bande Dessin\u00e9e et de l\u2019Image Projet\u00e9e, aussi s\u2019inscrit-elle dans une politique en faveur du Livre et de la Lecture, en participant en tant que manifestation litt\u00e9raire et structure associative, \u00e0 la cr\u00e9ation, \u00e0 la diffusion artistique et \u00e0 la valorisation de la Bande Dessin\u00e9e dans toute sa diversit\u00e9 et sa sp\u00e9cificit\u00e9 aupr\u00e8s de diff\u00e9rents publics.<\/p>\n\n\n\n<h3 class=\"wp-block-heading\"><strong>Description du poste<\/strong><\/h3>\n\n\n\n<p>Sous l\u2019impulsion du ma\u00eetre de stage, le stagiaire aura pour objectif de mettre en \u0153uvre le programme culturel \u00ab en ville \u00bb \u00e0 l\u2019occasion du 44\u00e8me festival de la bande dessin\u00e9e et de l\u2019image projet\u00e9e Quai des Bulles :<br>&#8211; Programmation et coordination du mois de la BD en amont du festival<br>&#8211; \u00c9laboration et suivi des budgets pr\u00e9visionnels<br>&#8211; D\u00e9veloppement et animation des partenariats du mois de la BD<br>&#8211; Interface avec les divers prestataires (devis, suivi, facturation)<br>&#8211; Gestion des plannings des b\u00e9n\u00e9voles pour la mise en \u0153uvre du projet.<br>&#8211; Cr\u00e9ation et diffusion d\u2019un kit de communication Quai des Bulles aupr\u00e8s des commer\u00e7ants malouins<br>&#8211; D\u00e9ploiement d\u2019une enqu\u00eate de fr\u00e9quentation sur l\u2019\u00e9v\u00e8nement<br>&#8211; Animation d\u2019\u00e9v\u00e9nements internes \u00e0 l\u2019association\u2026<\/p>\n\n\n\n<h3 class=\"wp-block-heading\">&nbsp;<strong>Description du profil recherch\u00e9<\/strong><\/h3>\n\n\n\n<p>Fin d&rsquo;\u00e9tudes BAC + 5 profil \u00e9v\u00e8nementiel \/ management de projets culturels<\/p>\n\n\n\n<p>Comp\u00e9tences techniques :<br>\u2022 Capacit\u00e9s r\u00e9dactionnelles ;<br>\u2022 Gestion de projet ;<br>\u2022 Logiciels : Photoshop, Indesign ;<\/p>\n\n\n\n<p>Comp\u00e9tences comportementales :<br>\u2022 Esprit d\u2019initiative ;<br>\u2022 Force de proposition ;<br>\u2022 Aisance relationnelle ;<br>\u2022 Organisation.<\/p>\n\n\n\n<p>Go\u00fbt pour l\u2019univers de la bande dessin\u00e9e<br>Permis de conduire<\/p>\n\n\n\n<h3 class=\"wp-block-heading\">&nbsp;<strong>Date de prise de fonction<\/strong><\/h3>\n\n\n\n<p>Avril\/Mai 2025<\/p>\n\n\n\n<h3 class=\"wp-block-heading\">&nbsp;<strong>Date limite de candidature<\/strong><\/h3>\n\n\n\n<p>10 f\u00e9vrier 2025<\/p>\n\n\n\n<h3 class=\"wp-block-heading\">&nbsp;<strong>R\u00e9mun\u00e9ration envisag\u00e9e<\/strong><\/h3>\n\n\n\n<p>Indemnit\u00e9s l\u00e9gales de stage, soit 4.35\u20ac\/h<\/p>\n\n\n\n<h3 class=\"wp-block-heading\">&nbsp;<strong>Lieu<\/strong><\/h3>\n\n\n\n<p>Saint-Malo (35)<\/p>\n\n\n\n<p><strong>Pour postuler : <\/strong><\/p>\n\n\n\n<p><a href=\"https:\/\/www.profilculture.com\/annonce\/assistant-gestion-projets-culturels-459154.html\" target=\"_blank\" rel=\"noreferrer noopener\">https:\/\/www.profilculture.com\/annonce\/assistant-gestion-projets-culturels-459154.html<\/a><\/p>\n","protected":false},"excerpt":{"rendered":"<p>Quai des Bulles est devenu le 2\u00e8me festival BD en France en terme de fr\u00e9quentation, en accueillant notamment pr\u00e8s de 46.000 visiteurs sur 3 jours lors de la derni\u00e8re \u00e9dition\u2026 L&rsquo;association a pour objectif la valorisation de la Bande Dessin\u00e9e et de l\u2019Image Projet\u00e9e, aussi s\u2019inscrit-elle dans une politique en faveur du Livre et de&hellip;&nbsp;<a href=\"https:\/\/www.lecollectifdesfestivals.org\/collectif\/2025\/01\/assistant%c2%b7e-gestion-de-projets-culturels-a-quai-des-bulles\/\" rel=\"bookmark\">Lire la suite &raquo;<span class=\"screen-reader-text\">Assistant\u00b7e gestion de projets culturels \u00e0 Quai des Bulles<\/span><\/a><\/p>\n","protected":false},"author":1,"featured_media":0,"comment_status":"closed","ping_status":"closed","sticky":false,"template":"","format":"standard","meta":{"neve_meta_sidebar":"","neve_meta_container":"","neve_meta_enable_content_width":"","neve_meta_content_width":0,"neve_meta_title_alignment":"","neve_meta_author_avatar":"","neve_post_elements_order":"","neve_meta_disable_header":"","neve_meta_disable_footer":"","neve_meta_disable_title":"","footnotes":""},"categories":[139],"tags":[512,154],"class_list":["post-28195","post","type-post","status-publish","format-standard","hentry","category-emploi","tag-saint-malo-2","tag-stage"],"yoast_head":"<!-- This site is optimized with the Yoast SEO plugin v27.4 - https:\/\/yoast.com\/product\/yoast-seo-wordpress\/ -->\n<title>Assistant\u00b7e gestion de projets culturels \u00e0 Quai des Bulles &#8226; Le Collectif des festivals<\/title>\n<meta name=\"description\" content=\"Le Collectif des festivals accompagne les organisateurs de festivals de Bretagne dans leurs d\u00e9marches de d\u00e9veloppement durable et solidaire.\" \/>\n<meta name=\"robots\" content=\"index, follow, max-snippet:-1, max-image-preview:large, max-video-preview:-1\" \/>\n<link rel=\"canonical\" href=\"https:\/\/www.lecollectifdesfestivals.org\/collectif\/2025\/01\/assistant\u00b7e-gestion-de-projets-culturels-a-quai-des-bulles\/\" \/>\n<meta property=\"og:locale\" content=\"fr_FR\" \/>\n<meta property=\"og:type\" content=\"article\" \/>\n<meta property=\"og:title\" content=\"Assistant\u00b7e gestion de projets culturels \u00e0 Quai des Bulles &#8226; Le Collectif des festivals\" \/>\n<meta property=\"og:description\" content=\"Le Collectif des festivals accompagne les organisateurs de festivals de Bretagne dans leurs d\u00e9marches de d\u00e9veloppement durable et solidaire.\" \/>\n<meta property=\"og:url\" content=\"https:\/\/www.lecollectifdesfestivals.org\/collectif\/2025\/01\/assistant\u00b7e-gestion-de-projets-culturels-a-quai-des-bulles\/\" \/>\n<meta property=\"og:site_name\" content=\"Le Collectif des festivals\" \/>\n<meta property=\"article:publisher\" content=\"https:\/\/www.facebook.com\/LeCollectifDesFestivals\/\" \/>\n<meta property=\"article:published_time\" content=\"2025-01-17T10:21:59+00:00\" \/>\n<meta property=\"article:modified_time\" content=\"2025-01-17T10:22:51+00:00\" \/>\n<meta name=\"author\" content=\"Le Collectif\" \/>\n<meta name=\"twitter:card\" content=\"summary_large_image\" \/>\n<meta name=\"twitter:creator\" content=\"@CollFestivals\" \/>\n<meta name=\"twitter:site\" content=\"@CollFestivals\" \/>\n<meta name=\"twitter:label1\" content=\"\u00c9crit par\" \/>\n\t<meta name=\"twitter:data1\" content=\"Le Collectif\" \/>\n\t<meta name=\"twitter:label2\" content=\"Dur\u00e9e de lecture estim\u00e9e\" \/>\n\t<meta name=\"twitter:data2\" content=\"2 minutes\" \/>\n<script type=\"application\/ld+json\" class=\"yoast-schema-graph\">{\"@context\":\"https:\\\/\\\/schema.org\",\"@graph\":[{\"@type\":\"Article\",\"@id\":\"https:\\\/\\\/www.lecollectifdesfestivals.org\\\/collectif\\\/2025\\\/01\\\/assistant%c2%b7e-gestion-de-projets-culturels-a-quai-des-bulles\\\/#article\",\"isPartOf\":{\"@id\":\"https:\\\/\\\/www.lecollectifdesfestivals.org\\\/collectif\\\/2025\\\/01\\\/assistant%c2%b7e-gestion-de-projets-culturels-a-quai-des-bulles\\\/\"},\"author\":{\"name\":\"Le Collectif\",\"@id\":\"https:\\\/\\\/www.lecollectifdesfestivals.org\\\/collectif\\\/#\\\/schema\\\/person\\\/86601dd4ec4be86cc3e9fc0f7a6de31c\"},\"headline\":\"Assistant\u00b7e gestion de projets culturels \u00e0 Quai des Bulles\",\"datePublished\":\"2025-01-17T10:21:59+00:00\",\"dateModified\":\"2025-01-17T10:22:51+00:00\",\"mainEntityOfPage\":{\"@id\":\"https:\\\/\\\/www.lecollectifdesfestivals.org\\\/collectif\\\/2025\\\/01\\\/assistant%c2%b7e-gestion-de-projets-culturels-a-quai-des-bulles\\\/\"},\"wordCount\":342,\"keywords\":[\"Saint Malo\",\"stage\"],\"articleSection\":[\"Emploi\"],\"inLanguage\":\"fr-FR\"},{\"@type\":\"WebPage\",\"@id\":\"https:\\\/\\\/www.lecollectifdesfestivals.org\\\/collectif\\\/2025\\\/01\\\/assistant%c2%b7e-gestion-de-projets-culturels-a-quai-des-bulles\\\/\",\"url\":\"https:\\\/\\\/www.lecollectifdesfestivals.org\\\/collectif\\\/2025\\\/01\\\/assistant%c2%b7e-gestion-de-projets-culturels-a-quai-des-bulles\\\/\",\"name\":\"Assistant\u00b7e gestion de projets culturels \u00e0 Quai des Bulles &#8226; Le Collectif des festivals\",\"isPartOf\":{\"@id\":\"https:\\\/\\\/www.lecollectifdesfestivals.org\\\/collectif\\\/#website\"},\"datePublished\":\"2025-01-17T10:21:59+00:00\",\"dateModified\":\"2025-01-17T10:22:51+00:00\",\"author\":{\"@id\":\"https:\\\/\\\/www.lecollectifdesfestivals.org\\\/collectif\\\/#\\\/schema\\\/person\\\/86601dd4ec4be86cc3e9fc0f7a6de31c\"},\"description\":\"Le Collectif des festivals accompagne les organisateurs de festivals de Bretagne dans leurs d\u00e9marches de d\u00e9veloppement durable et solidaire.\",\"breadcrumb\":{\"@id\":\"https:\\\/\\\/www.lecollectifdesfestivals.org\\\/collectif\\\/2025\\\/01\\\/assistant%c2%b7e-gestion-de-projets-culturels-a-quai-des-bulles\\\/#breadcrumb\"},\"inLanguage\":\"fr-FR\",\"potentialAction\":[{\"@type\":\"ReadAction\",\"target\":[\"https:\\\/\\\/www.lecollectifdesfestivals.org\\\/collectif\\\/2025\\\/01\\\/assistant%c2%b7e-gestion-de-projets-culturels-a-quai-des-bulles\\\/\"]}]},{\"@type\":\"BreadcrumbList\",\"@id\":\"https:\\\/\\\/www.lecollectifdesfestivals.org\\\/collectif\\\/2025\\\/01\\\/assistant%c2%b7e-gestion-de-projets-culturels-a-quai-des-bulles\\\/#breadcrumb\",\"itemListElement\":[{\"@type\":\"ListItem\",\"position\":1,\"name\":\"Accueil\",\"item\":\"https:\\\/\\\/www.lecollectifdesfestivals.org\\\/collectif\\\/\"},{\"@type\":\"ListItem\",\"position\":2,\"name\":\"Assistant\u00b7e gestion de projets culturels \u00e0 Quai des Bulles\"}]},{\"@type\":\"WebSite\",\"@id\":\"https:\\\/\\\/www.lecollectifdesfestivals.org\\\/collectif\\\/#website\",\"url\":\"https:\\\/\\\/www.lecollectifdesfestivals.org\\\/collectif\\\/\",\"name\":\"Le Collectif des festivals\",\"description\":\"Depuis 2005, le Collectif des festivals accompagne les acteurices culturel\u00b7les dans leurs d\u00e9marches de d\u00e9veloppement durable.\",\"potentialAction\":[{\"@type\":\"SearchAction\",\"target\":{\"@type\":\"EntryPoint\",\"urlTemplate\":\"https:\\\/\\\/www.lecollectifdesfestivals.org\\\/collectif\\\/?s={search_term_string}\"},\"query-input\":{\"@type\":\"PropertyValueSpecification\",\"valueRequired\":true,\"valueName\":\"search_term_string\"}}],\"inLanguage\":\"fr-FR\"},{\"@type\":\"Person\",\"@id\":\"https:\\\/\\\/www.lecollectifdesfestivals.org\\\/collectif\\\/#\\\/schema\\\/person\\\/86601dd4ec4be86cc3e9fc0f7a6de31c\",\"name\":\"Le Collectif\",\"image\":{\"@type\":\"ImageObject\",\"inLanguage\":\"fr-FR\",\"@id\":\"https:\\\/\\\/secure.gravatar.com\\\/avatar\\\/89073059d9fc0729af171a2cef817d198574cc88ac24fc455b289cc6ea1e6caa?s=96&d=mm&r=g\",\"url\":\"https:\\\/\\\/secure.gravatar.com\\\/avatar\\\/89073059d9fc0729af171a2cef817d198574cc88ac24fc455b289cc6ea1e6caa?s=96&d=mm&r=g\",\"contentUrl\":\"https:\\\/\\\/secure.gravatar.com\\\/avatar\\\/89073059d9fc0729af171a2cef817d198574cc88ac24fc455b289cc6ea1e6caa?s=96&d=mm&r=g\",\"caption\":\"Le Collectif\"}}]}<\/script>\n<!-- \/ Yoast SEO plugin. -->","yoast_head_json":{"title":"Assistant\u00b7e gestion de projets culturels \u00e0 Quai des Bulles &#8226; Le Collectif des festivals","description":"Le Collectif des festivals accompagne les organisateurs de festivals de Bretagne dans leurs d\u00e9marches de d\u00e9veloppement durable et solidaire.","robots":{"index":"index","follow":"follow","max-snippet":"max-snippet:-1","max-image-preview":"max-image-preview:large","max-video-preview":"max-video-preview:-1"},"canonical":"https:\/\/www.lecollectifdesfestivals.org\/collectif\/2025\/01\/assistant\u00b7e-gestion-de-projets-culturels-a-quai-des-bulles\/","og_locale":"fr_FR","og_type":"article","og_title":"Assistant\u00b7e gestion de projets culturels \u00e0 Quai des Bulles &#8226; Le Collectif des festivals","og_description":"Le Collectif des festivals accompagne les organisateurs de festivals de Bretagne dans leurs d\u00e9marches de d\u00e9veloppement durable et solidaire.","og_url":"https:\/\/www.lecollectifdesfestivals.org\/collectif\/2025\/01\/assistant\u00b7e-gestion-de-projets-culturels-a-quai-des-bulles\/","og_site_name":"Le Collectif des festivals","article_publisher":"https:\/\/www.facebook.com\/LeCollectifDesFestivals\/","article_published_time":"2025-01-17T10:21:59+00:00","article_modified_time":"2025-01-17T10:22:51+00:00","author":"Le Collectif","twitter_card":"summary_large_image","twitter_creator":"@CollFestivals","twitter_site":"@CollFestivals","twitter_misc":{"\u00c9crit par":"Le Collectif","Dur\u00e9e de lecture estim\u00e9e":"2 minutes"},"schema":{"@context":"https:\/\/schema.org","@graph":[{"@type":"Article","@id":"https:\/\/www.lecollectifdesfestivals.org\/collectif\/2025\/01\/assistant%c2%b7e-gestion-de-projets-culturels-a-quai-des-bulles\/#article","isPartOf":{"@id":"https:\/\/www.lecollectifdesfestivals.org\/collectif\/2025\/01\/assistant%c2%b7e-gestion-de-projets-culturels-a-quai-des-bulles\/"},"author":{"name":"Le Collectif","@id":"https:\/\/www.lecollectifdesfestivals.org\/collectif\/#\/schema\/person\/86601dd4ec4be86cc3e9fc0f7a6de31c"},"headline":"Assistant\u00b7e gestion de projets culturels \u00e0 Quai des Bulles","datePublished":"2025-01-17T10:21:59+00:00","dateModified":"2025-01-17T10:22:51+00:00","mainEntityOfPage":{"@id":"https:\/\/www.lecollectifdesfestivals.org\/collectif\/2025\/01\/assistant%c2%b7e-gestion-de-projets-culturels-a-quai-des-bulles\/"},"wordCount":342,"keywords":["Saint Malo","stage"],"articleSection":["Emploi"],"inLanguage":"fr-FR"},{"@type":"WebPage","@id":"https:\/\/www.lecollectifdesfestivals.org\/collectif\/2025\/01\/assistant%c2%b7e-gestion-de-projets-culturels-a-quai-des-bulles\/","url":"https:\/\/www.lecollectifdesfestivals.org\/collectif\/2025\/01\/assistant%c2%b7e-gestion-de-projets-culturels-a-quai-des-bulles\/","name":"Assistant\u00b7e gestion de projets culturels \u00e0 Quai des Bulles &#8226; Le Collectif des festivals","isPartOf":{"@id":"https:\/\/www.lecollectifdesfestivals.org\/collectif\/#website"},"datePublished":"2025-01-17T10:21:59+00:00","dateModified":"2025-01-17T10:22:51+00:00","author":{"@id":"https:\/\/www.lecollectifdesfestivals.org\/collectif\/#\/schema\/person\/86601dd4ec4be86cc3e9fc0f7a6de31c"},"description":"Le Collectif des festivals accompagne les organisateurs de festivals de Bretagne dans leurs d\u00e9marches de d\u00e9veloppement durable et solidaire.","breadcrumb":{"@id":"https:\/\/www.lecollectifdesfestivals.org\/collectif\/2025\/01\/assistant%c2%b7e-gestion-de-projets-culturels-a-quai-des-bulles\/#breadcrumb"},"inLanguage":"fr-FR","potentialAction":[{"@type":"ReadAction","target":["https:\/\/www.lecollectifdesfestivals.org\/collectif\/2025\/01\/assistant%c2%b7e-gestion-de-projets-culturels-a-quai-des-bulles\/"]}]},{"@type":"BreadcrumbList","@id":"https:\/\/www.lecollectifdesfestivals.org\/collectif\/2025\/01\/assistant%c2%b7e-gestion-de-projets-culturels-a-quai-des-bulles\/#breadcrumb","itemListElement":[{"@type":"ListItem","position":1,"name":"Accueil","item":"https:\/\/www.lecollectifdesfestivals.org\/collectif\/"},{"@type":"ListItem","position":2,"name":"Assistant\u00b7e gestion de projets culturels \u00e0 Quai des Bulles"}]},{"@type":"WebSite","@id":"https:\/\/www.lecollectifdesfestivals.org\/collectif\/#website","url":"https:\/\/www.lecollectifdesfestivals.org\/collectif\/","name":"Le Collectif des festivals","description":"Depuis 2005, le Collectif des festivals accompagne les acteurices culturel\u00b7les dans leurs d\u00e9marches de d\u00e9veloppement durable.","potentialAction":[{"@type":"SearchAction","target":{"@type":"EntryPoint","urlTemplate":"https:\/\/www.lecollectifdesfestivals.org\/collectif\/?s={search_term_string}"},"query-input":{"@type":"PropertyValueSpecification","valueRequired":true,"valueName":"search_term_string"}}],"inLanguage":"fr-FR"},{"@type":"Person","@id":"https:\/\/www.lecollectifdesfestivals.org\/collectif\/#\/schema\/person\/86601dd4ec4be86cc3e9fc0f7a6de31c","name":"Le Collectif","image":{"@type":"ImageObject","inLanguage":"fr-FR","@id":"https:\/\/secure.gravatar.com\/avatar\/89073059d9fc0729af171a2cef817d198574cc88ac24fc455b289cc6ea1e6caa?s=96&d=mm&r=g","url":"https:\/\/secure.gravatar.com\/avatar\/89073059d9fc0729af171a2cef817d198574cc88ac24fc455b289cc6ea1e6caa?s=96&d=mm&r=g","contentUrl":"https:\/\/secure.gravatar.com\/avatar\/89073059d9fc0729af171a2cef817d198574cc88ac24fc455b289cc6ea1e6caa?s=96&d=mm&r=g","caption":"Le Collectif"}}]}},"_links":{"self":[{"href":"https:\/\/www.lecollectifdesfestivals.org\/collectif\/wp-json\/wp\/v2\/posts\/28195","targetHints":{"allow":["GET"]}}],"collection":[{"href":"https:\/\/www.lecollectifdesfestivals.org\/collectif\/wp-json\/wp\/v2\/posts"}],"about":[{"href":"https:\/\/www.lecollectifdesfestivals.org\/collectif\/wp-json\/wp\/v2\/types\/post"}],"author":[{"embeddable":true,"href":"https:\/\/www.lecollectifdesfestivals.org\/collectif\/wp-json\/wp\/v2\/users\/1"}],"replies":[{"embeddable":true,"href":"https:\/\/www.lecollectifdesfestivals.org\/collectif\/wp-json\/wp\/v2\/comments?post=28195"}],"version-history":[{"count":1,"href":"https:\/\/www.lecollectifdesfestivals.org\/collectif\/wp-json\/wp\/v2\/posts\/28195\/revisions"}],"predecessor-version":[{"id":28196,"href":"https:\/\/www.lecollectifdesfestivals.org\/collectif\/wp-json\/wp\/v2\/posts\/28195\/revisions\/28196"}],"wp:attachment":[{"href":"https:\/\/www.lecollectifdesfestivals.org\/collectif\/wp-json\/wp\/v2\/media?parent=28195"}],"wp:term":[{"taxonomy":"category","embeddable":true,"href":"https:\/\/www.lecollectifdesfestivals.org\/collectif\/wp-json\/wp\/v2\/categories?post=28195"},{"taxonomy":"post_tag","embeddable":true,"href":"https:\/\/www.lecollectifdesfestivals.org\/collectif\/wp-json\/wp\/v2\/tags?post=28195"}],"curies":[{"name":"wp","href":"https:\/\/api.w.org\/{rel}","templated":true}]}}