{"id":28409,"date":"2025-02-21T15:10:45","date_gmt":"2025-02-21T14:10:45","guid":{"rendered":"https:\/\/www.lecollectifdesfestivals.org\/collectif\/?p=28409"},"modified":"2025-02-21T15:18:06","modified_gmt":"2025-02-21T14:18:06","slug":"fiche-pratique-ameliorer-la-communication-et-la-sensibilisation-sur-les-mobilites-durables","status":"publish","type":"post","link":"https:\/\/www.lecollectifdesfestivals.org\/collectif\/2025\/02\/fiche-pratique-ameliorer-la-communication-et-la-sensibilisation-sur-les-mobilites-durables\/","title":{"rendered":"Fiche pratique Am\u00e9liorer la communication et la sensibilisation sur les mobilit\u00e9s durables"},"content":{"rendered":"\n<p>L&rsquo;information, la communication et la sensibilisation des publics sont une cl\u00e9 de r\u00e9ussite importante d&rsquo;une d\u00e9marche de mobilit\u00e9s durables dans le secteur culturel.<\/p>\n\n\n\n<p>Retrouvez dans cette fiche pratique tous les conseils pour b\u00e2tir une r\u00e9elle strat\u00e9gie de communication autour des mobilit\u00e9s durables.<\/p>\n\n\n\n<div class=\"wp-block-buttons is-layout-flex wp-block-buttons-is-layout-flex\">\n<div class=\"wp-block-button\"><a class=\"wp-block-button__link wp-element-button\" href=\"https:\/\/www.lecollectifdesfestivals.org\/collectif\/download\/Fiche_Comm_et_sensi_mobilites_durables.pdf\">T\u00e9l\u00e9charger la fiche<\/a><\/div>\n<\/div>\n\n\n\n<p><\/p>\n\n\n\n<p><em>Cette fiche pratique a \u00e9t\u00e9 cr\u00e9\u00e9e dans le cadre du projet <a href=\"https:\/\/www.lecollectifdesfestivals.org\/collectif\/2023\/03\/fem\/\">Festivals en mouvement.<\/a><br>Remerciements : <a href=\"https:\/\/www.ungraindesel.fr\/\">Anne Del\u00e9toille, Un Grain de sel.<\/a><\/em><\/p>\n\n\n\n<p>Pour aller plus loin, consultez \u00e9galement nos <a href=\"https:\/\/www.lecollectifdesfestivals.org\/collectif\/download\/Ficelles_Page_web_Comment_venir.pdf\">Ficelles Construire sa page web \u00ab\u00a0Comment venir au festival\u00a0\u00bb.<\/a><\/p>\n\n\n\n<p><\/p>\n","protected":false},"excerpt":{"rendered":"<p>L&rsquo;information, la communication et la sensibilisation des publics sont une cl\u00e9 de r\u00e9ussite importante d&rsquo;une d\u00e9marche de mobilit\u00e9s durables dans le secteur culturel. Retrouvez dans cette fiche pratique tous les conseils pour b\u00e2tir une r\u00e9elle strat\u00e9gie de communication autour des mobilit\u00e9s durables. Cette fiche pratique a \u00e9t\u00e9 cr\u00e9\u00e9e dans le cadre du projet Festivals en&hellip;&nbsp;<a href=\"https:\/\/www.lecollectifdesfestivals.org\/collectif\/2025\/02\/fiche-pratique-ameliorer-la-communication-et-la-sensibilisation-sur-les-mobilites-durables\/\" rel=\"bookmark\">Lire la suite &raquo;<span class=\"screen-reader-text\">Fiche pratique Am\u00e9liorer la communication et la sensibilisation sur les mobilit\u00e9s durables<\/span><\/a><\/p>\n","protected":false},"author":1,"featured_media":0,"comment_status":"closed","ping_status":"closed","sticky":false,"template":"","format":"standard","meta":{"neve_meta_sidebar":"","neve_meta_container":"","neve_meta_enable_content_width":"","neve_meta_content_width":0,"neve_meta_title_alignment":"","neve_meta_author_avatar":"","neve_post_elements_order":"","neve_meta_disable_header":"","neve_meta_disable_footer":"","neve_meta_disable_title":"","footnotes":""},"categories":[4,174,514,444,21,190],"tags":[],"class_list":["post-28409","post","type-post","status-publish","format-standard","hentry","category-actualites","category-communication-ressources","category-festivals-en-mouvement","category-fiches-pratiques","category-les-transports","category-sensibilisation-thematiques"],"yoast_head":"<!-- This site is optimized with the Yoast SEO plugin v27.4 - https:\/\/yoast.com\/product\/yoast-seo-wordpress\/ -->\n<title>Fiche pratique Am\u00e9liorer la communication et la sensibilisation sur les mobilit\u00e9s durables &#8226; Le Collectif des festivals<\/title>\n<meta name=\"description\" content=\"Le Collectif des festivals accompagne les organisateurs de festivals de Bretagne dans leurs d\u00e9marches de d\u00e9veloppement durable et solidaire.\" \/>\n<meta name=\"robots\" content=\"index, follow, max-snippet:-1, max-image-preview:large, max-video-preview:-1\" \/>\n<link rel=\"canonical\" href=\"https:\/\/www.lecollectifdesfestivals.org\/collectif\/2025\/02\/fiche-pratique-ameliorer-la-communication-et-la-sensibilisation-sur-les-mobilites-durables\/\" \/>\n<meta property=\"og:locale\" content=\"fr_FR\" \/>\n<meta property=\"og:type\" content=\"article\" \/>\n<meta property=\"og:title\" content=\"Fiche pratique Am\u00e9liorer la communication et la sensibilisation sur les mobilit\u00e9s durables &#8226; Le Collectif des festivals\" \/>\n<meta property=\"og:description\" content=\"Le Collectif des festivals accompagne les organisateurs de festivals de Bretagne dans leurs d\u00e9marches de d\u00e9veloppement durable et solidaire.\" \/>\n<meta property=\"og:url\" content=\"https:\/\/www.lecollectifdesfestivals.org\/collectif\/2025\/02\/fiche-pratique-ameliorer-la-communication-et-la-sensibilisation-sur-les-mobilites-durables\/\" \/>\n<meta property=\"og:site_name\" content=\"Le Collectif des festivals\" \/>\n<meta property=\"article:publisher\" content=\"https:\/\/www.facebook.com\/LeCollectifDesFestivals\/\" \/>\n<meta property=\"article:published_time\" content=\"2025-02-21T14:10:45+00:00\" \/>\n<meta property=\"article:modified_time\" content=\"2025-02-21T14:18:06+00:00\" \/>\n<meta name=\"author\" content=\"Le Collectif\" \/>\n<meta name=\"twitter:card\" content=\"summary_large_image\" \/>\n<meta name=\"twitter:creator\" content=\"@CollFestivals\" \/>\n<meta name=\"twitter:site\" content=\"@CollFestivals\" \/>\n<meta name=\"twitter:label1\" content=\"\u00c9crit par\" \/>\n\t<meta name=\"twitter:data1\" content=\"Le Collectif\" \/>\n\t<meta name=\"twitter:label2\" content=\"Dur\u00e9e de lecture estim\u00e9e\" \/>\n\t<meta name=\"twitter:data2\" content=\"1 minute\" \/>\n<script type=\"application\/ld+json\" class=\"yoast-schema-graph\">{\"@context\":\"https:\\\/\\\/schema.org\",\"@graph\":[{\"@type\":\"Article\",\"@id\":\"https:\\\/\\\/www.lecollectifdesfestivals.org\\\/collectif\\\/2025\\\/02\\\/fiche-pratique-ameliorer-la-communication-et-la-sensibilisation-sur-les-mobilites-durables\\\/#article\",\"isPartOf\":{\"@id\":\"https:\\\/\\\/www.lecollectifdesfestivals.org\\\/collectif\\\/2025\\\/02\\\/fiche-pratique-ameliorer-la-communication-et-la-sensibilisation-sur-les-mobilites-durables\\\/\"},\"author\":{\"name\":\"Le Collectif\",\"@id\":\"https:\\\/\\\/www.lecollectifdesfestivals.org\\\/collectif\\\/#\\\/schema\\\/person\\\/86601dd4ec4be86cc3e9fc0f7a6de31c\"},\"headline\":\"Fiche pratique Am\u00e9liorer la communication et la sensibilisation sur les mobilit\u00e9s durables\",\"datePublished\":\"2025-02-21T14:10:45+00:00\",\"dateModified\":\"2025-02-21T14:18:06+00:00\",\"mainEntityOfPage\":{\"@id\":\"https:\\\/\\\/www.lecollectifdesfestivals.org\\\/collectif\\\/2025\\\/02\\\/fiche-pratique-ameliorer-la-communication-et-la-sensibilisation-sur-les-mobilites-durables\\\/\"},\"wordCount\":109,\"articleSection\":[\"Actualit\u00e9s\",\"Communication\",\"Festivals en mouvement\",\"Fiches pratiques\",\"Mobilit\u00e9s \\\/ Transports\",\"Sensibilisation\"],\"inLanguage\":\"fr-FR\"},{\"@type\":\"WebPage\",\"@id\":\"https:\\\/\\\/www.lecollectifdesfestivals.org\\\/collectif\\\/2025\\\/02\\\/fiche-pratique-ameliorer-la-communication-et-la-sensibilisation-sur-les-mobilites-durables\\\/\",\"url\":\"https:\\\/\\\/www.lecollectifdesfestivals.org\\\/collectif\\\/2025\\\/02\\\/fiche-pratique-ameliorer-la-communication-et-la-sensibilisation-sur-les-mobilites-durables\\\/\",\"name\":\"Fiche pratique Am\u00e9liorer la communication et la sensibilisation sur les mobilit\u00e9s durables &#8226; Le Collectif des festivals\",\"isPartOf\":{\"@id\":\"https:\\\/\\\/www.lecollectifdesfestivals.org\\\/collectif\\\/#website\"},\"datePublished\":\"2025-02-21T14:10:45+00:00\",\"dateModified\":\"2025-02-21T14:18:06+00:00\",\"author\":{\"@id\":\"https:\\\/\\\/www.lecollectifdesfestivals.org\\\/collectif\\\/#\\\/schema\\\/person\\\/86601dd4ec4be86cc3e9fc0f7a6de31c\"},\"description\":\"Le Collectif des festivals accompagne les organisateurs de festivals de Bretagne dans leurs d\u00e9marches de d\u00e9veloppement durable et solidaire.\",\"breadcrumb\":{\"@id\":\"https:\\\/\\\/www.lecollectifdesfestivals.org\\\/collectif\\\/2025\\\/02\\\/fiche-pratique-ameliorer-la-communication-et-la-sensibilisation-sur-les-mobilites-durables\\\/#breadcrumb\"},\"inLanguage\":\"fr-FR\",\"potentialAction\":[{\"@type\":\"ReadAction\",\"target\":[\"https:\\\/\\\/www.lecollectifdesfestivals.org\\\/collectif\\\/2025\\\/02\\\/fiche-pratique-ameliorer-la-communication-et-la-sensibilisation-sur-les-mobilites-durables\\\/\"]}]},{\"@type\":\"BreadcrumbList\",\"@id\":\"https:\\\/\\\/www.lecollectifdesfestivals.org\\\/collectif\\\/2025\\\/02\\\/fiche-pratique-ameliorer-la-communication-et-la-sensibilisation-sur-les-mobilites-durables\\\/#breadcrumb\",\"itemListElement\":[{\"@type\":\"ListItem\",\"position\":1,\"name\":\"Accueil\",\"item\":\"https:\\\/\\\/www.lecollectifdesfestivals.org\\\/collectif\\\/\"},{\"@type\":\"ListItem\",\"position\":2,\"name\":\"Fiche pratique Am\u00e9liorer la communication et la sensibilisation sur les mobilit\u00e9s durables\"}]},{\"@type\":\"WebSite\",\"@id\":\"https:\\\/\\\/www.lecollectifdesfestivals.org\\\/collectif\\\/#website\",\"url\":\"https:\\\/\\\/www.lecollectifdesfestivals.org\\\/collectif\\\/\",\"name\":\"Le Collectif des festivals\",\"description\":\"Depuis 2005, le Collectif des festivals accompagne les acteurices culturel\u00b7les dans leurs d\u00e9marches de d\u00e9veloppement durable.\",\"potentialAction\":[{\"@type\":\"SearchAction\",\"target\":{\"@type\":\"EntryPoint\",\"urlTemplate\":\"https:\\\/\\\/www.lecollectifdesfestivals.org\\\/collectif\\\/?s={search_term_string}\"},\"query-input\":{\"@type\":\"PropertyValueSpecification\",\"valueRequired\":true,\"valueName\":\"search_term_string\"}}],\"inLanguage\":\"fr-FR\"},{\"@type\":\"Person\",\"@id\":\"https:\\\/\\\/www.lecollectifdesfestivals.org\\\/collectif\\\/#\\\/schema\\\/person\\\/86601dd4ec4be86cc3e9fc0f7a6de31c\",\"name\":\"Le Collectif\",\"image\":{\"@type\":\"ImageObject\",\"inLanguage\":\"fr-FR\",\"@id\":\"https:\\\/\\\/secure.gravatar.com\\\/avatar\\\/89073059d9fc0729af171a2cef817d198574cc88ac24fc455b289cc6ea1e6caa?s=96&d=mm&r=g\",\"url\":\"https:\\\/\\\/secure.gravatar.com\\\/avatar\\\/89073059d9fc0729af171a2cef817d198574cc88ac24fc455b289cc6ea1e6caa?s=96&d=mm&r=g\",\"contentUrl\":\"https:\\\/\\\/secure.gravatar.com\\\/avatar\\\/89073059d9fc0729af171a2cef817d198574cc88ac24fc455b289cc6ea1e6caa?s=96&d=mm&r=g\",\"caption\":\"Le Collectif\"}}]}<\/script>\n<!-- \/ Yoast SEO plugin. -->","yoast_head_json":{"title":"Fiche pratique Am\u00e9liorer la communication et la sensibilisation sur les mobilit\u00e9s durables &#8226; Le Collectif des festivals","description":"Le Collectif des festivals accompagne les organisateurs de festivals de Bretagne dans leurs d\u00e9marches de d\u00e9veloppement durable et solidaire.","robots":{"index":"index","follow":"follow","max-snippet":"max-snippet:-1","max-image-preview":"max-image-preview:large","max-video-preview":"max-video-preview:-1"},"canonical":"https:\/\/www.lecollectifdesfestivals.org\/collectif\/2025\/02\/fiche-pratique-ameliorer-la-communication-et-la-sensibilisation-sur-les-mobilites-durables\/","og_locale":"fr_FR","og_type":"article","og_title":"Fiche pratique Am\u00e9liorer la communication et la sensibilisation sur les mobilit\u00e9s durables &#8226; Le Collectif des festivals","og_description":"Le Collectif des festivals accompagne les organisateurs de festivals de Bretagne dans leurs d\u00e9marches de d\u00e9veloppement durable et solidaire.","og_url":"https:\/\/www.lecollectifdesfestivals.org\/collectif\/2025\/02\/fiche-pratique-ameliorer-la-communication-et-la-sensibilisation-sur-les-mobilites-durables\/","og_site_name":"Le Collectif des festivals","article_publisher":"https:\/\/www.facebook.com\/LeCollectifDesFestivals\/","article_published_time":"2025-02-21T14:10:45+00:00","article_modified_time":"2025-02-21T14:18:06+00:00","author":"Le Collectif","twitter_card":"summary_large_image","twitter_creator":"@CollFestivals","twitter_site":"@CollFestivals","twitter_misc":{"\u00c9crit par":"Le Collectif","Dur\u00e9e de lecture estim\u00e9e":"1 minute"},"schema":{"@context":"https:\/\/schema.org","@graph":[{"@type":"Article","@id":"https:\/\/www.lecollectifdesfestivals.org\/collectif\/2025\/02\/fiche-pratique-ameliorer-la-communication-et-la-sensibilisation-sur-les-mobilites-durables\/#article","isPartOf":{"@id":"https:\/\/www.lecollectifdesfestivals.org\/collectif\/2025\/02\/fiche-pratique-ameliorer-la-communication-et-la-sensibilisation-sur-les-mobilites-durables\/"},"author":{"name":"Le Collectif","@id":"https:\/\/www.lecollectifdesfestivals.org\/collectif\/#\/schema\/person\/86601dd4ec4be86cc3e9fc0f7a6de31c"},"headline":"Fiche pratique Am\u00e9liorer la communication et la sensibilisation sur les mobilit\u00e9s durables","datePublished":"2025-02-21T14:10:45+00:00","dateModified":"2025-02-21T14:18:06+00:00","mainEntityOfPage":{"@id":"https:\/\/www.lecollectifdesfestivals.org\/collectif\/2025\/02\/fiche-pratique-ameliorer-la-communication-et-la-sensibilisation-sur-les-mobilites-durables\/"},"wordCount":109,"articleSection":["Actualit\u00e9s","Communication","Festivals en mouvement","Fiches pratiques","Mobilit\u00e9s \/ Transports","Sensibilisation"],"inLanguage":"fr-FR"},{"@type":"WebPage","@id":"https:\/\/www.lecollectifdesfestivals.org\/collectif\/2025\/02\/fiche-pratique-ameliorer-la-communication-et-la-sensibilisation-sur-les-mobilites-durables\/","url":"https:\/\/www.lecollectifdesfestivals.org\/collectif\/2025\/02\/fiche-pratique-ameliorer-la-communication-et-la-sensibilisation-sur-les-mobilites-durables\/","name":"Fiche pratique Am\u00e9liorer la communication et la sensibilisation sur les mobilit\u00e9s durables &#8226; Le Collectif des festivals","isPartOf":{"@id":"https:\/\/www.lecollectifdesfestivals.org\/collectif\/#website"},"datePublished":"2025-02-21T14:10:45+00:00","dateModified":"2025-02-21T14:18:06+00:00","author":{"@id":"https:\/\/www.lecollectifdesfestivals.org\/collectif\/#\/schema\/person\/86601dd4ec4be86cc3e9fc0f7a6de31c"},"description":"Le Collectif des festivals accompagne les organisateurs de festivals de Bretagne dans leurs d\u00e9marches de d\u00e9veloppement durable et solidaire.","breadcrumb":{"@id":"https:\/\/www.lecollectifdesfestivals.org\/collectif\/2025\/02\/fiche-pratique-ameliorer-la-communication-et-la-sensibilisation-sur-les-mobilites-durables\/#breadcrumb"},"inLanguage":"fr-FR","potentialAction":[{"@type":"ReadAction","target":["https:\/\/www.lecollectifdesfestivals.org\/collectif\/2025\/02\/fiche-pratique-ameliorer-la-communication-et-la-sensibilisation-sur-les-mobilites-durables\/"]}]},{"@type":"BreadcrumbList","@id":"https:\/\/www.lecollectifdesfestivals.org\/collectif\/2025\/02\/fiche-pratique-ameliorer-la-communication-et-la-sensibilisation-sur-les-mobilites-durables\/#breadcrumb","itemListElement":[{"@type":"ListItem","position":1,"name":"Accueil","item":"https:\/\/www.lecollectifdesfestivals.org\/collectif\/"},{"@type":"ListItem","position":2,"name":"Fiche pratique Am\u00e9liorer la communication et la sensibilisation sur les mobilit\u00e9s durables"}]},{"@type":"WebSite","@id":"https:\/\/www.lecollectifdesfestivals.org\/collectif\/#website","url":"https:\/\/www.lecollectifdesfestivals.org\/collectif\/","name":"Le Collectif des festivals","description":"Depuis 2005, le Collectif des festivals accompagne les acteurices culturel\u00b7les dans leurs d\u00e9marches de d\u00e9veloppement durable.","potentialAction":[{"@type":"SearchAction","target":{"@type":"EntryPoint","urlTemplate":"https:\/\/www.lecollectifdesfestivals.org\/collectif\/?s={search_term_string}"},"query-input":{"@type":"PropertyValueSpecification","valueRequired":true,"valueName":"search_term_string"}}],"inLanguage":"fr-FR"},{"@type":"Person","@id":"https:\/\/www.lecollectifdesfestivals.org\/collectif\/#\/schema\/person\/86601dd4ec4be86cc3e9fc0f7a6de31c","name":"Le Collectif","image":{"@type":"ImageObject","inLanguage":"fr-FR","@id":"https:\/\/secure.gravatar.com\/avatar\/89073059d9fc0729af171a2cef817d198574cc88ac24fc455b289cc6ea1e6caa?s=96&d=mm&r=g","url":"https:\/\/secure.gravatar.com\/avatar\/89073059d9fc0729af171a2cef817d198574cc88ac24fc455b289cc6ea1e6caa?s=96&d=mm&r=g","contentUrl":"https:\/\/secure.gravatar.com\/avatar\/89073059d9fc0729af171a2cef817d198574cc88ac24fc455b289cc6ea1e6caa?s=96&d=mm&r=g","caption":"Le Collectif"}}]}},"_links":{"self":[{"href":"https:\/\/www.lecollectifdesfestivals.org\/collectif\/wp-json\/wp\/v2\/posts\/28409","targetHints":{"allow":["GET"]}}],"collection":[{"href":"https:\/\/www.lecollectifdesfestivals.org\/collectif\/wp-json\/wp\/v2\/posts"}],"about":[{"href":"https:\/\/www.lecollectifdesfestivals.org\/collectif\/wp-json\/wp\/v2\/types\/post"}],"author":[{"embeddable":true,"href":"https:\/\/www.lecollectifdesfestivals.org\/collectif\/wp-json\/wp\/v2\/users\/1"}],"replies":[{"embeddable":true,"href":"https:\/\/www.lecollectifdesfestivals.org\/collectif\/wp-json\/wp\/v2\/comments?post=28409"}],"version-history":[{"count":3,"href":"https:\/\/www.lecollectifdesfestivals.org\/collectif\/wp-json\/wp\/v2\/posts\/28409\/revisions"}],"predecessor-version":[{"id":28422,"href":"https:\/\/www.lecollectifdesfestivals.org\/collectif\/wp-json\/wp\/v2\/posts\/28409\/revisions\/28422"}],"wp:attachment":[{"href":"https:\/\/www.lecollectifdesfestivals.org\/collectif\/wp-json\/wp\/v2\/media?parent=28409"}],"wp:term":[{"taxonomy":"category","embeddable":true,"href":"https:\/\/www.lecollectifdesfestivals.org\/collectif\/wp-json\/wp\/v2\/categories?post=28409"},{"taxonomy":"post_tag","embeddable":true,"href":"https:\/\/www.lecollectifdesfestivals.org\/collectif\/wp-json\/wp\/v2\/tags?post=28409"}],"curies":[{"name":"wp","href":"https:\/\/api.w.org\/{rel}","templated":true}]}}