{"id":29555,"date":"2025-06-06T11:04:52","date_gmt":"2025-06-06T09:04:52","guid":{"rendered":"https:\/\/www.lecollectifdesfestivals.org\/collectif\/?p=29555"},"modified":"2025-06-06T11:19:45","modified_gmt":"2025-06-06T09:19:45","slug":"assistant%c2%b7e-communication-a-cote-douest-festival-europeen-du-film-court","status":"publish","type":"post","link":"https:\/\/www.lecollectifdesfestivals.org\/collectif\/2025\/06\/assistant%c2%b7e-communication-a-cote-douest-festival-europeen-du-film-court\/","title":{"rendered":"Assistant\u00b7e communication \u00e0 C\u00f4te Ouest \/ Festival europ\u00e9en du film court"},"content":{"rendered":"\n<p>Secteur : Communication, cin\u00e9ma, culture, \u00e9v\u00e9nementiel.<\/p>\n\n\n\n<p><br>Depuis 1987, l\u2019association C\u00f4te Ouest participe activement \u00e0 la promotion du cin\u00e9ma et plus<br>particuli\u00e8rement \u00e0 celle du court-m\u00e9trage, sur le territoire brestois, finist\u00e9rien et breton. Sa volont\u00e9 est de faire d\u00e9couvrir et mieux conna\u00eetre le film court au grand public, d\u00e8s le plus jeune \u00e2ge. Son activit\u00e9 se d\u00e9veloppe toute l\u2019ann\u00e9e autour de trois axes : la diffusion, l\u2019\u00e9ducation \u00e0 l\u2019image et l\u2019organisation du Festival europ\u00e9en du film court de Brest. <br>En 2025, le festival europ\u00e9en du film court de Brest f\u00eatera sa 40e \u00e9dition.<\/p>\n\n\n\n<p><strong>Vos missions<\/strong><br>Le ou la stagiaire assistant.e communication int\u00e9grera l\u2019\u00e9quipe de l\u2019association C\u00f4te Ouest pour la<br>pr\u00e9paration de la 40e \u00e9dition du Festival europ\u00e9en du film court de Brest (du 11 au 16 novembre 2025) et aura pour missions principales, en lien avec la charg\u00e9e de communication :<\/p>\n\n\n\n<p><strong>Communication digitale<\/strong><br>-Gestion et animation quotidienne des r\u00e9seaux sociaux en fran\u00e7ais et en anglais (Facebook, Instagram, Linkedin)<br>-Recherche et cr\u00e9ation de contenus web (d\u00e9clinaison des supports visuels, montages vid\u00e9os\/photos,<br>gestion des lives)<br>-Planification des publications avant le festival<br>-Mise \u00e0 jour du site internet (actualit\u00e9s, \u00e9v\u00e9nements, rubrique festival,\u2026)<br>-Participation \u00e0 la cr\u00e9ation des newsletters mensuelles de l\u2019association et quotidiennes du festival<\/p>\n\n\n\n<p><strong>Actions de communications diverses<\/strong><br>-Relecture des diff\u00e9rents supports de communication<br>-Suivi de la diffusion des principaux supports de communication du festival sur Brest<br>-Aide \u00e0 la mise en page de documents divers (signal\u00e9tique, courriers, flyers,\u2026)<br>-Participation \u00e0 la communication globale de diff\u00e9rents projets hors festival<br>-Participation \u00e0 la communication et \u00e0 l\u2019\u00e9v\u00e9nementiel en direction des publics \u00e9tudiants<br>-Participation \u00e0 la cr\u00e9ation et \u00e0 la mise en place de la signal\u00e9tique sur le festival<br>-Participation \u00e0 la coordination des plateaux radio pendant le festival<br><br><strong>Votre profil<\/strong><br>Formation en communication<br>Tr\u00e8s bonne ma\u00eetrise des r\u00e9seaux sociaux<br>Ma\u00eetrise des logiciels Photoshop et InDesign<br>Tr\u00e8s bonne expression \u00e9crite<br>Tr\u00e8s bon relationnel<br>Personne dynamique, rigoureuse et motiv\u00e9e<br>Anglais op\u00e9rationnel<\/p>\n\n\n\n<p><strong>Modalit\u00e9s de recrutement<\/strong><br>Stage \u00e0 pourvoir pour le 15 septembre 2025<br>Stage de 2 mois du 15 septembre au 22 novembre<br>Entre 28 et 35 heures par semaine selon disponibilit\u00e9s<br>Indemnit\u00e9 : selon le bar\u00e8me l\u00e9gal<br>Convention de stage obligatoire<br>Nous ne prenons pas de contrats en alternance<\/p>\n\n\n\n<p><strong>Candidature<\/strong><br>Merci d\u2019envoyer CV et lettre de motivation (format PDF) par mail avant le jeudi 31 juillet 2025 \u00e0 l\u2019attention de Ma\u00efwenn Thominot : brestfestival@filmcourt.fr<br><\/p>\n","protected":false},"excerpt":{"rendered":"<p>Secteur : Communication, cin\u00e9ma, culture, \u00e9v\u00e9nementiel. Depuis 1987, l\u2019association C\u00f4te Ouest participe activement \u00e0 la promotion du cin\u00e9ma et plusparticuli\u00e8rement \u00e0 celle du court-m\u00e9trage, sur le territoire brestois, finist\u00e9rien et breton. Sa volont\u00e9 est de faire d\u00e9couvrir et mieux conna\u00eetre le film court au grand public, d\u00e8s le plus jeune \u00e2ge. Son activit\u00e9 se d\u00e9veloppe&hellip;&nbsp;<a href=\"https:\/\/www.lecollectifdesfestivals.org\/collectif\/2025\/06\/assistant%c2%b7e-communication-a-cote-douest-festival-europeen-du-film-court\/\" rel=\"bookmark\">Lire la suite &raquo;<span class=\"screen-reader-text\">Assistant\u00b7e communication \u00e0 C\u00f4te Ouest \/ Festival europ\u00e9en du film court<\/span><\/a><\/p>\n","protected":false},"author":1,"featured_media":0,"comment_status":"closed","ping_status":"closed","sticky":false,"template":"","format":"standard","meta":{"neve_meta_sidebar":"","neve_meta_container":"","neve_meta_enable_content_width":"","neve_meta_content_width":0,"neve_meta_title_alignment":"","neve_meta_author_avatar":"","neve_post_elements_order":"","neve_meta_disable_header":"","neve_meta_disable_footer":"","neve_meta_disable_title":"","footnotes":""},"categories":[139],"tags":[440,154],"class_list":["post-29555","post","type-post","status-publish","format-standard","hentry","category-emploi","tag-brest","tag-stage"],"yoast_head":"<!-- This site is optimized with the Yoast SEO plugin v27.4 - https:\/\/yoast.com\/product\/yoast-seo-wordpress\/ -->\n<title>Assistant\u00b7e communication \u00e0 C\u00f4te Ouest \/ Festival europ\u00e9en du film court &#8226; Le Collectif des festivals<\/title>\n<meta name=\"description\" content=\"Le Collectif des festivals accompagne les organisateurs de festivals de Bretagne dans leurs d\u00e9marches de d\u00e9veloppement durable et solidaire.\" \/>\n<meta name=\"robots\" content=\"index, follow, max-snippet:-1, max-image-preview:large, max-video-preview:-1\" \/>\n<link rel=\"canonical\" href=\"https:\/\/www.lecollectifdesfestivals.org\/collectif\/2025\/06\/assistant\u00b7e-communication-a-cote-douest-festival-europeen-du-film-court\/\" \/>\n<meta property=\"og:locale\" content=\"fr_FR\" \/>\n<meta property=\"og:type\" content=\"article\" \/>\n<meta property=\"og:title\" content=\"Assistant\u00b7e communication \u00e0 C\u00f4te Ouest \/ Festival europ\u00e9en du film court &#8226; Le Collectif des festivals\" \/>\n<meta property=\"og:description\" content=\"Le Collectif des festivals accompagne les organisateurs de festivals de Bretagne dans leurs d\u00e9marches de d\u00e9veloppement durable et solidaire.\" \/>\n<meta property=\"og:url\" content=\"https:\/\/www.lecollectifdesfestivals.org\/collectif\/2025\/06\/assistant\u00b7e-communication-a-cote-douest-festival-europeen-du-film-court\/\" \/>\n<meta property=\"og:site_name\" content=\"Le Collectif des festivals\" \/>\n<meta property=\"article:publisher\" content=\"https:\/\/www.facebook.com\/LeCollectifDesFestivals\/\" \/>\n<meta property=\"article:published_time\" content=\"2025-06-06T09:04:52+00:00\" \/>\n<meta property=\"article:modified_time\" content=\"2025-06-06T09:19:45+00:00\" \/>\n<meta name=\"author\" content=\"Le Collectif\" \/>\n<meta name=\"twitter:card\" content=\"summary_large_image\" \/>\n<meta name=\"twitter:creator\" content=\"@CollFestivals\" \/>\n<meta name=\"twitter:site\" content=\"@CollFestivals\" \/>\n<meta name=\"twitter:label1\" content=\"\u00c9crit par\" \/>\n\t<meta name=\"twitter:data1\" content=\"Le Collectif\" \/>\n\t<meta name=\"twitter:label2\" content=\"Dur\u00e9e de lecture estim\u00e9e\" \/>\n\t<meta name=\"twitter:data2\" content=\"2 minutes\" \/>\n<script type=\"application\/ld+json\" class=\"yoast-schema-graph\">{\"@context\":\"https:\\\/\\\/schema.org\",\"@graph\":[{\"@type\":\"Article\",\"@id\":\"https:\\\/\\\/www.lecollectifdesfestivals.org\\\/collectif\\\/2025\\\/06\\\/assistant%c2%b7e-communication-a-cote-douest-festival-europeen-du-film-court\\\/#article\",\"isPartOf\":{\"@id\":\"https:\\\/\\\/www.lecollectifdesfestivals.org\\\/collectif\\\/2025\\\/06\\\/assistant%c2%b7e-communication-a-cote-douest-festival-europeen-du-film-court\\\/\"},\"author\":{\"name\":\"Le Collectif\",\"@id\":\"https:\\\/\\\/www.lecollectifdesfestivals.org\\\/collectif\\\/#\\\/schema\\\/person\\\/86601dd4ec4be86cc3e9fc0f7a6de31c\"},\"headline\":\"Assistant\u00b7e communication \u00e0 C\u00f4te Ouest \\\/ Festival europ\u00e9en du film court\",\"datePublished\":\"2025-06-06T09:04:52+00:00\",\"dateModified\":\"2025-06-06T09:19:45+00:00\",\"mainEntityOfPage\":{\"@id\":\"https:\\\/\\\/www.lecollectifdesfestivals.org\\\/collectif\\\/2025\\\/06\\\/assistant%c2%b7e-communication-a-cote-douest-festival-europeen-du-film-court\\\/\"},\"wordCount\":411,\"keywords\":[\"Brest\",\"stage\"],\"articleSection\":[\"Emploi\"],\"inLanguage\":\"fr-FR\"},{\"@type\":\"WebPage\",\"@id\":\"https:\\\/\\\/www.lecollectifdesfestivals.org\\\/collectif\\\/2025\\\/06\\\/assistant%c2%b7e-communication-a-cote-douest-festival-europeen-du-film-court\\\/\",\"url\":\"https:\\\/\\\/www.lecollectifdesfestivals.org\\\/collectif\\\/2025\\\/06\\\/assistant%c2%b7e-communication-a-cote-douest-festival-europeen-du-film-court\\\/\",\"name\":\"Assistant\u00b7e communication \u00e0 C\u00f4te Ouest \\\/ Festival europ\u00e9en du film court &#8226; Le Collectif des festivals\",\"isPartOf\":{\"@id\":\"https:\\\/\\\/www.lecollectifdesfestivals.org\\\/collectif\\\/#website\"},\"datePublished\":\"2025-06-06T09:04:52+00:00\",\"dateModified\":\"2025-06-06T09:19:45+00:00\",\"author\":{\"@id\":\"https:\\\/\\\/www.lecollectifdesfestivals.org\\\/collectif\\\/#\\\/schema\\\/person\\\/86601dd4ec4be86cc3e9fc0f7a6de31c\"},\"description\":\"Le Collectif des festivals accompagne les organisateurs de festivals de Bretagne dans leurs d\u00e9marches de d\u00e9veloppement durable et solidaire.\",\"breadcrumb\":{\"@id\":\"https:\\\/\\\/www.lecollectifdesfestivals.org\\\/collectif\\\/2025\\\/06\\\/assistant%c2%b7e-communication-a-cote-douest-festival-europeen-du-film-court\\\/#breadcrumb\"},\"inLanguage\":\"fr-FR\",\"potentialAction\":[{\"@type\":\"ReadAction\",\"target\":[\"https:\\\/\\\/www.lecollectifdesfestivals.org\\\/collectif\\\/2025\\\/06\\\/assistant%c2%b7e-communication-a-cote-douest-festival-europeen-du-film-court\\\/\"]}]},{\"@type\":\"BreadcrumbList\",\"@id\":\"https:\\\/\\\/www.lecollectifdesfestivals.org\\\/collectif\\\/2025\\\/06\\\/assistant%c2%b7e-communication-a-cote-douest-festival-europeen-du-film-court\\\/#breadcrumb\",\"itemListElement\":[{\"@type\":\"ListItem\",\"position\":1,\"name\":\"Accueil\",\"item\":\"https:\\\/\\\/www.lecollectifdesfestivals.org\\\/collectif\\\/\"},{\"@type\":\"ListItem\",\"position\":2,\"name\":\"Assistant\u00b7e communication \u00e0 C\u00f4te Ouest \\\/ Festival europ\u00e9en du film court\"}]},{\"@type\":\"WebSite\",\"@id\":\"https:\\\/\\\/www.lecollectifdesfestivals.org\\\/collectif\\\/#website\",\"url\":\"https:\\\/\\\/www.lecollectifdesfestivals.org\\\/collectif\\\/\",\"name\":\"Le Collectif des festivals\",\"description\":\"Depuis 2005, le Collectif des festivals accompagne les acteurices culturel\u00b7les dans leurs d\u00e9marches de d\u00e9veloppement durable.\",\"potentialAction\":[{\"@type\":\"SearchAction\",\"target\":{\"@type\":\"EntryPoint\",\"urlTemplate\":\"https:\\\/\\\/www.lecollectifdesfestivals.org\\\/collectif\\\/?s={search_term_string}\"},\"query-input\":{\"@type\":\"PropertyValueSpecification\",\"valueRequired\":true,\"valueName\":\"search_term_string\"}}],\"inLanguage\":\"fr-FR\"},{\"@type\":\"Person\",\"@id\":\"https:\\\/\\\/www.lecollectifdesfestivals.org\\\/collectif\\\/#\\\/schema\\\/person\\\/86601dd4ec4be86cc3e9fc0f7a6de31c\",\"name\":\"Le Collectif\",\"image\":{\"@type\":\"ImageObject\",\"inLanguage\":\"fr-FR\",\"@id\":\"https:\\\/\\\/secure.gravatar.com\\\/avatar\\\/89073059d9fc0729af171a2cef817d198574cc88ac24fc455b289cc6ea1e6caa?s=96&d=mm&r=g\",\"url\":\"https:\\\/\\\/secure.gravatar.com\\\/avatar\\\/89073059d9fc0729af171a2cef817d198574cc88ac24fc455b289cc6ea1e6caa?s=96&d=mm&r=g\",\"contentUrl\":\"https:\\\/\\\/secure.gravatar.com\\\/avatar\\\/89073059d9fc0729af171a2cef817d198574cc88ac24fc455b289cc6ea1e6caa?s=96&d=mm&r=g\",\"caption\":\"Le Collectif\"}}]}<\/script>\n<!-- \/ Yoast SEO plugin. -->","yoast_head_json":{"title":"Assistant\u00b7e communication \u00e0 C\u00f4te Ouest \/ Festival europ\u00e9en du film court &#8226; Le Collectif des festivals","description":"Le Collectif des festivals accompagne les organisateurs de festivals de Bretagne dans leurs d\u00e9marches de d\u00e9veloppement durable et solidaire.","robots":{"index":"index","follow":"follow","max-snippet":"max-snippet:-1","max-image-preview":"max-image-preview:large","max-video-preview":"max-video-preview:-1"},"canonical":"https:\/\/www.lecollectifdesfestivals.org\/collectif\/2025\/06\/assistant\u00b7e-communication-a-cote-douest-festival-europeen-du-film-court\/","og_locale":"fr_FR","og_type":"article","og_title":"Assistant\u00b7e communication \u00e0 C\u00f4te Ouest \/ Festival europ\u00e9en du film court &#8226; Le Collectif des festivals","og_description":"Le Collectif des festivals accompagne les organisateurs de festivals de Bretagne dans leurs d\u00e9marches de d\u00e9veloppement durable et solidaire.","og_url":"https:\/\/www.lecollectifdesfestivals.org\/collectif\/2025\/06\/assistant\u00b7e-communication-a-cote-douest-festival-europeen-du-film-court\/","og_site_name":"Le Collectif des festivals","article_publisher":"https:\/\/www.facebook.com\/LeCollectifDesFestivals\/","article_published_time":"2025-06-06T09:04:52+00:00","article_modified_time":"2025-06-06T09:19:45+00:00","author":"Le Collectif","twitter_card":"summary_large_image","twitter_creator":"@CollFestivals","twitter_site":"@CollFestivals","twitter_misc":{"\u00c9crit par":"Le Collectif","Dur\u00e9e de lecture estim\u00e9e":"2 minutes"},"schema":{"@context":"https:\/\/schema.org","@graph":[{"@type":"Article","@id":"https:\/\/www.lecollectifdesfestivals.org\/collectif\/2025\/06\/assistant%c2%b7e-communication-a-cote-douest-festival-europeen-du-film-court\/#article","isPartOf":{"@id":"https:\/\/www.lecollectifdesfestivals.org\/collectif\/2025\/06\/assistant%c2%b7e-communication-a-cote-douest-festival-europeen-du-film-court\/"},"author":{"name":"Le Collectif","@id":"https:\/\/www.lecollectifdesfestivals.org\/collectif\/#\/schema\/person\/86601dd4ec4be86cc3e9fc0f7a6de31c"},"headline":"Assistant\u00b7e communication \u00e0 C\u00f4te Ouest \/ Festival europ\u00e9en du film court","datePublished":"2025-06-06T09:04:52+00:00","dateModified":"2025-06-06T09:19:45+00:00","mainEntityOfPage":{"@id":"https:\/\/www.lecollectifdesfestivals.org\/collectif\/2025\/06\/assistant%c2%b7e-communication-a-cote-douest-festival-europeen-du-film-court\/"},"wordCount":411,"keywords":["Brest","stage"],"articleSection":["Emploi"],"inLanguage":"fr-FR"},{"@type":"WebPage","@id":"https:\/\/www.lecollectifdesfestivals.org\/collectif\/2025\/06\/assistant%c2%b7e-communication-a-cote-douest-festival-europeen-du-film-court\/","url":"https:\/\/www.lecollectifdesfestivals.org\/collectif\/2025\/06\/assistant%c2%b7e-communication-a-cote-douest-festival-europeen-du-film-court\/","name":"Assistant\u00b7e communication \u00e0 C\u00f4te Ouest \/ Festival europ\u00e9en du film court &#8226; Le Collectif des festivals","isPartOf":{"@id":"https:\/\/www.lecollectifdesfestivals.org\/collectif\/#website"},"datePublished":"2025-06-06T09:04:52+00:00","dateModified":"2025-06-06T09:19:45+00:00","author":{"@id":"https:\/\/www.lecollectifdesfestivals.org\/collectif\/#\/schema\/person\/86601dd4ec4be86cc3e9fc0f7a6de31c"},"description":"Le Collectif des festivals accompagne les organisateurs de festivals de Bretagne dans leurs d\u00e9marches de d\u00e9veloppement durable et solidaire.","breadcrumb":{"@id":"https:\/\/www.lecollectifdesfestivals.org\/collectif\/2025\/06\/assistant%c2%b7e-communication-a-cote-douest-festival-europeen-du-film-court\/#breadcrumb"},"inLanguage":"fr-FR","potentialAction":[{"@type":"ReadAction","target":["https:\/\/www.lecollectifdesfestivals.org\/collectif\/2025\/06\/assistant%c2%b7e-communication-a-cote-douest-festival-europeen-du-film-court\/"]}]},{"@type":"BreadcrumbList","@id":"https:\/\/www.lecollectifdesfestivals.org\/collectif\/2025\/06\/assistant%c2%b7e-communication-a-cote-douest-festival-europeen-du-film-court\/#breadcrumb","itemListElement":[{"@type":"ListItem","position":1,"name":"Accueil","item":"https:\/\/www.lecollectifdesfestivals.org\/collectif\/"},{"@type":"ListItem","position":2,"name":"Assistant\u00b7e communication \u00e0 C\u00f4te Ouest \/ Festival europ\u00e9en du film court"}]},{"@type":"WebSite","@id":"https:\/\/www.lecollectifdesfestivals.org\/collectif\/#website","url":"https:\/\/www.lecollectifdesfestivals.org\/collectif\/","name":"Le Collectif des festivals","description":"Depuis 2005, le Collectif des festivals accompagne les acteurices culturel\u00b7les dans leurs d\u00e9marches de d\u00e9veloppement durable.","potentialAction":[{"@type":"SearchAction","target":{"@type":"EntryPoint","urlTemplate":"https:\/\/www.lecollectifdesfestivals.org\/collectif\/?s={search_term_string}"},"query-input":{"@type":"PropertyValueSpecification","valueRequired":true,"valueName":"search_term_string"}}],"inLanguage":"fr-FR"},{"@type":"Person","@id":"https:\/\/www.lecollectifdesfestivals.org\/collectif\/#\/schema\/person\/86601dd4ec4be86cc3e9fc0f7a6de31c","name":"Le Collectif","image":{"@type":"ImageObject","inLanguage":"fr-FR","@id":"https:\/\/secure.gravatar.com\/avatar\/89073059d9fc0729af171a2cef817d198574cc88ac24fc455b289cc6ea1e6caa?s=96&d=mm&r=g","url":"https:\/\/secure.gravatar.com\/avatar\/89073059d9fc0729af171a2cef817d198574cc88ac24fc455b289cc6ea1e6caa?s=96&d=mm&r=g","contentUrl":"https:\/\/secure.gravatar.com\/avatar\/89073059d9fc0729af171a2cef817d198574cc88ac24fc455b289cc6ea1e6caa?s=96&d=mm&r=g","caption":"Le Collectif"}}]}},"_links":{"self":[{"href":"https:\/\/www.lecollectifdesfestivals.org\/collectif\/wp-json\/wp\/v2\/posts\/29555","targetHints":{"allow":["GET"]}}],"collection":[{"href":"https:\/\/www.lecollectifdesfestivals.org\/collectif\/wp-json\/wp\/v2\/posts"}],"about":[{"href":"https:\/\/www.lecollectifdesfestivals.org\/collectif\/wp-json\/wp\/v2\/types\/post"}],"author":[{"embeddable":true,"href":"https:\/\/www.lecollectifdesfestivals.org\/collectif\/wp-json\/wp\/v2\/users\/1"}],"replies":[{"embeddable":true,"href":"https:\/\/www.lecollectifdesfestivals.org\/collectif\/wp-json\/wp\/v2\/comments?post=29555"}],"version-history":[{"count":2,"href":"https:\/\/www.lecollectifdesfestivals.org\/collectif\/wp-json\/wp\/v2\/posts\/29555\/revisions"}],"predecessor-version":[{"id":29557,"href":"https:\/\/www.lecollectifdesfestivals.org\/collectif\/wp-json\/wp\/v2\/posts\/29555\/revisions\/29557"}],"wp:attachment":[{"href":"https:\/\/www.lecollectifdesfestivals.org\/collectif\/wp-json\/wp\/v2\/media?parent=29555"}],"wp:term":[{"taxonomy":"category","embeddable":true,"href":"https:\/\/www.lecollectifdesfestivals.org\/collectif\/wp-json\/wp\/v2\/categories?post=29555"},{"taxonomy":"post_tag","embeddable":true,"href":"https:\/\/www.lecollectifdesfestivals.org\/collectif\/wp-json\/wp\/v2\/tags?post=29555"}],"curies":[{"name":"wp","href":"https:\/\/api.w.org\/{rel}","templated":true}]}}