{"id":29575,"date":"2025-06-11T09:23:02","date_gmt":"2025-06-11T07:23:02","guid":{"rendered":"https:\/\/www.lecollectifdesfestivals.org\/collectif\/?p=29575"},"modified":"2025-06-11T10:56:42","modified_gmt":"2025-06-11T08:56:42","slug":"assistant%c2%b7e-partenariats-et-commercialisation-aux-trans","status":"publish","type":"post","link":"https:\/\/www.lecollectifdesfestivals.org\/collectif\/2025\/06\/assistant%c2%b7e-partenariats-et-commercialisation-aux-trans\/","title":{"rendered":"Assistant\u00b7e partenariats et commercialisation aux Trans"},"content":{"rendered":"\n<p>L\u2019Association Trans Musicales (ATM) organise les Rencontres Trans Musicales de Rennes, festival n\u00e9 en 1979 dont la quarante-septi\u00e8me \u00e9dition se tiendra en d\u00e9cembre 2025, et produit une saison culturelle d\u2019une trentaine de concerts de septembre \u00e0 juin \u00e0 l\u2019Ubu (salle de spectacles dans le centre-ville de Rennes) et hors les murs. Au-del\u00e0 de la programmation, les deux autres dynamiques qui structurent l\u2019activit\u00e9 sont l\u2019accompagnement artistique et l\u2019acon culturelle.<br>Dans le cadre du lancement de la saison Ubu 2025-2026 et de la pr\u00e9paration de la 47\u00e8me \u00e9dition des<br>Rencontres Trans Musicales de Rennes, l\u2019ATM recherche un\u00b7e stagiaire pour une dur\u00e9e de 4 mois.<\/p>\n\n\n\n<h3 class=\"wp-block-heading\"><strong>Description des missions du stage<\/strong><\/h3>\n\n\n\n<p>Sous la responsabilit\u00e9 du charg\u00e9 de mission relations avec les entreprises, le\/la stagiaire participera au travail de mise en \u0153uvre de la strat\u00e9gie de partenariat aupr\u00e8s des entreprises ainsi qu\u2019\u00e0 la mise en place op\u00e9rationnelle des privatisations d\u2019espaces d\u00e9di\u00e9s aux soci\u00e9t\u00e9s par les Trans.<\/p>\n\n\n\n<p><strong>Partenariats et m\u00e9c\u00e9nats<\/strong><\/p>\n\n\n\n<p>Accompagne le p\u00f4le relations aux entreprises dans l\u2019action de recherche de partenaires et m\u00e9c\u00e8nes, contribuant au fonctionnement et au rayonnement de l\u2019ATM, par le biais de :<\/p>\n\n\n\n<ul class=\"wp-block-list\">\n<li>mise \u00e0 jour des tableaux existants et le suivi des \ufb01chiers de contacts<\/li>\n\n\n\n<li>mise en \u0153uvre des actions convenues avec les partenaires et m\u00e9c\u00e8nes<\/li>\n\n\n\n<li>privatisation des espaces (Ubu + festival) d\u00e9di\u00e9s aux entreprises et aux m\u00e9c\u00e8nes<\/li>\n<\/ul>\n\n\n\n<p><strong>Commercialisation des espaces<\/strong><\/p>\n\n\n\n<p>Commercialisation des espaces de r\u00e9ception et de s\u00e9minaires mis en place pendant le festival aupr\u00e8s d\u2019un \ufb01chier d\u2019entreprises locales<\/p>\n\n\n\n<p>Rechercher et qualifier des prospects pour la commercialisation d&rsquo;espaces d\u00e9di\u00e9s (stands, espaces VIP, zones d&rsquo;activation de marque, hospitalit\u00e9s&#8230;). <\/p>\n\n\n\n<p><strong>\u00c9v\u00e9nementiel<\/strong><\/p>\n\n\n\n<p>Participe \u00e0 l\u2019organisation op\u00e9rationnelle des soir\u00e9es \u00e9v\u00e9nementielles, et \u00e0 ce titre contribue \u00e0 :<\/p>\n\n\n\n<ul class=\"wp-block-list\">\n<li>la gestion du planning des r\u00e9servations des \u00e9v\u00e9nementiels d\u2019entreprise<\/li>\n\n\n\n<li>l\u2019organisation de la logistique interne<\/li>\n\n\n\n<li>l\u2019\u00e9laboration des devis selon les demandes<\/li>\n\n\n\n<li>la prise en compte des inscriptions aux \u00e9v\u00e8nements<\/li>\n\n\n\n<li>la mise en place d\u2019actions de marketing et de communication<\/li>\n\n\n\n<li>l\u2019encadrement des \u00e9v\u00e9nements<\/li>\n\n\n\n<li>l\u2019accueil des m\u00e9c\u00e8nes et partenaires lors des \u00e9v\u00e9nements<\/li>\n<\/ul>\n\n\n\n<h3 class=\"wp-block-heading\">Pro\ufb01l recherch\u00e9 :<\/h3>\n\n\n\n<p>Formation \u00c9cole de gestion et de commerce <br>Formation en marketing et vente<\/p>\n\n\n\n<p><strong>Savoir-\u00eatre et savoir-faire :<\/strong><\/p>\n\n\n\n<p>Attrait pour le secteur culturel et \u00e9v\u00e8nementiel <br>Rigueur, m\u00e9thode<br>Fiabilit\u00e9, discr\u00e9tion<\/p>\n\n\n\n<p><strong>Conditions<\/strong><strong><\/strong><\/p>\n\n\n\n<p>Le stage s\u2019e\ufb00ectue principalement dans les locaux de l\u2019association (10-12 rue Jean Guy, \u00e0 Rennes) et, ponctuellement, sur les lieux de concerts.<\/p>\n\n\n\n<p><strong>Dur\u00e9e <\/strong>: 4 mois \u2013 35h hebdomadaires <br><strong>Date de d\u00e9but <\/strong>: lundi 1er septembre 2025 <br><strong>Date de fin <\/strong>: mercredi 31 d\u00e9cembre 2026<\/p>\n\n\n\n<p><strong>R\u00e9mun\u00e9ration <\/strong>: gratifiation l\u00e9gale + ch\u00e8ques d\u00e9jeuner + remboursement 50% de l\u2019abonnement transport<\/p>\n\n\n\n<p><strong><u>Convention de stage imp\u00e9rative<\/u> <\/strong>(aucune candidature ne sera retenue sans convention)<\/p>\n\n\n\n<p>Candidature : CV et lettre de motivation \u00e0 adresser uniquement par mail \u00e0 l\u2019attention de <a href=\"mailto:gwenola.lebris@lestrans.com\">gwenola.lebris@lestrans.com<\/a> en pr\u00e9cisant l\u2019objet de votre candidature : stage assistant\u00b7e partenariat et commercialisation<\/p>\n\n\n\n<p>Date limite de candidature : mercredi 26 juin 2025 et entretien d\u00e9but juillet 2025<\/p>\n","protected":false},"excerpt":{"rendered":"<p>L\u2019Association Trans Musicales (ATM) organise les Rencontres Trans Musicales de Rennes, festival n\u00e9 en 1979 dont la quarante-septi\u00e8me \u00e9dition se tiendra en d\u00e9cembre 2025, et produit une saison culturelle d\u2019une trentaine de concerts de septembre \u00e0 juin \u00e0 l\u2019Ubu (salle de spectacles dans le centre-ville de Rennes) et hors les murs. Au-del\u00e0 de la programmation,&hellip;&nbsp;<a href=\"https:\/\/www.lecollectifdesfestivals.org\/collectif\/2025\/06\/assistant%c2%b7e-partenariats-et-commercialisation-aux-trans\/\" rel=\"bookmark\">Lire la suite &raquo;<span class=\"screen-reader-text\">Assistant\u00b7e partenariats et commercialisation aux Trans<\/span><\/a><\/p>\n","protected":false},"author":1,"featured_media":0,"comment_status":"closed","ping_status":"closed","sticky":false,"template":"","format":"standard","meta":{"neve_meta_sidebar":"","neve_meta_container":"","neve_meta_enable_content_width":"","neve_meta_content_width":0,"neve_meta_title_alignment":"","neve_meta_author_avatar":"","neve_post_elements_order":"","neve_meta_disable_header":"","neve_meta_disable_footer":"","neve_meta_disable_title":"","footnotes":""},"categories":[139],"tags":[437,154],"class_list":["post-29575","post","type-post","status-publish","format-standard","hentry","category-emploi","tag-rennes","tag-stage"],"yoast_head":"<!-- This site is optimized with the Yoast SEO plugin v27.4 - https:\/\/yoast.com\/product\/yoast-seo-wordpress\/ -->\n<title>Assistant\u00b7e partenariats et commercialisation aux Trans &#8226; Le Collectif des festivals<\/title>\n<meta name=\"description\" content=\"Le Collectif des festivals accompagne les organisateurs de festivals de Bretagne dans leurs d\u00e9marches de d\u00e9veloppement durable et solidaire.\" \/>\n<meta name=\"robots\" content=\"index, follow, max-snippet:-1, max-image-preview:large, max-video-preview:-1\" \/>\n<link rel=\"canonical\" href=\"https:\/\/www.lecollectifdesfestivals.org\/collectif\/2025\/06\/assistant\u00b7e-partenariats-et-commercialisation-aux-trans\/\" \/>\n<meta property=\"og:locale\" content=\"fr_FR\" \/>\n<meta property=\"og:type\" content=\"article\" \/>\n<meta property=\"og:title\" content=\"Assistant\u00b7e partenariats et commercialisation aux Trans &#8226; Le Collectif des festivals\" \/>\n<meta property=\"og:description\" content=\"Le Collectif des festivals accompagne les organisateurs de festivals de Bretagne dans leurs d\u00e9marches de d\u00e9veloppement durable et solidaire.\" \/>\n<meta property=\"og:url\" content=\"https:\/\/www.lecollectifdesfestivals.org\/collectif\/2025\/06\/assistant\u00b7e-partenariats-et-commercialisation-aux-trans\/\" \/>\n<meta property=\"og:site_name\" content=\"Le Collectif des festivals\" \/>\n<meta property=\"article:publisher\" content=\"https:\/\/www.facebook.com\/LeCollectifDesFestivals\/\" \/>\n<meta property=\"article:published_time\" content=\"2025-06-11T07:23:02+00:00\" \/>\n<meta property=\"article:modified_time\" content=\"2025-06-11T08:56:42+00:00\" \/>\n<meta name=\"author\" content=\"Le Collectif\" \/>\n<meta name=\"twitter:card\" content=\"summary_large_image\" \/>\n<meta name=\"twitter:creator\" content=\"@CollFestivals\" \/>\n<meta name=\"twitter:site\" content=\"@CollFestivals\" \/>\n<meta name=\"twitter:label1\" content=\"\u00c9crit par\" \/>\n\t<meta name=\"twitter:data1\" content=\"Le Collectif\" \/>\n\t<meta name=\"twitter:label2\" content=\"Dur\u00e9e de lecture estim\u00e9e\" \/>\n\t<meta name=\"twitter:data2\" content=\"3 minutes\" \/>\n<script type=\"application\/ld+json\" class=\"yoast-schema-graph\">{\"@context\":\"https:\\\/\\\/schema.org\",\"@graph\":[{\"@type\":\"Article\",\"@id\":\"https:\\\/\\\/www.lecollectifdesfestivals.org\\\/collectif\\\/2025\\\/06\\\/assistant%c2%b7e-partenariats-et-commercialisation-aux-trans\\\/#article\",\"isPartOf\":{\"@id\":\"https:\\\/\\\/www.lecollectifdesfestivals.org\\\/collectif\\\/2025\\\/06\\\/assistant%c2%b7e-partenariats-et-commercialisation-aux-trans\\\/\"},\"author\":{\"name\":\"Le Collectif\",\"@id\":\"https:\\\/\\\/www.lecollectifdesfestivals.org\\\/collectif\\\/#\\\/schema\\\/person\\\/86601dd4ec4be86cc3e9fc0f7a6de31c\"},\"headline\":\"Assistant\u00b7e partenariats et commercialisation aux Trans\",\"datePublished\":\"2025-06-11T07:23:02+00:00\",\"dateModified\":\"2025-06-11T08:56:42+00:00\",\"mainEntityOfPage\":{\"@id\":\"https:\\\/\\\/www.lecollectifdesfestivals.org\\\/collectif\\\/2025\\\/06\\\/assistant%c2%b7e-partenariats-et-commercialisation-aux-trans\\\/\"},\"wordCount\":521,\"keywords\":[\"Rennes\",\"stage\"],\"articleSection\":[\"Emploi\"],\"inLanguage\":\"fr-FR\"},{\"@type\":\"WebPage\",\"@id\":\"https:\\\/\\\/www.lecollectifdesfestivals.org\\\/collectif\\\/2025\\\/06\\\/assistant%c2%b7e-partenariats-et-commercialisation-aux-trans\\\/\",\"url\":\"https:\\\/\\\/www.lecollectifdesfestivals.org\\\/collectif\\\/2025\\\/06\\\/assistant%c2%b7e-partenariats-et-commercialisation-aux-trans\\\/\",\"name\":\"Assistant\u00b7e partenariats et commercialisation aux Trans &#8226; Le Collectif des festivals\",\"isPartOf\":{\"@id\":\"https:\\\/\\\/www.lecollectifdesfestivals.org\\\/collectif\\\/#website\"},\"datePublished\":\"2025-06-11T07:23:02+00:00\",\"dateModified\":\"2025-06-11T08:56:42+00:00\",\"author\":{\"@id\":\"https:\\\/\\\/www.lecollectifdesfestivals.org\\\/collectif\\\/#\\\/schema\\\/person\\\/86601dd4ec4be86cc3e9fc0f7a6de31c\"},\"description\":\"Le Collectif des festivals accompagne les organisateurs de festivals de Bretagne dans leurs d\u00e9marches de d\u00e9veloppement durable et solidaire.\",\"breadcrumb\":{\"@id\":\"https:\\\/\\\/www.lecollectifdesfestivals.org\\\/collectif\\\/2025\\\/06\\\/assistant%c2%b7e-partenariats-et-commercialisation-aux-trans\\\/#breadcrumb\"},\"inLanguage\":\"fr-FR\",\"potentialAction\":[{\"@type\":\"ReadAction\",\"target\":[\"https:\\\/\\\/www.lecollectifdesfestivals.org\\\/collectif\\\/2025\\\/06\\\/assistant%c2%b7e-partenariats-et-commercialisation-aux-trans\\\/\"]}]},{\"@type\":\"BreadcrumbList\",\"@id\":\"https:\\\/\\\/www.lecollectifdesfestivals.org\\\/collectif\\\/2025\\\/06\\\/assistant%c2%b7e-partenariats-et-commercialisation-aux-trans\\\/#breadcrumb\",\"itemListElement\":[{\"@type\":\"ListItem\",\"position\":1,\"name\":\"Accueil\",\"item\":\"https:\\\/\\\/www.lecollectifdesfestivals.org\\\/collectif\\\/\"},{\"@type\":\"ListItem\",\"position\":2,\"name\":\"Assistant\u00b7e partenariats et commercialisation aux Trans\"}]},{\"@type\":\"WebSite\",\"@id\":\"https:\\\/\\\/www.lecollectifdesfestivals.org\\\/collectif\\\/#website\",\"url\":\"https:\\\/\\\/www.lecollectifdesfestivals.org\\\/collectif\\\/\",\"name\":\"Le Collectif des festivals\",\"description\":\"Depuis 2005, le Collectif des festivals accompagne les acteurices culturel\u00b7les dans leurs d\u00e9marches de d\u00e9veloppement durable.\",\"potentialAction\":[{\"@type\":\"SearchAction\",\"target\":{\"@type\":\"EntryPoint\",\"urlTemplate\":\"https:\\\/\\\/www.lecollectifdesfestivals.org\\\/collectif\\\/?s={search_term_string}\"},\"query-input\":{\"@type\":\"PropertyValueSpecification\",\"valueRequired\":true,\"valueName\":\"search_term_string\"}}],\"inLanguage\":\"fr-FR\"},{\"@type\":\"Person\",\"@id\":\"https:\\\/\\\/www.lecollectifdesfestivals.org\\\/collectif\\\/#\\\/schema\\\/person\\\/86601dd4ec4be86cc3e9fc0f7a6de31c\",\"name\":\"Le Collectif\",\"image\":{\"@type\":\"ImageObject\",\"inLanguage\":\"fr-FR\",\"@id\":\"https:\\\/\\\/secure.gravatar.com\\\/avatar\\\/89073059d9fc0729af171a2cef817d198574cc88ac24fc455b289cc6ea1e6caa?s=96&d=mm&r=g\",\"url\":\"https:\\\/\\\/secure.gravatar.com\\\/avatar\\\/89073059d9fc0729af171a2cef817d198574cc88ac24fc455b289cc6ea1e6caa?s=96&d=mm&r=g\",\"contentUrl\":\"https:\\\/\\\/secure.gravatar.com\\\/avatar\\\/89073059d9fc0729af171a2cef817d198574cc88ac24fc455b289cc6ea1e6caa?s=96&d=mm&r=g\",\"caption\":\"Le Collectif\"}}]}<\/script>\n<!-- \/ Yoast SEO plugin. -->","yoast_head_json":{"title":"Assistant\u00b7e partenariats et commercialisation aux Trans &#8226; Le Collectif des festivals","description":"Le Collectif des festivals accompagne les organisateurs de festivals de Bretagne dans leurs d\u00e9marches de d\u00e9veloppement durable et solidaire.","robots":{"index":"index","follow":"follow","max-snippet":"max-snippet:-1","max-image-preview":"max-image-preview:large","max-video-preview":"max-video-preview:-1"},"canonical":"https:\/\/www.lecollectifdesfestivals.org\/collectif\/2025\/06\/assistant\u00b7e-partenariats-et-commercialisation-aux-trans\/","og_locale":"fr_FR","og_type":"article","og_title":"Assistant\u00b7e partenariats et commercialisation aux Trans &#8226; Le Collectif des festivals","og_description":"Le Collectif des festivals accompagne les organisateurs de festivals de Bretagne dans leurs d\u00e9marches de d\u00e9veloppement durable et solidaire.","og_url":"https:\/\/www.lecollectifdesfestivals.org\/collectif\/2025\/06\/assistant\u00b7e-partenariats-et-commercialisation-aux-trans\/","og_site_name":"Le Collectif des festivals","article_publisher":"https:\/\/www.facebook.com\/LeCollectifDesFestivals\/","article_published_time":"2025-06-11T07:23:02+00:00","article_modified_time":"2025-06-11T08:56:42+00:00","author":"Le Collectif","twitter_card":"summary_large_image","twitter_creator":"@CollFestivals","twitter_site":"@CollFestivals","twitter_misc":{"\u00c9crit par":"Le Collectif","Dur\u00e9e de lecture estim\u00e9e":"3 minutes"},"schema":{"@context":"https:\/\/schema.org","@graph":[{"@type":"Article","@id":"https:\/\/www.lecollectifdesfestivals.org\/collectif\/2025\/06\/assistant%c2%b7e-partenariats-et-commercialisation-aux-trans\/#article","isPartOf":{"@id":"https:\/\/www.lecollectifdesfestivals.org\/collectif\/2025\/06\/assistant%c2%b7e-partenariats-et-commercialisation-aux-trans\/"},"author":{"name":"Le Collectif","@id":"https:\/\/www.lecollectifdesfestivals.org\/collectif\/#\/schema\/person\/86601dd4ec4be86cc3e9fc0f7a6de31c"},"headline":"Assistant\u00b7e partenariats et commercialisation aux Trans","datePublished":"2025-06-11T07:23:02+00:00","dateModified":"2025-06-11T08:56:42+00:00","mainEntityOfPage":{"@id":"https:\/\/www.lecollectifdesfestivals.org\/collectif\/2025\/06\/assistant%c2%b7e-partenariats-et-commercialisation-aux-trans\/"},"wordCount":521,"keywords":["Rennes","stage"],"articleSection":["Emploi"],"inLanguage":"fr-FR"},{"@type":"WebPage","@id":"https:\/\/www.lecollectifdesfestivals.org\/collectif\/2025\/06\/assistant%c2%b7e-partenariats-et-commercialisation-aux-trans\/","url":"https:\/\/www.lecollectifdesfestivals.org\/collectif\/2025\/06\/assistant%c2%b7e-partenariats-et-commercialisation-aux-trans\/","name":"Assistant\u00b7e partenariats et commercialisation aux Trans &#8226; Le Collectif des festivals","isPartOf":{"@id":"https:\/\/www.lecollectifdesfestivals.org\/collectif\/#website"},"datePublished":"2025-06-11T07:23:02+00:00","dateModified":"2025-06-11T08:56:42+00:00","author":{"@id":"https:\/\/www.lecollectifdesfestivals.org\/collectif\/#\/schema\/person\/86601dd4ec4be86cc3e9fc0f7a6de31c"},"description":"Le Collectif des festivals accompagne les organisateurs de festivals de Bretagne dans leurs d\u00e9marches de d\u00e9veloppement durable et solidaire.","breadcrumb":{"@id":"https:\/\/www.lecollectifdesfestivals.org\/collectif\/2025\/06\/assistant%c2%b7e-partenariats-et-commercialisation-aux-trans\/#breadcrumb"},"inLanguage":"fr-FR","potentialAction":[{"@type":"ReadAction","target":["https:\/\/www.lecollectifdesfestivals.org\/collectif\/2025\/06\/assistant%c2%b7e-partenariats-et-commercialisation-aux-trans\/"]}]},{"@type":"BreadcrumbList","@id":"https:\/\/www.lecollectifdesfestivals.org\/collectif\/2025\/06\/assistant%c2%b7e-partenariats-et-commercialisation-aux-trans\/#breadcrumb","itemListElement":[{"@type":"ListItem","position":1,"name":"Accueil","item":"https:\/\/www.lecollectifdesfestivals.org\/collectif\/"},{"@type":"ListItem","position":2,"name":"Assistant\u00b7e partenariats et commercialisation aux Trans"}]},{"@type":"WebSite","@id":"https:\/\/www.lecollectifdesfestivals.org\/collectif\/#website","url":"https:\/\/www.lecollectifdesfestivals.org\/collectif\/","name":"Le Collectif des festivals","description":"Depuis 2005, le Collectif des festivals accompagne les acteurices culturel\u00b7les dans leurs d\u00e9marches de d\u00e9veloppement durable.","potentialAction":[{"@type":"SearchAction","target":{"@type":"EntryPoint","urlTemplate":"https:\/\/www.lecollectifdesfestivals.org\/collectif\/?s={search_term_string}"},"query-input":{"@type":"PropertyValueSpecification","valueRequired":true,"valueName":"search_term_string"}}],"inLanguage":"fr-FR"},{"@type":"Person","@id":"https:\/\/www.lecollectifdesfestivals.org\/collectif\/#\/schema\/person\/86601dd4ec4be86cc3e9fc0f7a6de31c","name":"Le Collectif","image":{"@type":"ImageObject","inLanguage":"fr-FR","@id":"https:\/\/secure.gravatar.com\/avatar\/89073059d9fc0729af171a2cef817d198574cc88ac24fc455b289cc6ea1e6caa?s=96&d=mm&r=g","url":"https:\/\/secure.gravatar.com\/avatar\/89073059d9fc0729af171a2cef817d198574cc88ac24fc455b289cc6ea1e6caa?s=96&d=mm&r=g","contentUrl":"https:\/\/secure.gravatar.com\/avatar\/89073059d9fc0729af171a2cef817d198574cc88ac24fc455b289cc6ea1e6caa?s=96&d=mm&r=g","caption":"Le Collectif"}}]}},"_links":{"self":[{"href":"https:\/\/www.lecollectifdesfestivals.org\/collectif\/wp-json\/wp\/v2\/posts\/29575","targetHints":{"allow":["GET"]}}],"collection":[{"href":"https:\/\/www.lecollectifdesfestivals.org\/collectif\/wp-json\/wp\/v2\/posts"}],"about":[{"href":"https:\/\/www.lecollectifdesfestivals.org\/collectif\/wp-json\/wp\/v2\/types\/post"}],"author":[{"embeddable":true,"href":"https:\/\/www.lecollectifdesfestivals.org\/collectif\/wp-json\/wp\/v2\/users\/1"}],"replies":[{"embeddable":true,"href":"https:\/\/www.lecollectifdesfestivals.org\/collectif\/wp-json\/wp\/v2\/comments?post=29575"}],"version-history":[{"count":3,"href":"https:\/\/www.lecollectifdesfestivals.org\/collectif\/wp-json\/wp\/v2\/posts\/29575\/revisions"}],"predecessor-version":[{"id":29581,"href":"https:\/\/www.lecollectifdesfestivals.org\/collectif\/wp-json\/wp\/v2\/posts\/29575\/revisions\/29581"}],"wp:attachment":[{"href":"https:\/\/www.lecollectifdesfestivals.org\/collectif\/wp-json\/wp\/v2\/media?parent=29575"}],"wp:term":[{"taxonomy":"category","embeddable":true,"href":"https:\/\/www.lecollectifdesfestivals.org\/collectif\/wp-json\/wp\/v2\/categories?post=29575"},{"taxonomy":"post_tag","embeddable":true,"href":"https:\/\/www.lecollectifdesfestivals.org\/collectif\/wp-json\/wp\/v2\/tags?post=29575"}],"curies":[{"name":"wp","href":"https:\/\/api.w.org\/{rel}","templated":true}]}}