{"id":29577,"date":"2025-06-11T09:27:10","date_gmt":"2025-06-11T07:27:10","guid":{"rendered":"https:\/\/www.lecollectifdesfestivals.org\/collectif\/?p=29577"},"modified":"2025-06-11T09:28:56","modified_gmt":"2025-06-11T07:28:56","slug":"assistant%c2%b7e-accompagnement-et-production-artistique-aux-trans","status":"publish","type":"post","link":"https:\/\/www.lecollectifdesfestivals.org\/collectif\/2025\/06\/assistant%c2%b7e-accompagnement-et-production-artistique-aux-trans\/","title":{"rendered":"Assistant\u00b7e accompagnement et production artistique aux Trans"},"content":{"rendered":"\n<p><strong>Contexte du stage<\/strong><br>L\u2019Association Trans Musicales (ATM) travaille les conditions de la rencontre artistes \u2013 publics autour des musiques actuelles, reconnues comme un art et une culture \u00e0 part enti\u00e8re. L\u2019ATM s\u2019exprime notamment au travers d\u2019un festival, les Rencontres Trans Musicales de Rennes, et d\u2019une saison artistique et culturelle autour de l\u2019Ubu. Elle d\u00e9veloppe son activit\u00e9 sur diff\u00e9rents axes : programmation, accompagnement artistique, \u00e9ducation artistique et action culturelle, patrimoine, etc.<\/p>\n\n\n\n<p>Dans le cadre du lancement de la saison Ubu 2025-2026 et de la pr\u00e9paration de la 47\u00e8me \u00e9dition des Rencontres Trans Musicales de Rennes, l\u2019ATM recherche un\u00b7e stagiaire pour une dur\u00e9e de 6 mois.<\/p>\n\n\n\n<h3 class=\"wp-block-heading\">Description des missions du stage<\/h3>\n\n\n\n<p>Vous assistez l\u2019\u00e9quipe d\u2019accompagnement et de production artistique dans ses missions g\u00e9n\u00e9rales, sur le festival et la saison :<\/p>\n\n\n\n<ul class=\"wp-block-list\">\n<li>Vous participez \u00e0 la mise en place de l\u2019accompagnement artistique (accompagnement des artistes dans le cadre de diff\u00e9rents dispositifs, dont la Tourn\u00e9e des Trans) :\n<ul class=\"wp-block-list\">\n<li>Participation aux rendez-vous avec les artistes (diagnostic, ateliers, documents de suivi, bilan)<\/li>\n\n\n\n<li>Aide \u00e0 l\u2019organisation des r\u00e9p\u00e9titions et accueil des intervenant\u00b7es<\/li>\n\n\n\n<li>Aide \u00e0 l\u2019organisation de l\u2019accueil de professionnel\u00b7les lors des filages<\/li>\n<\/ul>\n<\/li>\n\n\n\n<li>Vous aidez \u00e0 l\u2019intendance et \u00e0 la logistique g\u00e9n\u00e9rale li\u00e9es aux artistes programm\u00e9\u00b7es et\/ou<br>accompagn\u00e9\u00b7es :\n<ul class=\"wp-block-list\">\n<li>Aide \u00e0 la pr\u00e9paration des contrats,<\/li>\n\n\n\n<li>Remplissage des feuilles de route et fiches artistes,<\/li>\n\n\n\n<li>Remplissage des outils de suivi de production,<\/li>\n\n\n\n<li>Aide ponctuelle sur divers dossiers\u2026<\/li>\n<\/ul>\n<\/li>\n\n\n\n<li>Vous participez \u00e0 la pr\u00e9paration des \u00e9l\u00e9ments n\u00e9cessaires \u00e0 l\u2019accueil des artistes sur le festival (titres d\u2019acc\u00e8s, feuilles de route\u2026),<\/li>\n\n\n\n<li>Vous accueillez les artistes \u00e0 leur arriv\u00e9e sur le festival,<\/li>\n\n\n\n<li>Vous participez \u00e0 la relation aux \u00e9quipes b\u00e9n\u00e9voles de la salle, \u00e0 la coordination de leurs missions et \u00e0<br>la r\u00e9flexion sur l\u2019accueil de ces personnes,<\/li>\n\n\n\n<li>Vous contribuez \u00e0 la mise \u00e0 jour des fichiers,<\/li>\n\n\n\n<li>Vous contribuez \u00e0 la phase de bilan sur l\u2019ann\u00e9e \u00e9coul\u00e9e (partie accompagnement artistique),<\/li>\n\n\n\n<li>Vous assistez de mani\u00e8re g\u00e9n\u00e9rale le service de production artistique dans toutes ses missions.<br><\/li>\n<\/ul>\n\n\n\n<h3 class=\"wp-block-heading\">Int\u00e9r\u00eat du stage<\/h3>\n\n\n\n<p>Dans le cadre de votre formation (niveau bac +2 minimum) en lien avec le secteur de la production<br>\u00e9v\u00e8nementielle, ce stage vous permettra de mettre en application vos connaissances th\u00e9oriques et vos comp\u00e9tences en bureautique appliqu\u00e9es \u00e0 des situations concr\u00e8tes.<br>Votre pr\u00e9sence en amont, pendant et en aval du festival ainsi qu\u2019en phase de lancement de saison vous offrira une vision compl\u00e8te des enjeux de production compl\u00e9mentaires entre une logique annuelle et une logique \u00e9v\u00e8nementielle.<br>Vous aurez l\u2019occasion de mener un travail en \u00e9quipe et de vous inscrire dans le fonctionnement d\u2019une structure culturelle, organis\u00e9e en diff\u00e9rents services.<br>Vous pourrez exercer votre rigueur, votre r\u00e9activit\u00e9\u0301 et votre sens de l\u2019organisation en situation professionnelle, et les mettre au service des diff\u00e9rentes t\u00e2ches, notamment administratives, n\u00e9cessaires \u00e0 la bonne organisation des concerts.<br>Enfin, vous aurez l\u2019occasion de nourrir votre curiosit\u00e9 pour le secteur artistique en g\u00e9n\u00e9ral, et celui des musiques actuelles en particulier.<\/p>\n\n\n\n<p><strong>Pr\u00e9requis :<\/strong> bon niveau d\u2019anglais, sensibilit\u00e9 pour les musiques actuelles et le spectacle vivant en g\u00e9n\u00e9ral, sens de l\u2019organisation, aisance dans la prise de notes et comptes-rendus, m\u00e9thode et rigueur.<\/p>\n\n\n\n<h3 class=\"wp-block-heading\">Conditions<\/h3>\n\n\n\n<p>La mission s\u2019effectue principalement dans les locaux de l\u2019association (10-12 rue Jean Guy, \u00e0 Rennes) et, ponctuellement, sur les lieux de concerts.<br>Dur\u00e9e : 6 mois \u2013 35h hebdomadaires<br>Date de d\u00e9but : lundi 8 septembre 2025<br>Date de fin : vendredi 6 mars 2026<br>R\u00e9mun\u00e9ration : gratification l\u00e9gale + ch\u00e8ques d\u00e9jeuner + remboursement 50% de l\u2019abonnement transport<br>Convention de stage imp\u00e9rative (aucune candidature ne sera retenue sans convention)<br>Candidature : CV et lettre de motivation \u00e0 adresser uniquement par mail \u00e0 l\u2019attention de Ludovic Bousquet-Carton en pr\u00e9cisant l\u2019objet de votre candidature : stage accompagnement et production artistique 2025<br>Contact : recrutement@lestrans.com<br>Date limite de candidature : mercredi 18 juin 2025 et entretien \u00e0 partir du 23 juin 2025<\/p>\n","protected":false},"excerpt":{"rendered":"<p>Contexte du stageL\u2019Association Trans Musicales (ATM) travaille les conditions de la rencontre artistes \u2013 publics autour des musiques actuelles, reconnues comme un art et une culture \u00e0 part enti\u00e8re. L\u2019ATM s\u2019exprime notamment au travers d\u2019un festival, les Rencontres Trans Musicales de Rennes, et d\u2019une saison artistique et culturelle autour de l\u2019Ubu. Elle d\u00e9veloppe son activit\u00e9&hellip;&nbsp;<a href=\"https:\/\/www.lecollectifdesfestivals.org\/collectif\/2025\/06\/assistant%c2%b7e-accompagnement-et-production-artistique-aux-trans\/\" rel=\"bookmark\">Lire la suite &raquo;<span class=\"screen-reader-text\">Assistant\u00b7e accompagnement et production artistique aux Trans<\/span><\/a><\/p>\n","protected":false},"author":1,"featured_media":0,"comment_status":"closed","ping_status":"closed","sticky":false,"template":"","format":"standard","meta":{"neve_meta_sidebar":"","neve_meta_container":"","neve_meta_enable_content_width":"","neve_meta_content_width":0,"neve_meta_title_alignment":"","neve_meta_author_avatar":"","neve_post_elements_order":"","neve_meta_disable_header":"","neve_meta_disable_footer":"","neve_meta_disable_title":"","footnotes":""},"categories":[139],"tags":[437,154],"class_list":["post-29577","post","type-post","status-publish","format-standard","hentry","category-emploi","tag-rennes","tag-stage"],"yoast_head":"<!-- This site is optimized with the Yoast SEO plugin v27.4 - https:\/\/yoast.com\/product\/yoast-seo-wordpress\/ -->\n<title>Assistant\u00b7e accompagnement et production artistique aux Trans &#8226; Le Collectif des festivals<\/title>\n<meta name=\"description\" content=\"Le Collectif des festivals accompagne les organisateurs de festivals de Bretagne dans leurs d\u00e9marches de d\u00e9veloppement durable et solidaire.\" \/>\n<meta name=\"robots\" content=\"index, follow, max-snippet:-1, max-image-preview:large, max-video-preview:-1\" \/>\n<link rel=\"canonical\" href=\"https:\/\/www.lecollectifdesfestivals.org\/collectif\/2025\/06\/assistant\u00b7e-accompagnement-et-production-artistique-aux-trans\/\" \/>\n<meta property=\"og:locale\" content=\"fr_FR\" \/>\n<meta property=\"og:type\" content=\"article\" \/>\n<meta property=\"og:title\" content=\"Assistant\u00b7e accompagnement et production artistique aux Trans &#8226; Le Collectif des festivals\" \/>\n<meta property=\"og:description\" content=\"Le Collectif des festivals accompagne les organisateurs de festivals de Bretagne dans leurs d\u00e9marches de d\u00e9veloppement durable et solidaire.\" \/>\n<meta property=\"og:url\" content=\"https:\/\/www.lecollectifdesfestivals.org\/collectif\/2025\/06\/assistant\u00b7e-accompagnement-et-production-artistique-aux-trans\/\" \/>\n<meta property=\"og:site_name\" content=\"Le Collectif des festivals\" \/>\n<meta property=\"article:publisher\" content=\"https:\/\/www.facebook.com\/LeCollectifDesFestivals\/\" \/>\n<meta property=\"article:published_time\" content=\"2025-06-11T07:27:10+00:00\" \/>\n<meta property=\"article:modified_time\" content=\"2025-06-11T07:28:56+00:00\" \/>\n<meta name=\"author\" content=\"Le Collectif\" \/>\n<meta name=\"twitter:card\" content=\"summary_large_image\" \/>\n<meta name=\"twitter:creator\" content=\"@CollFestivals\" \/>\n<meta name=\"twitter:site\" content=\"@CollFestivals\" \/>\n<meta name=\"twitter:label1\" content=\"\u00c9crit par\" \/>\n\t<meta name=\"twitter:data1\" content=\"Le Collectif\" \/>\n\t<meta name=\"twitter:label2\" content=\"Dur\u00e9e de lecture estim\u00e9e\" \/>\n\t<meta name=\"twitter:data2\" content=\"4 minutes\" \/>\n<script type=\"application\/ld+json\" class=\"yoast-schema-graph\">{\"@context\":\"https:\\\/\\\/schema.org\",\"@graph\":[{\"@type\":\"Article\",\"@id\":\"https:\\\/\\\/www.lecollectifdesfestivals.org\\\/collectif\\\/2025\\\/06\\\/assistant%c2%b7e-accompagnement-et-production-artistique-aux-trans\\\/#article\",\"isPartOf\":{\"@id\":\"https:\\\/\\\/www.lecollectifdesfestivals.org\\\/collectif\\\/2025\\\/06\\\/assistant%c2%b7e-accompagnement-et-production-artistique-aux-trans\\\/\"},\"author\":{\"name\":\"Le Collectif\",\"@id\":\"https:\\\/\\\/www.lecollectifdesfestivals.org\\\/collectif\\\/#\\\/schema\\\/person\\\/86601dd4ec4be86cc3e9fc0f7a6de31c\"},\"headline\":\"Assistant\u00b7e accompagnement et production artistique aux Trans\",\"datePublished\":\"2025-06-11T07:27:10+00:00\",\"dateModified\":\"2025-06-11T07:28:56+00:00\",\"mainEntityOfPage\":{\"@id\":\"https:\\\/\\\/www.lecollectifdesfestivals.org\\\/collectif\\\/2025\\\/06\\\/assistant%c2%b7e-accompagnement-et-production-artistique-aux-trans\\\/\"},\"wordCount\":672,\"keywords\":[\"Rennes\",\"stage\"],\"articleSection\":[\"Emploi\"],\"inLanguage\":\"fr-FR\"},{\"@type\":\"WebPage\",\"@id\":\"https:\\\/\\\/www.lecollectifdesfestivals.org\\\/collectif\\\/2025\\\/06\\\/assistant%c2%b7e-accompagnement-et-production-artistique-aux-trans\\\/\",\"url\":\"https:\\\/\\\/www.lecollectifdesfestivals.org\\\/collectif\\\/2025\\\/06\\\/assistant%c2%b7e-accompagnement-et-production-artistique-aux-trans\\\/\",\"name\":\"Assistant\u00b7e accompagnement et production artistique aux Trans &#8226; Le Collectif des festivals\",\"isPartOf\":{\"@id\":\"https:\\\/\\\/www.lecollectifdesfestivals.org\\\/collectif\\\/#website\"},\"datePublished\":\"2025-06-11T07:27:10+00:00\",\"dateModified\":\"2025-06-11T07:28:56+00:00\",\"author\":{\"@id\":\"https:\\\/\\\/www.lecollectifdesfestivals.org\\\/collectif\\\/#\\\/schema\\\/person\\\/86601dd4ec4be86cc3e9fc0f7a6de31c\"},\"description\":\"Le Collectif des festivals accompagne les organisateurs de festivals de Bretagne dans leurs d\u00e9marches de d\u00e9veloppement durable et solidaire.\",\"breadcrumb\":{\"@id\":\"https:\\\/\\\/www.lecollectifdesfestivals.org\\\/collectif\\\/2025\\\/06\\\/assistant%c2%b7e-accompagnement-et-production-artistique-aux-trans\\\/#breadcrumb\"},\"inLanguage\":\"fr-FR\",\"potentialAction\":[{\"@type\":\"ReadAction\",\"target\":[\"https:\\\/\\\/www.lecollectifdesfestivals.org\\\/collectif\\\/2025\\\/06\\\/assistant%c2%b7e-accompagnement-et-production-artistique-aux-trans\\\/\"]}]},{\"@type\":\"BreadcrumbList\",\"@id\":\"https:\\\/\\\/www.lecollectifdesfestivals.org\\\/collectif\\\/2025\\\/06\\\/assistant%c2%b7e-accompagnement-et-production-artistique-aux-trans\\\/#breadcrumb\",\"itemListElement\":[{\"@type\":\"ListItem\",\"position\":1,\"name\":\"Accueil\",\"item\":\"https:\\\/\\\/www.lecollectifdesfestivals.org\\\/collectif\\\/\"},{\"@type\":\"ListItem\",\"position\":2,\"name\":\"Assistant\u00b7e accompagnement et production artistique aux Trans\"}]},{\"@type\":\"WebSite\",\"@id\":\"https:\\\/\\\/www.lecollectifdesfestivals.org\\\/collectif\\\/#website\",\"url\":\"https:\\\/\\\/www.lecollectifdesfestivals.org\\\/collectif\\\/\",\"name\":\"Le Collectif des festivals\",\"description\":\"Depuis 2005, le Collectif des festivals accompagne les acteurices culturel\u00b7les dans leurs d\u00e9marches de d\u00e9veloppement durable.\",\"potentialAction\":[{\"@type\":\"SearchAction\",\"target\":{\"@type\":\"EntryPoint\",\"urlTemplate\":\"https:\\\/\\\/www.lecollectifdesfestivals.org\\\/collectif\\\/?s={search_term_string}\"},\"query-input\":{\"@type\":\"PropertyValueSpecification\",\"valueRequired\":true,\"valueName\":\"search_term_string\"}}],\"inLanguage\":\"fr-FR\"},{\"@type\":\"Person\",\"@id\":\"https:\\\/\\\/www.lecollectifdesfestivals.org\\\/collectif\\\/#\\\/schema\\\/person\\\/86601dd4ec4be86cc3e9fc0f7a6de31c\",\"name\":\"Le Collectif\",\"image\":{\"@type\":\"ImageObject\",\"inLanguage\":\"fr-FR\",\"@id\":\"https:\\\/\\\/secure.gravatar.com\\\/avatar\\\/89073059d9fc0729af171a2cef817d198574cc88ac24fc455b289cc6ea1e6caa?s=96&d=mm&r=g\",\"url\":\"https:\\\/\\\/secure.gravatar.com\\\/avatar\\\/89073059d9fc0729af171a2cef817d198574cc88ac24fc455b289cc6ea1e6caa?s=96&d=mm&r=g\",\"contentUrl\":\"https:\\\/\\\/secure.gravatar.com\\\/avatar\\\/89073059d9fc0729af171a2cef817d198574cc88ac24fc455b289cc6ea1e6caa?s=96&d=mm&r=g\",\"caption\":\"Le Collectif\"}}]}<\/script>\n<!-- \/ Yoast SEO plugin. -->","yoast_head_json":{"title":"Assistant\u00b7e accompagnement et production artistique aux Trans &#8226; Le Collectif des festivals","description":"Le Collectif des festivals accompagne les organisateurs de festivals de Bretagne dans leurs d\u00e9marches de d\u00e9veloppement durable et solidaire.","robots":{"index":"index","follow":"follow","max-snippet":"max-snippet:-1","max-image-preview":"max-image-preview:large","max-video-preview":"max-video-preview:-1"},"canonical":"https:\/\/www.lecollectifdesfestivals.org\/collectif\/2025\/06\/assistant\u00b7e-accompagnement-et-production-artistique-aux-trans\/","og_locale":"fr_FR","og_type":"article","og_title":"Assistant\u00b7e accompagnement et production artistique aux Trans &#8226; Le Collectif des festivals","og_description":"Le Collectif des festivals accompagne les organisateurs de festivals de Bretagne dans leurs d\u00e9marches de d\u00e9veloppement durable et solidaire.","og_url":"https:\/\/www.lecollectifdesfestivals.org\/collectif\/2025\/06\/assistant\u00b7e-accompagnement-et-production-artistique-aux-trans\/","og_site_name":"Le Collectif des festivals","article_publisher":"https:\/\/www.facebook.com\/LeCollectifDesFestivals\/","article_published_time":"2025-06-11T07:27:10+00:00","article_modified_time":"2025-06-11T07:28:56+00:00","author":"Le Collectif","twitter_card":"summary_large_image","twitter_creator":"@CollFestivals","twitter_site":"@CollFestivals","twitter_misc":{"\u00c9crit par":"Le Collectif","Dur\u00e9e de lecture estim\u00e9e":"4 minutes"},"schema":{"@context":"https:\/\/schema.org","@graph":[{"@type":"Article","@id":"https:\/\/www.lecollectifdesfestivals.org\/collectif\/2025\/06\/assistant%c2%b7e-accompagnement-et-production-artistique-aux-trans\/#article","isPartOf":{"@id":"https:\/\/www.lecollectifdesfestivals.org\/collectif\/2025\/06\/assistant%c2%b7e-accompagnement-et-production-artistique-aux-trans\/"},"author":{"name":"Le Collectif","@id":"https:\/\/www.lecollectifdesfestivals.org\/collectif\/#\/schema\/person\/86601dd4ec4be86cc3e9fc0f7a6de31c"},"headline":"Assistant\u00b7e accompagnement et production artistique aux Trans","datePublished":"2025-06-11T07:27:10+00:00","dateModified":"2025-06-11T07:28:56+00:00","mainEntityOfPage":{"@id":"https:\/\/www.lecollectifdesfestivals.org\/collectif\/2025\/06\/assistant%c2%b7e-accompagnement-et-production-artistique-aux-trans\/"},"wordCount":672,"keywords":["Rennes","stage"],"articleSection":["Emploi"],"inLanguage":"fr-FR"},{"@type":"WebPage","@id":"https:\/\/www.lecollectifdesfestivals.org\/collectif\/2025\/06\/assistant%c2%b7e-accompagnement-et-production-artistique-aux-trans\/","url":"https:\/\/www.lecollectifdesfestivals.org\/collectif\/2025\/06\/assistant%c2%b7e-accompagnement-et-production-artistique-aux-trans\/","name":"Assistant\u00b7e accompagnement et production artistique aux Trans &#8226; Le Collectif des festivals","isPartOf":{"@id":"https:\/\/www.lecollectifdesfestivals.org\/collectif\/#website"},"datePublished":"2025-06-11T07:27:10+00:00","dateModified":"2025-06-11T07:28:56+00:00","author":{"@id":"https:\/\/www.lecollectifdesfestivals.org\/collectif\/#\/schema\/person\/86601dd4ec4be86cc3e9fc0f7a6de31c"},"description":"Le Collectif des festivals accompagne les organisateurs de festivals de Bretagne dans leurs d\u00e9marches de d\u00e9veloppement durable et solidaire.","breadcrumb":{"@id":"https:\/\/www.lecollectifdesfestivals.org\/collectif\/2025\/06\/assistant%c2%b7e-accompagnement-et-production-artistique-aux-trans\/#breadcrumb"},"inLanguage":"fr-FR","potentialAction":[{"@type":"ReadAction","target":["https:\/\/www.lecollectifdesfestivals.org\/collectif\/2025\/06\/assistant%c2%b7e-accompagnement-et-production-artistique-aux-trans\/"]}]},{"@type":"BreadcrumbList","@id":"https:\/\/www.lecollectifdesfestivals.org\/collectif\/2025\/06\/assistant%c2%b7e-accompagnement-et-production-artistique-aux-trans\/#breadcrumb","itemListElement":[{"@type":"ListItem","position":1,"name":"Accueil","item":"https:\/\/www.lecollectifdesfestivals.org\/collectif\/"},{"@type":"ListItem","position":2,"name":"Assistant\u00b7e accompagnement et production artistique aux Trans"}]},{"@type":"WebSite","@id":"https:\/\/www.lecollectifdesfestivals.org\/collectif\/#website","url":"https:\/\/www.lecollectifdesfestivals.org\/collectif\/","name":"Le Collectif des festivals","description":"Depuis 2005, le Collectif des festivals accompagne les acteurices culturel\u00b7les dans leurs d\u00e9marches de d\u00e9veloppement durable.","potentialAction":[{"@type":"SearchAction","target":{"@type":"EntryPoint","urlTemplate":"https:\/\/www.lecollectifdesfestivals.org\/collectif\/?s={search_term_string}"},"query-input":{"@type":"PropertyValueSpecification","valueRequired":true,"valueName":"search_term_string"}}],"inLanguage":"fr-FR"},{"@type":"Person","@id":"https:\/\/www.lecollectifdesfestivals.org\/collectif\/#\/schema\/person\/86601dd4ec4be86cc3e9fc0f7a6de31c","name":"Le Collectif","image":{"@type":"ImageObject","inLanguage":"fr-FR","@id":"https:\/\/secure.gravatar.com\/avatar\/89073059d9fc0729af171a2cef817d198574cc88ac24fc455b289cc6ea1e6caa?s=96&d=mm&r=g","url":"https:\/\/secure.gravatar.com\/avatar\/89073059d9fc0729af171a2cef817d198574cc88ac24fc455b289cc6ea1e6caa?s=96&d=mm&r=g","contentUrl":"https:\/\/secure.gravatar.com\/avatar\/89073059d9fc0729af171a2cef817d198574cc88ac24fc455b289cc6ea1e6caa?s=96&d=mm&r=g","caption":"Le Collectif"}}]}},"_links":{"self":[{"href":"https:\/\/www.lecollectifdesfestivals.org\/collectif\/wp-json\/wp\/v2\/posts\/29577","targetHints":{"allow":["GET"]}}],"collection":[{"href":"https:\/\/www.lecollectifdesfestivals.org\/collectif\/wp-json\/wp\/v2\/posts"}],"about":[{"href":"https:\/\/www.lecollectifdesfestivals.org\/collectif\/wp-json\/wp\/v2\/types\/post"}],"author":[{"embeddable":true,"href":"https:\/\/www.lecollectifdesfestivals.org\/collectif\/wp-json\/wp\/v2\/users\/1"}],"replies":[{"embeddable":true,"href":"https:\/\/www.lecollectifdesfestivals.org\/collectif\/wp-json\/wp\/v2\/comments?post=29577"}],"version-history":[{"count":2,"href":"https:\/\/www.lecollectifdesfestivals.org\/collectif\/wp-json\/wp\/v2\/posts\/29577\/revisions"}],"predecessor-version":[{"id":29580,"href":"https:\/\/www.lecollectifdesfestivals.org\/collectif\/wp-json\/wp\/v2\/posts\/29577\/revisions\/29580"}],"wp:attachment":[{"href":"https:\/\/www.lecollectifdesfestivals.org\/collectif\/wp-json\/wp\/v2\/media?parent=29577"}],"wp:term":[{"taxonomy":"category","embeddable":true,"href":"https:\/\/www.lecollectifdesfestivals.org\/collectif\/wp-json\/wp\/v2\/categories?post=29577"},{"taxonomy":"post_tag","embeddable":true,"href":"https:\/\/www.lecollectifdesfestivals.org\/collectif\/wp-json\/wp\/v2\/tags?post=29577"}],"curies":[{"name":"wp","href":"https:\/\/api.w.org\/{rel}","templated":true}]}}