{"id":30026,"date":"2025-07-22T15:27:48","date_gmt":"2025-07-22T13:27:48","guid":{"rendered":"https:\/\/www.lecollectifdesfestivals.org\/collectif\/?p=30026"},"modified":"2025-07-22T15:28:18","modified_gmt":"2025-07-22T13:28:18","slug":"fiche-pratique-developper-les-mobilites-a-velo-pour-son-festival","status":"publish","type":"post","link":"https:\/\/www.lecollectifdesfestivals.org\/collectif\/2025\/07\/fiche-pratique-developper-les-mobilites-a-velo-pour-son-festival\/","title":{"rendered":"Fiche pratique D\u00e9velopper les mobilit\u00e9s \u00e0 v\u00e9lo pour son festival"},"content":{"rendered":"\n<p><a href=\"https:\/\/www.lecollectifdesfestivals.org\/collectif\/2024\/03\/enquete-nationale-mobilite\/\">L&rsquo;enqu\u00eate Festivals en mouvement <\/a>a montr\u00e9 que le v\u00e9lo est un mode de d\u00e9placement tr\u00e8s peu pris\u00e9 des festivalier\u00b7es. <br>Pourtant il constitue une belle opportunit\u00e9 de r\u00e9duire l&rsquo;impact environnemental des d\u00e9placements des publics. <br>Cette fiche pratique vous donne des tips et plusieurs pistes d&rsquo;action pour favoriser les mobilit\u00e9 \u00e0 v\u00e9lo vers son festival.<\/p>\n\n\n\n<div class=\"wp-block-buttons is-layout-flex wp-block-buttons-is-layout-flex\">\n<div class=\"wp-block-button\"><a class=\"wp-block-button__link wp-element-button\" href=\"https:\/\/www.lecollectifdesfestivals.org\/collectif\/download\/Fiche_FEM_Velo.pdf\">T\u00e9l\u00e9charger la fiche<\/a><\/div>\n<\/div>\n\n\n\n<p><em>Cette fiche pratique a \u00e9t\u00e9 cr\u00e9\u00e9e dans le cadre du projet\u00a0<a href=\"https:\/\/www.lecollectifdesfestivals.org\/collectif\/2023\/03\/fem\/\">Festivals en mouvement.<\/a><\/em><\/p>\n","protected":false},"excerpt":{"rendered":"<p>L&rsquo;enqu\u00eate Festivals en mouvement a montr\u00e9 que le v\u00e9lo est un mode de d\u00e9placement tr\u00e8s peu pris\u00e9 des festivalier\u00b7es. Pourtant il constitue une belle opportunit\u00e9 de r\u00e9duire l&rsquo;impact environnemental des d\u00e9placements des publics. Cette fiche pratique vous donne des tips et plusieurs pistes d&rsquo;action pour favoriser les mobilit\u00e9 \u00e0 v\u00e9lo vers son festival. Cette fiche&hellip;&nbsp;<a href=\"https:\/\/www.lecollectifdesfestivals.org\/collectif\/2025\/07\/fiche-pratique-developper-les-mobilites-a-velo-pour-son-festival\/\" rel=\"bookmark\">Lire la suite &raquo;<span class=\"screen-reader-text\">Fiche pratique D\u00e9velopper les mobilit\u00e9s \u00e0 v\u00e9lo pour son festival<\/span><\/a><\/p>\n","protected":false},"author":1,"featured_media":0,"comment_status":"closed","ping_status":"closed","sticky":false,"template":"","format":"standard","meta":{"neve_meta_sidebar":"","neve_meta_container":"","neve_meta_enable_content_width":"","neve_meta_content_width":0,"neve_meta_title_alignment":"","neve_meta_author_avatar":"","neve_post_elements_order":"","neve_meta_disable_header":"","neve_meta_disable_footer":"","neve_meta_disable_title":"","footnotes":""},"categories":[4,514,444,21],"tags":[],"class_list":["post-30026","post","type-post","status-publish","format-standard","hentry","category-actualites","category-festivals-en-mouvement","category-fiches-pratiques","category-les-transports"],"yoast_head":"<!-- This site is optimized with the Yoast SEO plugin v27.4 - https:\/\/yoast.com\/product\/yoast-seo-wordpress\/ -->\n<title>Fiche pratique D\u00e9velopper les mobilit\u00e9s \u00e0 v\u00e9lo pour son festival &#8226; Le Collectif des festivals<\/title>\n<meta name=\"description\" content=\"Le Collectif des festivals accompagne les organisateurs de festivals de Bretagne dans leurs d\u00e9marches de d\u00e9veloppement durable et solidaire.\" \/>\n<meta name=\"robots\" content=\"index, follow, max-snippet:-1, max-image-preview:large, max-video-preview:-1\" \/>\n<link rel=\"canonical\" href=\"https:\/\/www.lecollectifdesfestivals.org\/collectif\/2025\/07\/fiche-pratique-developper-les-mobilites-a-velo-pour-son-festival\/\" \/>\n<meta property=\"og:locale\" content=\"fr_FR\" \/>\n<meta property=\"og:type\" content=\"article\" \/>\n<meta property=\"og:title\" content=\"Fiche pratique D\u00e9velopper les mobilit\u00e9s \u00e0 v\u00e9lo pour son festival &#8226; Le Collectif des festivals\" \/>\n<meta property=\"og:description\" content=\"Le Collectif des festivals accompagne les organisateurs de festivals de Bretagne dans leurs d\u00e9marches de d\u00e9veloppement durable et solidaire.\" \/>\n<meta property=\"og:url\" content=\"https:\/\/www.lecollectifdesfestivals.org\/collectif\/2025\/07\/fiche-pratique-developper-les-mobilites-a-velo-pour-son-festival\/\" \/>\n<meta property=\"og:site_name\" content=\"Le Collectif des festivals\" \/>\n<meta property=\"article:publisher\" content=\"https:\/\/www.facebook.com\/LeCollectifDesFestivals\/\" \/>\n<meta property=\"article:published_time\" content=\"2025-07-22T13:27:48+00:00\" \/>\n<meta property=\"article:modified_time\" content=\"2025-07-22T13:28:18+00:00\" \/>\n<meta name=\"author\" content=\"Le Collectif\" \/>\n<meta name=\"twitter:card\" content=\"summary_large_image\" \/>\n<meta name=\"twitter:creator\" content=\"@CollFestivals\" \/>\n<meta name=\"twitter:site\" content=\"@CollFestivals\" \/>\n<meta name=\"twitter:label1\" content=\"\u00c9crit par\" \/>\n\t<meta name=\"twitter:data1\" content=\"Le Collectif\" \/>\n\t<meta name=\"twitter:label2\" content=\"Dur\u00e9e de lecture estim\u00e9e\" \/>\n\t<meta name=\"twitter:data2\" content=\"1 minute\" \/>\n<script type=\"application\/ld+json\" class=\"yoast-schema-graph\">{\"@context\":\"https:\\\/\\\/schema.org\",\"@graph\":[{\"@type\":\"Article\",\"@id\":\"https:\\\/\\\/www.lecollectifdesfestivals.org\\\/collectif\\\/2025\\\/07\\\/fiche-pratique-developper-les-mobilites-a-velo-pour-son-festival\\\/#article\",\"isPartOf\":{\"@id\":\"https:\\\/\\\/www.lecollectifdesfestivals.org\\\/collectif\\\/2025\\\/07\\\/fiche-pratique-developper-les-mobilites-a-velo-pour-son-festival\\\/\"},\"author\":{\"name\":\"Le Collectif\",\"@id\":\"https:\\\/\\\/www.lecollectifdesfestivals.org\\\/collectif\\\/#\\\/schema\\\/person\\\/86601dd4ec4be86cc3e9fc0f7a6de31c\"},\"headline\":\"Fiche pratique D\u00e9velopper les mobilit\u00e9s \u00e0 v\u00e9lo pour son festival\",\"datePublished\":\"2025-07-22T13:27:48+00:00\",\"dateModified\":\"2025-07-22T13:28:18+00:00\",\"mainEntityOfPage\":{\"@id\":\"https:\\\/\\\/www.lecollectifdesfestivals.org\\\/collectif\\\/2025\\\/07\\\/fiche-pratique-developper-les-mobilites-a-velo-pour-son-festival\\\/\"},\"wordCount\":95,\"articleSection\":[\"Actualit\u00e9s\",\"Festivals en mouvement\",\"Fiches pratiques\",\"Mobilit\u00e9s \\\/ Transports\"],\"inLanguage\":\"fr-FR\"},{\"@type\":\"WebPage\",\"@id\":\"https:\\\/\\\/www.lecollectifdesfestivals.org\\\/collectif\\\/2025\\\/07\\\/fiche-pratique-developper-les-mobilites-a-velo-pour-son-festival\\\/\",\"url\":\"https:\\\/\\\/www.lecollectifdesfestivals.org\\\/collectif\\\/2025\\\/07\\\/fiche-pratique-developper-les-mobilites-a-velo-pour-son-festival\\\/\",\"name\":\"Fiche pratique D\u00e9velopper les mobilit\u00e9s \u00e0 v\u00e9lo pour son festival &#8226; Le Collectif des festivals\",\"isPartOf\":{\"@id\":\"https:\\\/\\\/www.lecollectifdesfestivals.org\\\/collectif\\\/#website\"},\"datePublished\":\"2025-07-22T13:27:48+00:00\",\"dateModified\":\"2025-07-22T13:28:18+00:00\",\"author\":{\"@id\":\"https:\\\/\\\/www.lecollectifdesfestivals.org\\\/collectif\\\/#\\\/schema\\\/person\\\/86601dd4ec4be86cc3e9fc0f7a6de31c\"},\"description\":\"Le Collectif des festivals accompagne les organisateurs de festivals de Bretagne dans leurs d\u00e9marches de d\u00e9veloppement durable et solidaire.\",\"breadcrumb\":{\"@id\":\"https:\\\/\\\/www.lecollectifdesfestivals.org\\\/collectif\\\/2025\\\/07\\\/fiche-pratique-developper-les-mobilites-a-velo-pour-son-festival\\\/#breadcrumb\"},\"inLanguage\":\"fr-FR\",\"potentialAction\":[{\"@type\":\"ReadAction\",\"target\":[\"https:\\\/\\\/www.lecollectifdesfestivals.org\\\/collectif\\\/2025\\\/07\\\/fiche-pratique-developper-les-mobilites-a-velo-pour-son-festival\\\/\"]}]},{\"@type\":\"BreadcrumbList\",\"@id\":\"https:\\\/\\\/www.lecollectifdesfestivals.org\\\/collectif\\\/2025\\\/07\\\/fiche-pratique-developper-les-mobilites-a-velo-pour-son-festival\\\/#breadcrumb\",\"itemListElement\":[{\"@type\":\"ListItem\",\"position\":1,\"name\":\"Accueil\",\"item\":\"https:\\\/\\\/www.lecollectifdesfestivals.org\\\/collectif\\\/\"},{\"@type\":\"ListItem\",\"position\":2,\"name\":\"Fiche pratique D\u00e9velopper les mobilit\u00e9s \u00e0 v\u00e9lo pour son festival\"}]},{\"@type\":\"WebSite\",\"@id\":\"https:\\\/\\\/www.lecollectifdesfestivals.org\\\/collectif\\\/#website\",\"url\":\"https:\\\/\\\/www.lecollectifdesfestivals.org\\\/collectif\\\/\",\"name\":\"Le Collectif des festivals\",\"description\":\"Depuis 2005, le Collectif des festivals accompagne les acteurices culturel\u00b7les dans leurs d\u00e9marches de d\u00e9veloppement durable.\",\"potentialAction\":[{\"@type\":\"SearchAction\",\"target\":{\"@type\":\"EntryPoint\",\"urlTemplate\":\"https:\\\/\\\/www.lecollectifdesfestivals.org\\\/collectif\\\/?s={search_term_string}\"},\"query-input\":{\"@type\":\"PropertyValueSpecification\",\"valueRequired\":true,\"valueName\":\"search_term_string\"}}],\"inLanguage\":\"fr-FR\"},{\"@type\":\"Person\",\"@id\":\"https:\\\/\\\/www.lecollectifdesfestivals.org\\\/collectif\\\/#\\\/schema\\\/person\\\/86601dd4ec4be86cc3e9fc0f7a6de31c\",\"name\":\"Le Collectif\",\"image\":{\"@type\":\"ImageObject\",\"inLanguage\":\"fr-FR\",\"@id\":\"https:\\\/\\\/secure.gravatar.com\\\/avatar\\\/89073059d9fc0729af171a2cef817d198574cc88ac24fc455b289cc6ea1e6caa?s=96&d=mm&r=g\",\"url\":\"https:\\\/\\\/secure.gravatar.com\\\/avatar\\\/89073059d9fc0729af171a2cef817d198574cc88ac24fc455b289cc6ea1e6caa?s=96&d=mm&r=g\",\"contentUrl\":\"https:\\\/\\\/secure.gravatar.com\\\/avatar\\\/89073059d9fc0729af171a2cef817d198574cc88ac24fc455b289cc6ea1e6caa?s=96&d=mm&r=g\",\"caption\":\"Le Collectif\"}}]}<\/script>\n<!-- \/ Yoast SEO plugin. -->","yoast_head_json":{"title":"Fiche pratique D\u00e9velopper les mobilit\u00e9s \u00e0 v\u00e9lo pour son festival &#8226; Le Collectif des festivals","description":"Le Collectif des festivals accompagne les organisateurs de festivals de Bretagne dans leurs d\u00e9marches de d\u00e9veloppement durable et solidaire.","robots":{"index":"index","follow":"follow","max-snippet":"max-snippet:-1","max-image-preview":"max-image-preview:large","max-video-preview":"max-video-preview:-1"},"canonical":"https:\/\/www.lecollectifdesfestivals.org\/collectif\/2025\/07\/fiche-pratique-developper-les-mobilites-a-velo-pour-son-festival\/","og_locale":"fr_FR","og_type":"article","og_title":"Fiche pratique D\u00e9velopper les mobilit\u00e9s \u00e0 v\u00e9lo pour son festival &#8226; Le Collectif des festivals","og_description":"Le Collectif des festivals accompagne les organisateurs de festivals de Bretagne dans leurs d\u00e9marches de d\u00e9veloppement durable et solidaire.","og_url":"https:\/\/www.lecollectifdesfestivals.org\/collectif\/2025\/07\/fiche-pratique-developper-les-mobilites-a-velo-pour-son-festival\/","og_site_name":"Le Collectif des festivals","article_publisher":"https:\/\/www.facebook.com\/LeCollectifDesFestivals\/","article_published_time":"2025-07-22T13:27:48+00:00","article_modified_time":"2025-07-22T13:28:18+00:00","author":"Le Collectif","twitter_card":"summary_large_image","twitter_creator":"@CollFestivals","twitter_site":"@CollFestivals","twitter_misc":{"\u00c9crit par":"Le Collectif","Dur\u00e9e de lecture estim\u00e9e":"1 minute"},"schema":{"@context":"https:\/\/schema.org","@graph":[{"@type":"Article","@id":"https:\/\/www.lecollectifdesfestivals.org\/collectif\/2025\/07\/fiche-pratique-developper-les-mobilites-a-velo-pour-son-festival\/#article","isPartOf":{"@id":"https:\/\/www.lecollectifdesfestivals.org\/collectif\/2025\/07\/fiche-pratique-developper-les-mobilites-a-velo-pour-son-festival\/"},"author":{"name":"Le Collectif","@id":"https:\/\/www.lecollectifdesfestivals.org\/collectif\/#\/schema\/person\/86601dd4ec4be86cc3e9fc0f7a6de31c"},"headline":"Fiche pratique D\u00e9velopper les mobilit\u00e9s \u00e0 v\u00e9lo pour son festival","datePublished":"2025-07-22T13:27:48+00:00","dateModified":"2025-07-22T13:28:18+00:00","mainEntityOfPage":{"@id":"https:\/\/www.lecollectifdesfestivals.org\/collectif\/2025\/07\/fiche-pratique-developper-les-mobilites-a-velo-pour-son-festival\/"},"wordCount":95,"articleSection":["Actualit\u00e9s","Festivals en mouvement","Fiches pratiques","Mobilit\u00e9s \/ Transports"],"inLanguage":"fr-FR"},{"@type":"WebPage","@id":"https:\/\/www.lecollectifdesfestivals.org\/collectif\/2025\/07\/fiche-pratique-developper-les-mobilites-a-velo-pour-son-festival\/","url":"https:\/\/www.lecollectifdesfestivals.org\/collectif\/2025\/07\/fiche-pratique-developper-les-mobilites-a-velo-pour-son-festival\/","name":"Fiche pratique D\u00e9velopper les mobilit\u00e9s \u00e0 v\u00e9lo pour son festival &#8226; Le Collectif des festivals","isPartOf":{"@id":"https:\/\/www.lecollectifdesfestivals.org\/collectif\/#website"},"datePublished":"2025-07-22T13:27:48+00:00","dateModified":"2025-07-22T13:28:18+00:00","author":{"@id":"https:\/\/www.lecollectifdesfestivals.org\/collectif\/#\/schema\/person\/86601dd4ec4be86cc3e9fc0f7a6de31c"},"description":"Le Collectif des festivals accompagne les organisateurs de festivals de Bretagne dans leurs d\u00e9marches de d\u00e9veloppement durable et solidaire.","breadcrumb":{"@id":"https:\/\/www.lecollectifdesfestivals.org\/collectif\/2025\/07\/fiche-pratique-developper-les-mobilites-a-velo-pour-son-festival\/#breadcrumb"},"inLanguage":"fr-FR","potentialAction":[{"@type":"ReadAction","target":["https:\/\/www.lecollectifdesfestivals.org\/collectif\/2025\/07\/fiche-pratique-developper-les-mobilites-a-velo-pour-son-festival\/"]}]},{"@type":"BreadcrumbList","@id":"https:\/\/www.lecollectifdesfestivals.org\/collectif\/2025\/07\/fiche-pratique-developper-les-mobilites-a-velo-pour-son-festival\/#breadcrumb","itemListElement":[{"@type":"ListItem","position":1,"name":"Accueil","item":"https:\/\/www.lecollectifdesfestivals.org\/collectif\/"},{"@type":"ListItem","position":2,"name":"Fiche pratique D\u00e9velopper les mobilit\u00e9s \u00e0 v\u00e9lo pour son festival"}]},{"@type":"WebSite","@id":"https:\/\/www.lecollectifdesfestivals.org\/collectif\/#website","url":"https:\/\/www.lecollectifdesfestivals.org\/collectif\/","name":"Le Collectif des festivals","description":"Depuis 2005, le Collectif des festivals accompagne les acteurices culturel\u00b7les dans leurs d\u00e9marches de d\u00e9veloppement durable.","potentialAction":[{"@type":"SearchAction","target":{"@type":"EntryPoint","urlTemplate":"https:\/\/www.lecollectifdesfestivals.org\/collectif\/?s={search_term_string}"},"query-input":{"@type":"PropertyValueSpecification","valueRequired":true,"valueName":"search_term_string"}}],"inLanguage":"fr-FR"},{"@type":"Person","@id":"https:\/\/www.lecollectifdesfestivals.org\/collectif\/#\/schema\/person\/86601dd4ec4be86cc3e9fc0f7a6de31c","name":"Le Collectif","image":{"@type":"ImageObject","inLanguage":"fr-FR","@id":"https:\/\/secure.gravatar.com\/avatar\/89073059d9fc0729af171a2cef817d198574cc88ac24fc455b289cc6ea1e6caa?s=96&d=mm&r=g","url":"https:\/\/secure.gravatar.com\/avatar\/89073059d9fc0729af171a2cef817d198574cc88ac24fc455b289cc6ea1e6caa?s=96&d=mm&r=g","contentUrl":"https:\/\/secure.gravatar.com\/avatar\/89073059d9fc0729af171a2cef817d198574cc88ac24fc455b289cc6ea1e6caa?s=96&d=mm&r=g","caption":"Le Collectif"}}]}},"_links":{"self":[{"href":"https:\/\/www.lecollectifdesfestivals.org\/collectif\/wp-json\/wp\/v2\/posts\/30026","targetHints":{"allow":["GET"]}}],"collection":[{"href":"https:\/\/www.lecollectifdesfestivals.org\/collectif\/wp-json\/wp\/v2\/posts"}],"about":[{"href":"https:\/\/www.lecollectifdesfestivals.org\/collectif\/wp-json\/wp\/v2\/types\/post"}],"author":[{"embeddable":true,"href":"https:\/\/www.lecollectifdesfestivals.org\/collectif\/wp-json\/wp\/v2\/users\/1"}],"replies":[{"embeddable":true,"href":"https:\/\/www.lecollectifdesfestivals.org\/collectif\/wp-json\/wp\/v2\/comments?post=30026"}],"version-history":[{"count":1,"href":"https:\/\/www.lecollectifdesfestivals.org\/collectif\/wp-json\/wp\/v2\/posts\/30026\/revisions"}],"predecessor-version":[{"id":30027,"href":"https:\/\/www.lecollectifdesfestivals.org\/collectif\/wp-json\/wp\/v2\/posts\/30026\/revisions\/30027"}],"wp:attachment":[{"href":"https:\/\/www.lecollectifdesfestivals.org\/collectif\/wp-json\/wp\/v2\/media?parent=30026"}],"wp:term":[{"taxonomy":"category","embeddable":true,"href":"https:\/\/www.lecollectifdesfestivals.org\/collectif\/wp-json\/wp\/v2\/categories?post=30026"},{"taxonomy":"post_tag","embeddable":true,"href":"https:\/\/www.lecollectifdesfestivals.org\/collectif\/wp-json\/wp\/v2\/tags?post=30026"}],"curies":[{"name":"wp","href":"https:\/\/api.w.org\/{rel}","templated":true}]}}