{"id":31001,"date":"2026-01-19T09:22:32","date_gmt":"2026-01-19T08:22:32","guid":{"rendered":"https:\/\/www.lecollectifdesfestivals.org\/collectif\/?p=31001"},"modified":"2026-01-19T09:22:54","modified_gmt":"2026-01-19T08:22:54","slug":"le-mooc-prevention-et-reduction-des-risques-est-a-nouveau-en-ligne","status":"publish","type":"post","link":"https:\/\/www.lecollectifdesfestivals.org\/collectif\/2026\/01\/le-mooc-prevention-et-reduction-des-risques-est-a-nouveau-en-ligne\/","title":{"rendered":"Le MOOC Pr\u00e9vention et r\u00e9duction des risques est \u00e0 nouveau en ligne !"},"content":{"rendered":"\n<p>Apr\u00e8s quelques semaines d&rsquo;absence, le MOOC Pr\u00e9vention et r\u00e9duction des risques en milieu festif est \u00e0 nouveau en ligne !<\/p>\n\n\n\n<div class=\"wp-block-buttons is-layout-flex wp-block-buttons-is-layout-flex\">\n<div class=\"wp-block-button\"><a class=\"wp-block-button__link wp-element-button\" href=\"https:\/\/www.lecollectifdesfestivals.org\/collectif\/2018\/10\/mooc-prevention-et-rdr\/\">Commencer le MOOC<\/a><\/div>\n<\/div>\n\n\n\n<p>Le MOOC a chang\u00e9 de plateforme d\u2019h\u00e9bergement, il est donc possible que vous rencontriez quelques bugs que nous corrigerons petit \u00e0 petit.<br>Si vous rencontrez un probl\u00e8me, merci de nous le faire savoir en envoyant un mail \u00e0\u00a0<a href=\"mailto:emilie.cherbonnel@lecollectifdesfestivals.org\">emilie.cherbonnel@lecollectifdesfestivals.org<\/a><\/p>\n","protected":false},"excerpt":{"rendered":"<p>Apr\u00e8s quelques semaines d&rsquo;absence, le MOOC Pr\u00e9vention et r\u00e9duction des risques en milieu festif est \u00e0 nouveau en ligne ! Le MOOC a chang\u00e9 de plateforme d\u2019h\u00e9bergement, il est donc possible que vous rencontriez quelques bugs que nous corrigerons petit \u00e0 petit.Si vous rencontrez un probl\u00e8me, merci de nous le faire savoir en envoyant un&hellip;&nbsp;<a href=\"https:\/\/www.lecollectifdesfestivals.org\/collectif\/2026\/01\/le-mooc-prevention-et-reduction-des-risques-est-a-nouveau-en-ligne\/\" rel=\"bookmark\">Lire la suite &raquo;<span class=\"screen-reader-text\">Le MOOC Pr\u00e9vention et r\u00e9duction des risques est \u00e0 nouveau en ligne !<\/span><\/a><\/p>\n","protected":false},"author":1,"featured_media":0,"comment_status":"closed","ping_status":"closed","sticky":false,"template":"","format":"standard","meta":{"neve_meta_sidebar":"","neve_meta_container":"","neve_meta_enable_content_width":"","neve_meta_content_width":0,"neve_meta_title_alignment":"","neve_meta_author_avatar":"","neve_post_elements_order":"","neve_meta_disable_header":"","neve_meta_disable_footer":"","neve_meta_disable_title":"","footnotes":""},"categories":[4],"tags":[],"class_list":["post-31001","post","type-post","status-publish","format-standard","hentry","category-actualites"],"yoast_head":"<!-- This site is optimized with the Yoast SEO plugin v27.4 - https:\/\/yoast.com\/product\/yoast-seo-wordpress\/ -->\n<title>Le MOOC Pr\u00e9vention et r\u00e9duction des risques est \u00e0 nouveau en ligne ! &#8226; Le Collectif des festivals<\/title>\n<meta name=\"description\" content=\"Le Collectif des festivals accompagne les organisateurs de festivals de Bretagne dans leurs d\u00e9marches de d\u00e9veloppement durable et solidaire.\" \/>\n<meta name=\"robots\" content=\"index, follow, max-snippet:-1, max-image-preview:large, max-video-preview:-1\" \/>\n<link rel=\"canonical\" href=\"https:\/\/www.lecollectifdesfestivals.org\/collectif\/2026\/01\/le-mooc-prevention-et-reduction-des-risques-est-a-nouveau-en-ligne\/\" \/>\n<meta property=\"og:locale\" content=\"fr_FR\" \/>\n<meta property=\"og:type\" content=\"article\" \/>\n<meta property=\"og:title\" content=\"Le MOOC Pr\u00e9vention et r\u00e9duction des risques est \u00e0 nouveau en ligne ! &#8226; Le Collectif des festivals\" \/>\n<meta property=\"og:description\" content=\"Le Collectif des festivals accompagne les organisateurs de festivals de Bretagne dans leurs d\u00e9marches de d\u00e9veloppement durable et solidaire.\" \/>\n<meta property=\"og:url\" content=\"https:\/\/www.lecollectifdesfestivals.org\/collectif\/2026\/01\/le-mooc-prevention-et-reduction-des-risques-est-a-nouveau-en-ligne\/\" \/>\n<meta property=\"og:site_name\" content=\"Le Collectif des festivals\" \/>\n<meta property=\"article:publisher\" content=\"https:\/\/www.facebook.com\/LeCollectifDesFestivals\/\" \/>\n<meta property=\"article:published_time\" content=\"2026-01-19T08:22:32+00:00\" \/>\n<meta property=\"article:modified_time\" content=\"2026-01-19T08:22:54+00:00\" \/>\n<meta name=\"author\" content=\"Le Collectif\" \/>\n<meta name=\"twitter:card\" content=\"summary_large_image\" \/>\n<meta name=\"twitter:creator\" content=\"@CollFestivals\" \/>\n<meta name=\"twitter:site\" content=\"@CollFestivals\" \/>\n<meta name=\"twitter:label1\" content=\"\u00c9crit par\" \/>\n\t<meta name=\"twitter:data1\" content=\"Le Collectif\" \/>\n\t<meta name=\"twitter:label2\" content=\"Dur\u00e9e de lecture estim\u00e9e\" \/>\n\t<meta name=\"twitter:data2\" content=\"1 minute\" \/>\n<script type=\"application\/ld+json\" class=\"yoast-schema-graph\">{\"@context\":\"https:\\\/\\\/schema.org\",\"@graph\":[{\"@type\":\"Article\",\"@id\":\"https:\\\/\\\/www.lecollectifdesfestivals.org\\\/collectif\\\/2026\\\/01\\\/le-mooc-prevention-et-reduction-des-risques-est-a-nouveau-en-ligne\\\/#article\",\"isPartOf\":{\"@id\":\"https:\\\/\\\/www.lecollectifdesfestivals.org\\\/collectif\\\/2026\\\/01\\\/le-mooc-prevention-et-reduction-des-risques-est-a-nouveau-en-ligne\\\/\"},\"author\":{\"name\":\"Le Collectif\",\"@id\":\"https:\\\/\\\/www.lecollectifdesfestivals.org\\\/collectif\\\/#\\\/schema\\\/person\\\/86601dd4ec4be86cc3e9fc0f7a6de31c\"},\"headline\":\"Le MOOC Pr\u00e9vention et r\u00e9duction des risques est \u00e0 nouveau en ligne !\",\"datePublished\":\"2026-01-19T08:22:32+00:00\",\"dateModified\":\"2026-01-19T08:22:54+00:00\",\"mainEntityOfPage\":{\"@id\":\"https:\\\/\\\/www.lecollectifdesfestivals.org\\\/collectif\\\/2026\\\/01\\\/le-mooc-prevention-et-reduction-des-risques-est-a-nouveau-en-ligne\\\/\"},\"wordCount\":81,\"articleSection\":[\"Actualit\u00e9s\"],\"inLanguage\":\"fr-FR\"},{\"@type\":\"WebPage\",\"@id\":\"https:\\\/\\\/www.lecollectifdesfestivals.org\\\/collectif\\\/2026\\\/01\\\/le-mooc-prevention-et-reduction-des-risques-est-a-nouveau-en-ligne\\\/\",\"url\":\"https:\\\/\\\/www.lecollectifdesfestivals.org\\\/collectif\\\/2026\\\/01\\\/le-mooc-prevention-et-reduction-des-risques-est-a-nouveau-en-ligne\\\/\",\"name\":\"Le MOOC Pr\u00e9vention et r\u00e9duction des risques est \u00e0 nouveau en ligne ! &#8226; Le Collectif des festivals\",\"isPartOf\":{\"@id\":\"https:\\\/\\\/www.lecollectifdesfestivals.org\\\/collectif\\\/#website\"},\"datePublished\":\"2026-01-19T08:22:32+00:00\",\"dateModified\":\"2026-01-19T08:22:54+00:00\",\"author\":{\"@id\":\"https:\\\/\\\/www.lecollectifdesfestivals.org\\\/collectif\\\/#\\\/schema\\\/person\\\/86601dd4ec4be86cc3e9fc0f7a6de31c\"},\"description\":\"Le Collectif des festivals accompagne les organisateurs de festivals de Bretagne dans leurs d\u00e9marches de d\u00e9veloppement durable et solidaire.\",\"breadcrumb\":{\"@id\":\"https:\\\/\\\/www.lecollectifdesfestivals.org\\\/collectif\\\/2026\\\/01\\\/le-mooc-prevention-et-reduction-des-risques-est-a-nouveau-en-ligne\\\/#breadcrumb\"},\"inLanguage\":\"fr-FR\",\"potentialAction\":[{\"@type\":\"ReadAction\",\"target\":[\"https:\\\/\\\/www.lecollectifdesfestivals.org\\\/collectif\\\/2026\\\/01\\\/le-mooc-prevention-et-reduction-des-risques-est-a-nouveau-en-ligne\\\/\"]}]},{\"@type\":\"BreadcrumbList\",\"@id\":\"https:\\\/\\\/www.lecollectifdesfestivals.org\\\/collectif\\\/2026\\\/01\\\/le-mooc-prevention-et-reduction-des-risques-est-a-nouveau-en-ligne\\\/#breadcrumb\",\"itemListElement\":[{\"@type\":\"ListItem\",\"position\":1,\"name\":\"Accueil\",\"item\":\"https:\\\/\\\/www.lecollectifdesfestivals.org\\\/collectif\\\/\"},{\"@type\":\"ListItem\",\"position\":2,\"name\":\"Le MOOC Pr\u00e9vention et r\u00e9duction des risques est \u00e0 nouveau en ligne !\"}]},{\"@type\":\"WebSite\",\"@id\":\"https:\\\/\\\/www.lecollectifdesfestivals.org\\\/collectif\\\/#website\",\"url\":\"https:\\\/\\\/www.lecollectifdesfestivals.org\\\/collectif\\\/\",\"name\":\"Le Collectif des festivals\",\"description\":\"Depuis 2005, le Collectif des festivals accompagne les acteurices culturel\u00b7les dans leurs d\u00e9marches de d\u00e9veloppement durable.\",\"potentialAction\":[{\"@type\":\"SearchAction\",\"target\":{\"@type\":\"EntryPoint\",\"urlTemplate\":\"https:\\\/\\\/www.lecollectifdesfestivals.org\\\/collectif\\\/?s={search_term_string}\"},\"query-input\":{\"@type\":\"PropertyValueSpecification\",\"valueRequired\":true,\"valueName\":\"search_term_string\"}}],\"inLanguage\":\"fr-FR\"},{\"@type\":\"Person\",\"@id\":\"https:\\\/\\\/www.lecollectifdesfestivals.org\\\/collectif\\\/#\\\/schema\\\/person\\\/86601dd4ec4be86cc3e9fc0f7a6de31c\",\"name\":\"Le Collectif\",\"image\":{\"@type\":\"ImageObject\",\"inLanguage\":\"fr-FR\",\"@id\":\"https:\\\/\\\/secure.gravatar.com\\\/avatar\\\/89073059d9fc0729af171a2cef817d198574cc88ac24fc455b289cc6ea1e6caa?s=96&d=mm&r=g\",\"url\":\"https:\\\/\\\/secure.gravatar.com\\\/avatar\\\/89073059d9fc0729af171a2cef817d198574cc88ac24fc455b289cc6ea1e6caa?s=96&d=mm&r=g\",\"contentUrl\":\"https:\\\/\\\/secure.gravatar.com\\\/avatar\\\/89073059d9fc0729af171a2cef817d198574cc88ac24fc455b289cc6ea1e6caa?s=96&d=mm&r=g\",\"caption\":\"Le Collectif\"}}]}<\/script>\n<!-- \/ Yoast SEO plugin. -->","yoast_head_json":{"title":"Le MOOC Pr\u00e9vention et r\u00e9duction des risques est \u00e0 nouveau en ligne ! &#8226; Le Collectif des festivals","description":"Le Collectif des festivals accompagne les organisateurs de festivals de Bretagne dans leurs d\u00e9marches de d\u00e9veloppement durable et solidaire.","robots":{"index":"index","follow":"follow","max-snippet":"max-snippet:-1","max-image-preview":"max-image-preview:large","max-video-preview":"max-video-preview:-1"},"canonical":"https:\/\/www.lecollectifdesfestivals.org\/collectif\/2026\/01\/le-mooc-prevention-et-reduction-des-risques-est-a-nouveau-en-ligne\/","og_locale":"fr_FR","og_type":"article","og_title":"Le MOOC Pr\u00e9vention et r\u00e9duction des risques est \u00e0 nouveau en ligne ! &#8226; Le Collectif des festivals","og_description":"Le Collectif des festivals accompagne les organisateurs de festivals de Bretagne dans leurs d\u00e9marches de d\u00e9veloppement durable et solidaire.","og_url":"https:\/\/www.lecollectifdesfestivals.org\/collectif\/2026\/01\/le-mooc-prevention-et-reduction-des-risques-est-a-nouveau-en-ligne\/","og_site_name":"Le Collectif des festivals","article_publisher":"https:\/\/www.facebook.com\/LeCollectifDesFestivals\/","article_published_time":"2026-01-19T08:22:32+00:00","article_modified_time":"2026-01-19T08:22:54+00:00","author":"Le Collectif","twitter_card":"summary_large_image","twitter_creator":"@CollFestivals","twitter_site":"@CollFestivals","twitter_misc":{"\u00c9crit par":"Le Collectif","Dur\u00e9e de lecture estim\u00e9e":"1 minute"},"schema":{"@context":"https:\/\/schema.org","@graph":[{"@type":"Article","@id":"https:\/\/www.lecollectifdesfestivals.org\/collectif\/2026\/01\/le-mooc-prevention-et-reduction-des-risques-est-a-nouveau-en-ligne\/#article","isPartOf":{"@id":"https:\/\/www.lecollectifdesfestivals.org\/collectif\/2026\/01\/le-mooc-prevention-et-reduction-des-risques-est-a-nouveau-en-ligne\/"},"author":{"name":"Le Collectif","@id":"https:\/\/www.lecollectifdesfestivals.org\/collectif\/#\/schema\/person\/86601dd4ec4be86cc3e9fc0f7a6de31c"},"headline":"Le MOOC Pr\u00e9vention et r\u00e9duction des risques est \u00e0 nouveau en ligne !","datePublished":"2026-01-19T08:22:32+00:00","dateModified":"2026-01-19T08:22:54+00:00","mainEntityOfPage":{"@id":"https:\/\/www.lecollectifdesfestivals.org\/collectif\/2026\/01\/le-mooc-prevention-et-reduction-des-risques-est-a-nouveau-en-ligne\/"},"wordCount":81,"articleSection":["Actualit\u00e9s"],"inLanguage":"fr-FR"},{"@type":"WebPage","@id":"https:\/\/www.lecollectifdesfestivals.org\/collectif\/2026\/01\/le-mooc-prevention-et-reduction-des-risques-est-a-nouveau-en-ligne\/","url":"https:\/\/www.lecollectifdesfestivals.org\/collectif\/2026\/01\/le-mooc-prevention-et-reduction-des-risques-est-a-nouveau-en-ligne\/","name":"Le MOOC Pr\u00e9vention et r\u00e9duction des risques est \u00e0 nouveau en ligne ! &#8226; Le Collectif des festivals","isPartOf":{"@id":"https:\/\/www.lecollectifdesfestivals.org\/collectif\/#website"},"datePublished":"2026-01-19T08:22:32+00:00","dateModified":"2026-01-19T08:22:54+00:00","author":{"@id":"https:\/\/www.lecollectifdesfestivals.org\/collectif\/#\/schema\/person\/86601dd4ec4be86cc3e9fc0f7a6de31c"},"description":"Le Collectif des festivals accompagne les organisateurs de festivals de Bretagne dans leurs d\u00e9marches de d\u00e9veloppement durable et solidaire.","breadcrumb":{"@id":"https:\/\/www.lecollectifdesfestivals.org\/collectif\/2026\/01\/le-mooc-prevention-et-reduction-des-risques-est-a-nouveau-en-ligne\/#breadcrumb"},"inLanguage":"fr-FR","potentialAction":[{"@type":"ReadAction","target":["https:\/\/www.lecollectifdesfestivals.org\/collectif\/2026\/01\/le-mooc-prevention-et-reduction-des-risques-est-a-nouveau-en-ligne\/"]}]},{"@type":"BreadcrumbList","@id":"https:\/\/www.lecollectifdesfestivals.org\/collectif\/2026\/01\/le-mooc-prevention-et-reduction-des-risques-est-a-nouveau-en-ligne\/#breadcrumb","itemListElement":[{"@type":"ListItem","position":1,"name":"Accueil","item":"https:\/\/www.lecollectifdesfestivals.org\/collectif\/"},{"@type":"ListItem","position":2,"name":"Le MOOC Pr\u00e9vention et r\u00e9duction des risques est \u00e0 nouveau en ligne !"}]},{"@type":"WebSite","@id":"https:\/\/www.lecollectifdesfestivals.org\/collectif\/#website","url":"https:\/\/www.lecollectifdesfestivals.org\/collectif\/","name":"Le Collectif des festivals","description":"Depuis 2005, le Collectif des festivals accompagne les acteurices culturel\u00b7les dans leurs d\u00e9marches de d\u00e9veloppement durable.","potentialAction":[{"@type":"SearchAction","target":{"@type":"EntryPoint","urlTemplate":"https:\/\/www.lecollectifdesfestivals.org\/collectif\/?s={search_term_string}"},"query-input":{"@type":"PropertyValueSpecification","valueRequired":true,"valueName":"search_term_string"}}],"inLanguage":"fr-FR"},{"@type":"Person","@id":"https:\/\/www.lecollectifdesfestivals.org\/collectif\/#\/schema\/person\/86601dd4ec4be86cc3e9fc0f7a6de31c","name":"Le Collectif","image":{"@type":"ImageObject","inLanguage":"fr-FR","@id":"https:\/\/secure.gravatar.com\/avatar\/89073059d9fc0729af171a2cef817d198574cc88ac24fc455b289cc6ea1e6caa?s=96&d=mm&r=g","url":"https:\/\/secure.gravatar.com\/avatar\/89073059d9fc0729af171a2cef817d198574cc88ac24fc455b289cc6ea1e6caa?s=96&d=mm&r=g","contentUrl":"https:\/\/secure.gravatar.com\/avatar\/89073059d9fc0729af171a2cef817d198574cc88ac24fc455b289cc6ea1e6caa?s=96&d=mm&r=g","caption":"Le Collectif"}}]}},"_links":{"self":[{"href":"https:\/\/www.lecollectifdesfestivals.org\/collectif\/wp-json\/wp\/v2\/posts\/31001","targetHints":{"allow":["GET"]}}],"collection":[{"href":"https:\/\/www.lecollectifdesfestivals.org\/collectif\/wp-json\/wp\/v2\/posts"}],"about":[{"href":"https:\/\/www.lecollectifdesfestivals.org\/collectif\/wp-json\/wp\/v2\/types\/post"}],"author":[{"embeddable":true,"href":"https:\/\/www.lecollectifdesfestivals.org\/collectif\/wp-json\/wp\/v2\/users\/1"}],"replies":[{"embeddable":true,"href":"https:\/\/www.lecollectifdesfestivals.org\/collectif\/wp-json\/wp\/v2\/comments?post=31001"}],"version-history":[{"count":1,"href":"https:\/\/www.lecollectifdesfestivals.org\/collectif\/wp-json\/wp\/v2\/posts\/31001\/revisions"}],"predecessor-version":[{"id":31002,"href":"https:\/\/www.lecollectifdesfestivals.org\/collectif\/wp-json\/wp\/v2\/posts\/31001\/revisions\/31002"}],"wp:attachment":[{"href":"https:\/\/www.lecollectifdesfestivals.org\/collectif\/wp-json\/wp\/v2\/media?parent=31001"}],"wp:term":[{"taxonomy":"category","embeddable":true,"href":"https:\/\/www.lecollectifdesfestivals.org\/collectif\/wp-json\/wp\/v2\/categories?post=31001"},{"taxonomy":"post_tag","embeddable":true,"href":"https:\/\/www.lecollectifdesfestivals.org\/collectif\/wp-json\/wp\/v2\/tags?post=31001"}],"curies":[{"name":"wp","href":"https:\/\/api.w.org\/{rel}","templated":true}]}}