{"id":31270,"date":"2026-03-06T11:28:19","date_gmt":"2026-03-06T10:28:19","guid":{"rendered":"https:\/\/www.lecollectifdesfestivals.org\/collectif\/?p=31270"},"modified":"2026-03-06T11:28:42","modified_gmt":"2026-03-06T10:28:42","slug":"video-lexperimentation-velis-aux-trans","status":"publish","type":"post","link":"https:\/\/www.lecollectifdesfestivals.org\/collectif\/2026\/03\/video-lexperimentation-velis-aux-trans\/","title":{"rendered":"[Vid\u00e9o] L&rsquo;exp\u00e9rimentation v\u00e9lis aux Trans"},"content":{"rendered":"\n<p><strong>Fin 2025, Le Collectif des festivals a lanc\u00e9 le projet \u00ab\u00a0V\u00e9lis aux Trans\u00a0\u00bb\u00a0avec le soutien de l&rsquo;ADEME.<br>Une exp\u00e9rimentation de v\u00e9hicules interm\u00e9diaires pendant le festival pour participer au d\u00e9ploiement de ces v\u00e9hicules entre le v\u00e9lo et la voiturette dans les pratiques quotidiennes des citoyen\u00b7nes et des professionnel\u00b7les.<\/strong><\/p>\n\n\n\n<p>Quatre cas d&rsquo;usage ont \u00e9t\u00e9 test\u00e9s sur le festival, retrouvez-les en vid\u00e9o !<\/p>\n\n\n\n<div class=\"wp-block-buttons is-layout-flex wp-block-buttons-is-layout-flex\">\n<div class=\"wp-block-button\"><a class=\"wp-block-button__link has-neve-link-hover-color-background-color has-background wp-element-button\" href=\"https:\/\/youtu.be\/6uBp-sG1Hdg?si=hJ01sN-CMh9HuRd8\" target=\"_blank\" rel=\"noreferrer noopener\">Les artistes en v\u00e9li<br>(voir la vid\u00e9o)<\/a><\/div>\n\n\n\n<div class=\"wp-block-button\"><a class=\"wp-block-button__link has-neve-link-hover-color-background-color has-background wp-element-button\" href=\"https:\/\/youtu.be\/UhCQQss83nM?si=WIKeSZURUUQE8YCt\" target=\"_blank\" rel=\"noreferrer noopener\">Les circuits de v\u00e9lis<br>(voir la vid\u00e9o)<\/a><\/div>\n\n\n\n<div class=\"wp-block-button\"><a class=\"wp-block-button__link has-neve-link-hover-color-background-color has-background wp-element-button\" href=\"https:\/\/youtu.be\/HIXYfdcz1bA?si=WYdb9wHLCEKUMv16\" target=\"_blank\" rel=\"noreferrer noopener\">Les \u00e9quipes en v\u00e9li<br>(voir la vid\u00e9o)<\/a><\/div>\n\n\n\n<div class=\"wp-block-button\"><a class=\"wp-block-button__link has-neve-link-hover-color-background-color has-background wp-element-button\" href=\"https:\/\/youtu.be\/8eTnFLWQM6Y?si=hltJnz7ye4BfnWNE\" target=\"_blank\" rel=\"noreferrer noopener\">Les publics en v\u00e9li<br>(voir la vid\u00e9o)<\/a><\/div>\n<\/div>\n\n\n\n<div style=\"height:100px\" aria-hidden=\"true\" class=\"wp-block-spacer\"><\/div>\n\n\n\n<p><em>L\u2019exp\u00e9rimentation des v\u00e9lis aux Trans s\u2019inscrit dans le projet\u00a0<a href=\"https:\/\/www.lecollectifdesfestivals.org\/collectif\/2023\/03\/fem\">Festivals en mouvement<\/a>. Elle b\u00e9n\u00e9ficie du soutien de l&rsquo;ADEME.<\/em><\/p>\n","protected":false},"excerpt":{"rendered":"<p>Fin 2025, Le Collectif des festivals a lanc\u00e9 le projet \u00ab\u00a0V\u00e9lis aux Trans\u00a0\u00bb\u00a0avec le soutien de l&rsquo;ADEME.Une exp\u00e9rimentation de v\u00e9hicules interm\u00e9diaires pendant le festival pour participer au d\u00e9ploiement de ces v\u00e9hicules entre le v\u00e9lo et la voiturette dans les pratiques quotidiennes des citoyen\u00b7nes et des professionnel\u00b7les. Quatre cas d&rsquo;usage ont \u00e9t\u00e9 test\u00e9s sur le festival,&hellip;&nbsp;<a href=\"https:\/\/www.lecollectifdesfestivals.org\/collectif\/2026\/03\/video-lexperimentation-velis-aux-trans\/\" rel=\"bookmark\">Lire la suite &raquo;<span class=\"screen-reader-text\">[Vid\u00e9o] L&rsquo;exp\u00e9rimentation v\u00e9lis aux Trans<\/span><\/a><\/p>\n","protected":false},"author":1,"featured_media":0,"comment_status":"closed","ping_status":"closed","sticky":false,"template":"","format":"standard","meta":{"neve_meta_sidebar":"","neve_meta_container":"","neve_meta_enable_content_width":"","neve_meta_content_width":0,"neve_meta_title_alignment":"","neve_meta_author_avatar":"","neve_post_elements_order":"","neve_meta_disable_header":"","neve_meta_disable_footer":"","neve_meta_disable_title":"","footnotes":""},"categories":[133,4,114,514,21],"tags":[],"class_list":["post-31270","post","type-post","status-publish","format-standard","hentry","category-action","category-actualites","category-festivals","category-festivals-en-mouvement","category-les-transports"],"yoast_head":"<!-- This site is optimized with the Yoast SEO plugin v27.4 - https:\/\/yoast.com\/product\/yoast-seo-wordpress\/ -->\n<title>[Vid\u00e9o] L&#039;exp\u00e9rimentation v\u00e9lis aux Trans &#8226; Le Collectif des festivals<\/title>\n<meta name=\"description\" content=\"Le Collectif des festivals accompagne les organisateurs de festivals de Bretagne dans leurs d\u00e9marches de d\u00e9veloppement durable et solidaire.\" \/>\n<meta name=\"robots\" content=\"index, follow, max-snippet:-1, max-image-preview:large, max-video-preview:-1\" \/>\n<link rel=\"canonical\" href=\"https:\/\/www.lecollectifdesfestivals.org\/collectif\/2026\/03\/video-lexperimentation-velis-aux-trans\/\" \/>\n<meta property=\"og:locale\" content=\"fr_FR\" \/>\n<meta property=\"og:type\" content=\"article\" \/>\n<meta property=\"og:title\" content=\"[Vid\u00e9o] L&#039;exp\u00e9rimentation v\u00e9lis aux Trans &#8226; Le Collectif des festivals\" \/>\n<meta property=\"og:description\" content=\"Le Collectif des festivals accompagne les organisateurs de festivals de Bretagne dans leurs d\u00e9marches de d\u00e9veloppement durable et solidaire.\" \/>\n<meta property=\"og:url\" content=\"https:\/\/www.lecollectifdesfestivals.org\/collectif\/2026\/03\/video-lexperimentation-velis-aux-trans\/\" \/>\n<meta property=\"og:site_name\" content=\"Le Collectif des festivals\" \/>\n<meta property=\"article:publisher\" content=\"https:\/\/www.facebook.com\/LeCollectifDesFestivals\/\" \/>\n<meta property=\"article:published_time\" content=\"2026-03-06T10:28:19+00:00\" \/>\n<meta property=\"article:modified_time\" content=\"2026-03-06T10:28:42+00:00\" \/>\n<meta name=\"author\" content=\"Le Collectif\" \/>\n<meta name=\"twitter:card\" content=\"summary_large_image\" \/>\n<meta name=\"twitter:creator\" content=\"@CollFestivals\" \/>\n<meta name=\"twitter:site\" content=\"@CollFestivals\" \/>\n<meta name=\"twitter:label1\" content=\"\u00c9crit par\" \/>\n\t<meta name=\"twitter:data1\" content=\"Le Collectif\" \/>\n\t<meta name=\"twitter:label2\" content=\"Dur\u00e9e de lecture estim\u00e9e\" \/>\n\t<meta name=\"twitter:data2\" content=\"1 minute\" \/>\n<script type=\"application\/ld+json\" class=\"yoast-schema-graph\">{\"@context\":\"https:\\\/\\\/schema.org\",\"@graph\":[{\"@type\":\"Article\",\"@id\":\"https:\\\/\\\/www.lecollectifdesfestivals.org\\\/collectif\\\/2026\\\/03\\\/video-lexperimentation-velis-aux-trans\\\/#article\",\"isPartOf\":{\"@id\":\"https:\\\/\\\/www.lecollectifdesfestivals.org\\\/collectif\\\/2026\\\/03\\\/video-lexperimentation-velis-aux-trans\\\/\"},\"author\":{\"name\":\"Le Collectif\",\"@id\":\"https:\\\/\\\/www.lecollectifdesfestivals.org\\\/collectif\\\/#\\\/schema\\\/person\\\/86601dd4ec4be86cc3e9fc0f7a6de31c\"},\"headline\":\"[Vid\u00e9o] L&rsquo;exp\u00e9rimentation v\u00e9lis aux Trans\",\"datePublished\":\"2026-03-06T10:28:19+00:00\",\"dateModified\":\"2026-03-06T10:28:42+00:00\",\"mainEntityOfPage\":{\"@id\":\"https:\\\/\\\/www.lecollectifdesfestivals.org\\\/collectif\\\/2026\\\/03\\\/video-lexperimentation-velis-aux-trans\\\/\"},\"wordCount\":142,\"articleSection\":[\"Action !\",\"Actualit\u00e9s\",\"Festivals\",\"Festivals en mouvement\",\"Mobilit\u00e9s \\\/ Transports\"],\"inLanguage\":\"fr-FR\"},{\"@type\":\"WebPage\",\"@id\":\"https:\\\/\\\/www.lecollectifdesfestivals.org\\\/collectif\\\/2026\\\/03\\\/video-lexperimentation-velis-aux-trans\\\/\",\"url\":\"https:\\\/\\\/www.lecollectifdesfestivals.org\\\/collectif\\\/2026\\\/03\\\/video-lexperimentation-velis-aux-trans\\\/\",\"name\":\"[Vid\u00e9o] L'exp\u00e9rimentation v\u00e9lis aux Trans &#8226; Le Collectif des festivals\",\"isPartOf\":{\"@id\":\"https:\\\/\\\/www.lecollectifdesfestivals.org\\\/collectif\\\/#website\"},\"datePublished\":\"2026-03-06T10:28:19+00:00\",\"dateModified\":\"2026-03-06T10:28:42+00:00\",\"author\":{\"@id\":\"https:\\\/\\\/www.lecollectifdesfestivals.org\\\/collectif\\\/#\\\/schema\\\/person\\\/86601dd4ec4be86cc3e9fc0f7a6de31c\"},\"description\":\"Le Collectif des festivals accompagne les organisateurs de festivals de Bretagne dans leurs d\u00e9marches de d\u00e9veloppement durable et solidaire.\",\"breadcrumb\":{\"@id\":\"https:\\\/\\\/www.lecollectifdesfestivals.org\\\/collectif\\\/2026\\\/03\\\/video-lexperimentation-velis-aux-trans\\\/#breadcrumb\"},\"inLanguage\":\"fr-FR\",\"potentialAction\":[{\"@type\":\"ReadAction\",\"target\":[\"https:\\\/\\\/www.lecollectifdesfestivals.org\\\/collectif\\\/2026\\\/03\\\/video-lexperimentation-velis-aux-trans\\\/\"]}]},{\"@type\":\"BreadcrumbList\",\"@id\":\"https:\\\/\\\/www.lecollectifdesfestivals.org\\\/collectif\\\/2026\\\/03\\\/video-lexperimentation-velis-aux-trans\\\/#breadcrumb\",\"itemListElement\":[{\"@type\":\"ListItem\",\"position\":1,\"name\":\"Accueil\",\"item\":\"https:\\\/\\\/www.lecollectifdesfestivals.org\\\/collectif\\\/\"},{\"@type\":\"ListItem\",\"position\":2,\"name\":\"[Vid\u00e9o] L&rsquo;exp\u00e9rimentation v\u00e9lis aux Trans\"}]},{\"@type\":\"WebSite\",\"@id\":\"https:\\\/\\\/www.lecollectifdesfestivals.org\\\/collectif\\\/#website\",\"url\":\"https:\\\/\\\/www.lecollectifdesfestivals.org\\\/collectif\\\/\",\"name\":\"Le Collectif des festivals\",\"description\":\"Depuis 2005, le Collectif des festivals accompagne les acteurices culturel\u00b7les dans leurs d\u00e9marches de d\u00e9veloppement durable.\",\"potentialAction\":[{\"@type\":\"SearchAction\",\"target\":{\"@type\":\"EntryPoint\",\"urlTemplate\":\"https:\\\/\\\/www.lecollectifdesfestivals.org\\\/collectif\\\/?s={search_term_string}\"},\"query-input\":{\"@type\":\"PropertyValueSpecification\",\"valueRequired\":true,\"valueName\":\"search_term_string\"}}],\"inLanguage\":\"fr-FR\"},{\"@type\":\"Person\",\"@id\":\"https:\\\/\\\/www.lecollectifdesfestivals.org\\\/collectif\\\/#\\\/schema\\\/person\\\/86601dd4ec4be86cc3e9fc0f7a6de31c\",\"name\":\"Le Collectif\",\"image\":{\"@type\":\"ImageObject\",\"inLanguage\":\"fr-FR\",\"@id\":\"https:\\\/\\\/secure.gravatar.com\\\/avatar\\\/89073059d9fc0729af171a2cef817d198574cc88ac24fc455b289cc6ea1e6caa?s=96&d=mm&r=g\",\"url\":\"https:\\\/\\\/secure.gravatar.com\\\/avatar\\\/89073059d9fc0729af171a2cef817d198574cc88ac24fc455b289cc6ea1e6caa?s=96&d=mm&r=g\",\"contentUrl\":\"https:\\\/\\\/secure.gravatar.com\\\/avatar\\\/89073059d9fc0729af171a2cef817d198574cc88ac24fc455b289cc6ea1e6caa?s=96&d=mm&r=g\",\"caption\":\"Le Collectif\"}}]}<\/script>\n<!-- \/ Yoast SEO plugin. -->","yoast_head_json":{"title":"[Vid\u00e9o] L'exp\u00e9rimentation v\u00e9lis aux Trans &#8226; Le Collectif des festivals","description":"Le Collectif des festivals accompagne les organisateurs de festivals de Bretagne dans leurs d\u00e9marches de d\u00e9veloppement durable et solidaire.","robots":{"index":"index","follow":"follow","max-snippet":"max-snippet:-1","max-image-preview":"max-image-preview:large","max-video-preview":"max-video-preview:-1"},"canonical":"https:\/\/www.lecollectifdesfestivals.org\/collectif\/2026\/03\/video-lexperimentation-velis-aux-trans\/","og_locale":"fr_FR","og_type":"article","og_title":"[Vid\u00e9o] L'exp\u00e9rimentation v\u00e9lis aux Trans &#8226; Le Collectif des festivals","og_description":"Le Collectif des festivals accompagne les organisateurs de festivals de Bretagne dans leurs d\u00e9marches de d\u00e9veloppement durable et solidaire.","og_url":"https:\/\/www.lecollectifdesfestivals.org\/collectif\/2026\/03\/video-lexperimentation-velis-aux-trans\/","og_site_name":"Le Collectif des festivals","article_publisher":"https:\/\/www.facebook.com\/LeCollectifDesFestivals\/","article_published_time":"2026-03-06T10:28:19+00:00","article_modified_time":"2026-03-06T10:28:42+00:00","author":"Le Collectif","twitter_card":"summary_large_image","twitter_creator":"@CollFestivals","twitter_site":"@CollFestivals","twitter_misc":{"\u00c9crit par":"Le Collectif","Dur\u00e9e de lecture estim\u00e9e":"1 minute"},"schema":{"@context":"https:\/\/schema.org","@graph":[{"@type":"Article","@id":"https:\/\/www.lecollectifdesfestivals.org\/collectif\/2026\/03\/video-lexperimentation-velis-aux-trans\/#article","isPartOf":{"@id":"https:\/\/www.lecollectifdesfestivals.org\/collectif\/2026\/03\/video-lexperimentation-velis-aux-trans\/"},"author":{"name":"Le Collectif","@id":"https:\/\/www.lecollectifdesfestivals.org\/collectif\/#\/schema\/person\/86601dd4ec4be86cc3e9fc0f7a6de31c"},"headline":"[Vid\u00e9o] L&rsquo;exp\u00e9rimentation v\u00e9lis aux Trans","datePublished":"2026-03-06T10:28:19+00:00","dateModified":"2026-03-06T10:28:42+00:00","mainEntityOfPage":{"@id":"https:\/\/www.lecollectifdesfestivals.org\/collectif\/2026\/03\/video-lexperimentation-velis-aux-trans\/"},"wordCount":142,"articleSection":["Action !","Actualit\u00e9s","Festivals","Festivals en mouvement","Mobilit\u00e9s \/ Transports"],"inLanguage":"fr-FR"},{"@type":"WebPage","@id":"https:\/\/www.lecollectifdesfestivals.org\/collectif\/2026\/03\/video-lexperimentation-velis-aux-trans\/","url":"https:\/\/www.lecollectifdesfestivals.org\/collectif\/2026\/03\/video-lexperimentation-velis-aux-trans\/","name":"[Vid\u00e9o] L'exp\u00e9rimentation v\u00e9lis aux Trans &#8226; Le Collectif des festivals","isPartOf":{"@id":"https:\/\/www.lecollectifdesfestivals.org\/collectif\/#website"},"datePublished":"2026-03-06T10:28:19+00:00","dateModified":"2026-03-06T10:28:42+00:00","author":{"@id":"https:\/\/www.lecollectifdesfestivals.org\/collectif\/#\/schema\/person\/86601dd4ec4be86cc3e9fc0f7a6de31c"},"description":"Le Collectif des festivals accompagne les organisateurs de festivals de Bretagne dans leurs d\u00e9marches de d\u00e9veloppement durable et solidaire.","breadcrumb":{"@id":"https:\/\/www.lecollectifdesfestivals.org\/collectif\/2026\/03\/video-lexperimentation-velis-aux-trans\/#breadcrumb"},"inLanguage":"fr-FR","potentialAction":[{"@type":"ReadAction","target":["https:\/\/www.lecollectifdesfestivals.org\/collectif\/2026\/03\/video-lexperimentation-velis-aux-trans\/"]}]},{"@type":"BreadcrumbList","@id":"https:\/\/www.lecollectifdesfestivals.org\/collectif\/2026\/03\/video-lexperimentation-velis-aux-trans\/#breadcrumb","itemListElement":[{"@type":"ListItem","position":1,"name":"Accueil","item":"https:\/\/www.lecollectifdesfestivals.org\/collectif\/"},{"@type":"ListItem","position":2,"name":"[Vid\u00e9o] L&rsquo;exp\u00e9rimentation v\u00e9lis aux Trans"}]},{"@type":"WebSite","@id":"https:\/\/www.lecollectifdesfestivals.org\/collectif\/#website","url":"https:\/\/www.lecollectifdesfestivals.org\/collectif\/","name":"Le Collectif des festivals","description":"Depuis 2005, le Collectif des festivals accompagne les acteurices culturel\u00b7les dans leurs d\u00e9marches de d\u00e9veloppement durable.","potentialAction":[{"@type":"SearchAction","target":{"@type":"EntryPoint","urlTemplate":"https:\/\/www.lecollectifdesfestivals.org\/collectif\/?s={search_term_string}"},"query-input":{"@type":"PropertyValueSpecification","valueRequired":true,"valueName":"search_term_string"}}],"inLanguage":"fr-FR"},{"@type":"Person","@id":"https:\/\/www.lecollectifdesfestivals.org\/collectif\/#\/schema\/person\/86601dd4ec4be86cc3e9fc0f7a6de31c","name":"Le Collectif","image":{"@type":"ImageObject","inLanguage":"fr-FR","@id":"https:\/\/secure.gravatar.com\/avatar\/89073059d9fc0729af171a2cef817d198574cc88ac24fc455b289cc6ea1e6caa?s=96&d=mm&r=g","url":"https:\/\/secure.gravatar.com\/avatar\/89073059d9fc0729af171a2cef817d198574cc88ac24fc455b289cc6ea1e6caa?s=96&d=mm&r=g","contentUrl":"https:\/\/secure.gravatar.com\/avatar\/89073059d9fc0729af171a2cef817d198574cc88ac24fc455b289cc6ea1e6caa?s=96&d=mm&r=g","caption":"Le Collectif"}}]}},"_links":{"self":[{"href":"https:\/\/www.lecollectifdesfestivals.org\/collectif\/wp-json\/wp\/v2\/posts\/31270","targetHints":{"allow":["GET"]}}],"collection":[{"href":"https:\/\/www.lecollectifdesfestivals.org\/collectif\/wp-json\/wp\/v2\/posts"}],"about":[{"href":"https:\/\/www.lecollectifdesfestivals.org\/collectif\/wp-json\/wp\/v2\/types\/post"}],"author":[{"embeddable":true,"href":"https:\/\/www.lecollectifdesfestivals.org\/collectif\/wp-json\/wp\/v2\/users\/1"}],"replies":[{"embeddable":true,"href":"https:\/\/www.lecollectifdesfestivals.org\/collectif\/wp-json\/wp\/v2\/comments?post=31270"}],"version-history":[{"count":1,"href":"https:\/\/www.lecollectifdesfestivals.org\/collectif\/wp-json\/wp\/v2\/posts\/31270\/revisions"}],"predecessor-version":[{"id":31284,"href":"https:\/\/www.lecollectifdesfestivals.org\/collectif\/wp-json\/wp\/v2\/posts\/31270\/revisions\/31284"}],"wp:attachment":[{"href":"https:\/\/www.lecollectifdesfestivals.org\/collectif\/wp-json\/wp\/v2\/media?parent=31270"}],"wp:term":[{"taxonomy":"category","embeddable":true,"href":"https:\/\/www.lecollectifdesfestivals.org\/collectif\/wp-json\/wp\/v2\/categories?post=31270"},{"taxonomy":"post_tag","embeddable":true,"href":"https:\/\/www.lecollectifdesfestivals.org\/collectif\/wp-json\/wp\/v2\/tags?post=31270"}],"curies":[{"name":"wp","href":"https:\/\/api.w.org\/{rel}","templated":true}]}}