{"id":31318,"date":"2026-03-13T11:33:09","date_gmt":"2026-03-13T10:33:09","guid":{"rendered":"https:\/\/www.lecollectifdesfestivals.org\/collectif\/?p=31318"},"modified":"2026-03-13T12:46:21","modified_gmt":"2026-03-13T11:46:21","slug":"lutilisation-de-velis-aux-trans-musicales","status":"publish","type":"post","link":"https:\/\/www.lecollectifdesfestivals.org\/collectif\/2026\/03\/lutilisation-de-velis-aux-trans-musicales\/","title":{"rendered":"L&rsquo;utilisation de v\u00e9lis aux Trans Musicales"},"content":{"rendered":"\n<p><strong>Retour sur l\u2019exp\u00e9rimentation men\u00e9e par le Collectif des festivals sur les Trans Musicales 2025<\/strong><\/p>\n\n\n\n<p>Le Collectif des festivals et les Trans ont men\u00e9 une exp\u00e9rimentation autour des <strong>v\u00e9lis<\/strong> pendant le festival 2025. Les v\u00e9lis sont des v\u00e9hicules interm\u00e9diaires entre le v\u00e9lo et la voiture. L\u2019objectif \u00e9tait de tester et mettre en avant ces v\u00e9hicules pour diff\u00e9rents usages : transport des artistes, logistique inter et intra sites et d\u00e9monstration aupr\u00e8s des publics.<br>Cette exp\u00e9rimentation, soutenue par l\u2019ADEME et men\u00e9e en partenariat avec plusieurs constructeurs, a permis de tester 18 de ces v\u00e9hicules dans des conditions r\u00e9elles de festival. Elle a mobilis\u00e9 les \u00e9quipes des Trans Musicales, plusieurs entreprises de v\u00e9lis et diff\u00e9rents publics du festival.<br>Cet article propose une <strong>retour sur les exp\u00e9rimentations men\u00e9es, des r\u00e9sultats observ\u00e9s et des principaux enseignements pour les organisateurices de festivals<\/strong>.<\/p>\n\n\n\n<h2 class=\"wp-block-heading has-neve-link-color-color has-text-color has-link-color wp-elements-83c4b265fb539357caa3580db91f3210\">Constats<\/h2>\n\n\n\n<p>Les d\u00e9placements et le transport de mat\u00e9riel repr\u00e9sentent une part importante de l\u2019empreinte environnementale des festivals. Les \u00e9quipes techniques, la logistique interne, le transport des artistes ou encore les d\u00e9placements des publics g\u00e9n\u00e8rent de nombreux trajets, souvent r\u00e9alis\u00e9s en v\u00e9hicules thermiques.<\/p>\n\n\n\n<p>Face \u00e0 ce constat, sur les festivals, les v\u00e9lis repr\u00e9sentent ainsi une alternative cr\u00e9dible pour certains d\u00e9placements aujourd\u2019hui r\u00e9alis\u00e9s en voiture, minibus ou fourgon.<\/p>\n\n\n\n<h2 class=\"wp-block-heading has-nv-site-bg-color has-neve-link-color-background-color has-text-color has-background has-link-color wp-elements-69666dbbe6e2f9691cfc75925396a0c3\">Une exp\u00e9rimentation \u00e0 grande \u00e9chelle aux Trans Musicales<\/h2>\n\n\n\n<p>Le projet men\u00e9 aux Trans Musicales reposait sur plusieurs objectifs :<br><em>\u2022<\/em> <strong>tester diff\u00e9rents mod\u00e8les de v\u00e9lis en conditions r\u00e9elles,<\/strong><br><em>\u2022<\/em> <strong>identifier les usages pertinents dans un festival,<\/strong><br><em>\u2022<\/em> <strong>faire d\u00e9couvrir ces v\u00e9hicules \u00e0 diff\u00e9rents publics (\u00e9quipes, artistes, publics),<\/strong><br><em>\u2022<\/em> <strong>documenter les freins et les leviers \u00e0 leur adoption.<\/strong><\/p>\n\n\n\n<p>L\u2019exp\u00e9rimentation a mobilis\u00e9 7 constructeurs et 2 autres structures, qui ont mis \u00e0 disposition du festival un total de 18 v\u00e9hicules et remorques.<\/p>\n\n\n\n<p>Le projet s\u2019est organis\u00e9 autour de <strong>trois grandes cibles<\/strong> :<br><em>\u2022<\/em> les \u00e9quipes du festival,<br><em>\u2022<\/em> les artistes,<br><em>\u2022<\/em> les publics et professionnel\u00b7les pr\u00e9sent\u00b7es sur le festival.<\/p>\n\n\n\n<p>Et autour de <strong>plusieurs formats d\u2019exp\u00e9rimentation<\/strong> : transport d\u2019artistes, publics cibles et m\u00e9dia, logistique inter et intra site en v\u00e9li par les \u00e9quipes, organisation de deux circuits de test et d\u00e9monstration ouverts au public, conf\u00e9rence \u00e0 la destination des professionnel\u00b7les de la culture.<\/p>\n\n\n\n<p>\u00c0 la suite des exp\u00e9rimentations, le Collectif des festivals, avec le soutien de l\u2019ADEME, a pu acqu\u00e9rir un v\u00e9li, d\u00e9sormais mis en mutualisation avec les festivals du territoire.&nbsp;<\/p>\n\n\n\n<h2 class=\"wp-block-heading has-neve-link-color-color has-text-color has-link-color wp-elements-958fe8b2e2cf566c662f366de0c6fa35\">Exp\u00e9rimentation 1 : les v\u00e9lis pour les \u00e9quipes<\/h2>\n\n\n\n<p>Sept v\u00e9hicules et remorques ont \u00e9t\u00e9 mis \u00e0 disposition des \u00e9quipes des Trans Musicales pour leurs d\u00e9placements et certaines missions logistiques.<\/p>\n\n\n\n<p>Ces tests ont permis de v\u00e9rifier que les v\u00e9lis peuvent \u00eatre <strong>adapt\u00e9s \u00e0 certains besoins op\u00e9rationnels<\/strong>, notamment :<br><em>\u2022<\/em> installer de la signal\u00e9tique sur le site,<br><em>\u2022<\/em> r\u00e9approvisionner les r\u00e9gies (fruits, caf\u00e9, biscuits\u2026),<br><em>\u2022<\/em> transporter du petit mat\u00e9riel,<br><em>\u2022<\/em> effectuer des courses de derni\u00e8re minute \u00e0 proximit\u00e9,<br><em>\u2022<\/em> se d\u00e9placer sur le site ou entre les sites.<\/p>\n\n\n\n<p>Les retours des \u00e9quipes ont globalement \u00e9t\u00e9 positifs : plus d\u2019autonomie et de libert\u00e9 gr\u00e2ce \u00e0 ces v\u00e9hicules facilement accessibles.&nbsp;<br>L\u2019exp\u00e9rimentation a montr\u00e9 que les v\u00e9lis peuvent constituer <strong>un outil pertinent pour la logistique interne<\/strong>, \u00e0 condition d\u2019\u00eatre int\u00e9gr\u00e9s dans l\u2019organisation du festival.<\/p>\n\n\n\n<h2 class=\"wp-block-heading has-neve-link-color-color has-text-color has-link-color wp-elements-8c358d3718957896cb2933d9ec24773d\">Exp\u00e9rimentation 2 : le transport d\u2019artistes<\/h2>\n\n\n\n<p>Le projet visait \u00e9galement \u00e0 tester l\u2019utilisation de v\u00e9lis pour <strong>le transport d\u2019artistes entre diff\u00e9rents lieux du festival<\/strong>.<\/p>\n\n\n\n<p>Si l\u2019id\u00e9e a suscit\u00e9 de l\u2019int\u00e9r\u00eat, les r\u00e9sultats sont un plus mitig\u00e9s. Le recours \u00e0 un v\u00e9li implique en effet un <strong>changement de pratique important<\/strong>, notamment pour les artistes et leurs \u00e9quipes, habitu\u00e9s \u00e0 des modes de transport plus conventionnels.<\/p>\n\n\n\n<p>Plusieurs facteurs ont frein\u00e9 l\u2019usage :<br><em>\u2022<\/em> le caract\u00e8re inhabituel du v\u00e9hicule,<br><em>\u2022<\/em> la crainte d\u2019un manque de confort ou de fiabilit\u00e9,<br><em>\u2022<\/em> le stress li\u00e9 aux d\u00e9placements avant ou apr\u00e8s un concert.<\/p>\n\n\n\n<p>En effet, la proposition de trajet en v\u00e9li a \u00e9t\u00e9 vue comme un d\u00e9classement ou une source de stress suppl\u00e9mentaire, par certains artistes.&nbsp;<\/p>\n\n\n\n<p>Cette exp\u00e9rimentation met en \u00e9vidence un point cl\u00e9 : <strong>l\u2019adoption de nouveaux modes de transport n\u00e9cessite un travail d\u2019accompagnement et de mise en confiance<\/strong>.<\/p>\n\n\n\n<p>Aussi, les \u00e9quipes en lien avec les artistes (programmation, production) doivent \u00eatre sensibilis\u00e9es aux v\u00e9lis et le v\u00e9li doit devenir un v\u00e9hicule \u00e0 part enti\u00e8re int\u00e9gr\u00e9 dans les plannings de runs artistiques.&nbsp;&nbsp;<\/p>\n\n\n\n<h2 class=\"wp-block-heading has-neve-link-color-color has-text-color has-link-color wp-elements-d46c809e1c2df540d48cde4c21a65a02\">Exp\u00e9rimentation 3 : faire d\u00e9couvrir les v\u00e9lis aux publics<\/h2>\n\n\n\n<p>Les v\u00e9lis ont \u00e9galement \u00e9t\u00e9 pr\u00e9sent\u00e9s au public \u00e0 travers des circuits de test mais aussi des trajets \u00e0 v\u00e9li pour certains publics cibl\u00e9s.<\/p>\n\n\n\n<p>Les <strong>circuits de test<\/strong> ont \u00e9t\u00e9 organis\u00e9s pour permettre aux festivalier\u00b7es de prendre en main les v\u00e9hicules : cel\u00e0 permet de sensibiliser par l\u2019action. L\u2019un des circuits, install\u00e9 dans le Hall 5, a rencontr\u00e9 un succ\u00e8s particulier gr\u00e2ce \u00e0 son parcours immersif et ludique, souvent compar\u00e9 \u00e0 une ambiance \u00ab Mario Kart \u00bb.<\/p>\n\n\n\n<p>Ces circuits ont permis de :<br><em>\u2022<\/em> rendre les v\u00e9lis concrets et accessibles,<br><em>\u2022<\/em> susciter la curiosit\u00e9 et l\u2019enthousiasme,<br><em>\u2022<\/em> ouvrir la discussion sur les mobilit\u00e9s alternatives.<\/p>\n\n\n\n<p>Les retours des participant\u00b7es ont \u00e9t\u00e9 tr\u00e8s positifs et ont montr\u00e9 l\u2019int\u00e9r\u00eat de ces formats de sensibilisation<\/p>\n\n\n\n<p>En compl\u00e9ment, <strong>des trajets en v\u00e9li ont \u00e9t\u00e9 propos\u00e9s \u00e0 certains publics<\/strong>. Un jeu concours a permis \u00e0 des festivalier\u00b7es de gagner un d\u00e9placement \u00e0 v\u00e9li vers le festival, offrant une exp\u00e9rience originale et privil\u00e9gi\u00e9e. Des trajets ont \u00e9galement \u00e9t\u00e9 propos\u00e9s \u00e0 des m\u00e9dias et \u00e0 des professionnel\u00b7les se d\u00e9pla\u00e7ant entre diff\u00e9rents sites du festival, leur permettant de d\u00e9couvrir concr\u00e8tement ces v\u00e9hicules dans un usage r\u00e9el. Enfin, certaines invitations ont cibl\u00e9 des publics dits \u00ab \u00e9loign\u00e9s de la culture \u00bb, pour qui ce trajet repr\u00e9sente \u00e0 la fois une solution de mobilit\u00e9 et une exp\u00e9rience particuli\u00e8re d\u2019acc\u00e8s au festival.<\/p>\n\n\n\n<p>Ces trajets ont contribu\u00e9 \u00e0 <strong>valoriser le v\u00e9li comme une exp\u00e9rience positive et innovante<\/strong>, tout en permettant \u00e0 diff\u00e9rents publics de tester ces v\u00e9hicules dans un contexte concret.<\/p>\n\n\n\n<h2 class=\"wp-block-heading has-neve-link-color-color has-text-color has-link-color wp-elements-fd15a993c79c3390687d5c26b66dd1cb\">Une conf\u00e9rence pour les professionnel\u00b7les<\/h2>\n\n\n\n<p>Une conf\u00e9rence a \u00e9galement \u00e9t\u00e9 organis\u00e9e \u00e0 destination des professionnel\u00b7les de la culture afin de partager les premiers enseignements du projet et d\u2019ouvrir la discussion sur les mobilit\u00e9s dans le secteur \u00e9v\u00e9nementiel.<\/p>\n\n\n\n<p>Cette conf\u00e9rence a explor\u00e9 le potentiel des v\u00e9hicules interm\u00e9diaires (v\u00e9lis) comme levier concret de transformation des mobilit\u00e9s, en particulier dans le contexte des festivals. \u00c0 la crois\u00e9e des enjeux \u00e9cologiques, logistiques, culturels et sociaux, ces v\u00e9hicules apparaissent comme une alternative cr\u00e9dible \u00e0 l\u2019automobile pour de nombreux usages.<\/p>\n\n\n\n<p><a href=\"https:\/\/www.lecollectifdesfestivals.org\/collectif\/2026\/02\/mobilite-de-demain-les-vehicules-intermediaires-bientot-dans-vos-festivals\/\">Lire le compte-rendu de la conf\u00e9rence<\/a><\/p>\n\n\n\n<h2 class=\"wp-block-heading has-neve-link-color-color has-text-color has-link-color wp-elements-2e74d8af8f894b40139f2a1542949639\">Ce qu\u2019on peut retenir de l\u2019exp\u00e9rimentation<\/h2>\n\n\n\n<p>L\u2019exp\u00e9rimentation men\u00e9e aux Trans Musicales met en lumi\u00e8re plusieurs enseignements utiles pour les festivals souhaitant tester les v\u00e9lis.<\/p>\n\n\n\n<h3 class=\"wp-block-heading\">1. Adapter les v\u00e9hicules aux usages<\/h3>\n\n\n\n<p>Tous les v\u00e9lis ne r\u00e9pondent pas aux m\u00eames besoins. Le choix du v\u00e9hicule doit tenir compte :<br><em>\u2022<\/em> du type de festival (urbain ou rural),<br><em>\u2022<\/em> des usages vis\u00e9s (transport de personnes, logistique, m\u00e9diation),<br><em>\u2022<\/em> des contraintes du site.<\/p>\n\n\n\n<p>Un v\u00e9hicule bien adapt\u00e9 augmente fortement les chances d\u2019adoption par les \u00e9quipes.<\/p>\n\n\n\n<h3 class=\"wp-block-heading\">2. Anticiper l\u2019int\u00e9gration dans l\u2019organisation<\/h3>\n\n\n\n<p>Pour \u00eatre r\u00e9ellement utilis\u00e9s, les v\u00e9lis doivent \u00eatre <strong>int\u00e9gr\u00e9s dans les dispositifs existants<\/strong> : planning de transport, organisation logistique, missions des \u00e9quipes.<br>Sans cette anticipation, ils risquent d\u2019\u00eatre per\u00e7us comme un dispositif exp\u00e9rimental \u00e0 part de l\u2019organisation.<\/p>\n\n\n\n<h3 class=\"wp-block-heading\">3. Former et accompagner les \u00e9quipes<\/h3>\n\n\n\n<p>La prise en main des v\u00e9hicules et la compr\u00e9hension de leurs usages n\u00e9cessitent un minimum d\u2019accompagnement : m\u00eame si tous les v\u00e9hicules ont une prise en main rapide, l\u2019aspect de certains peut freiner avant le premier usage.&nbsp;<\/p>\n\n\n\n<p>Des temps de <strong>formation, de d\u00e9monstration et de test<\/strong> facilitent l\u2019appropriation par les \u00e9quipes, sous la forme d\u2019un slalom ou circuit ludique par exemple.<\/p>\n\n\n\n<h3 class=\"wp-block-heading\">4. Travailler l\u2019acceptabilit\u00e9<\/h3>\n\n\n\n<p>L\u2019acceptation de nouveaux modes de transport d\u00e9pend aussi de facteurs culturels et symboliques : confort, facilit\u00e9, praticit\u00e9, image, plaisir, s\u00e9curit\u00e9.<\/p>\n\n\n\n<p>Il peut \u00eatre utile de <strong>valoriser l\u2019exp\u00e9rience<\/strong>, par exemple en pr\u00e9sentant les v\u00e9lis comme un mode de transport privil\u00e9gi\u00e9 ou innovant.<\/p>\n\n\n\n<h2 class=\"wp-block-heading has-neve-link-color-color has-text-color has-link-color wp-elements-cc6302295cac65d8fbf0bf04f40fa6d9\">Les festivals comme laboratoires de transition<\/h2>\n\n\n\n<p>Ce projet illustre aussi le r\u00f4le que peuvent jouer les festivals dans les transitions \u00e9cologiques.<\/p>\n\n\n\n<p>Les festivals disposent en effet de plusieurs atouts :<\/p>\n\n\n\n<ul class=\"wp-block-list\">\n<li><strong>Une capacit\u00e9 d\u2019exp\u00e9rimentation :<\/strong> les festivals mobilisent de nombreux m\u00e9tiers, infrastructures et solutions logistiques, ce qui permet de tester des innovations dans des conditions r\u00e9elles.<\/li>\n\n\n\n<li><strong>Un contexte positif et festif <\/strong>: sortir de son habitude est plus facile dans un contexte festif que dans la routine du quotidien. Les festivals sont des espaces o\u00f9 les publics peuvent plus facilement vouloir exp\u00e9rimenter de nouvelles choses.<\/li>\n\n\n\n<li><strong>La mobilisation d\u2019un \u00e9cosyst\u00e8me <\/strong>: organisateurices, collectivit\u00e9s, constructeurs, publics et professionnel\u00b7les peuvent \u00eatre impliqu\u00e9\u00b7es dans une dynamique collective de transition.<\/li>\n\n\n\n<li><strong>Une influence culturelle :<\/strong> les artistes et les \u00e9v\u00e9nements culturels ont un fort pouvoir d\u2019influence et peuvent contribuer \u00e0 faire \u00e9voluer les pratiques et les imaginaires.<\/li>\n\n\n\n<li><strong>Une visibilit\u00e9 m\u00e9diatique : <\/strong>les festivals b\u00e9n\u00e9ficient d\u2019une couverture m\u00e9diatique importante, qui permet de diffuser et valoriser les innovations test\u00e9es.<\/li>\n<\/ul>\n\n\n\n<h2 class=\"wp-block-heading has-neve-link-color-color has-text-color has-link-color wp-elements-ae6b9fdde5a26297e1f78bde3fd2ffd6\">Une premi\u00e8re \u00e9tape \u00e0 poursuivre<\/h2>\n\n\n\n<p>Le projet V\u00e9lis aux Trans Musicales constitue une <strong>premi\u00e8re \u00e9tape d\u2019exp\u00e9rimentation \u00e0 grande \u00e9chelle dans un contexte festivalier<\/strong>.<\/p>\n\n\n\n<p>Les r\u00e9sultats sont encourageants, notamment pour certains usages logistiques et pour les dispositifs de m\u00e9diation aupr\u00e8s des publics. Ils montrent \u00e9galement que la r\u00e9ussite de ce type d\u2019initiative repose autant sur l\u2019organisation et l\u2019accompagnement que sur les v\u00e9hicules eux-m\u00eames.<\/p>\n\n\n\n<p>Ces enseignements pourront nourrir d\u2019autres exp\u00e9rimentations dans le secteur \u00e9v\u00e9nementiel et contribuer \u00e0 imaginer <strong>des mobilit\u00e9s plus sobres et adapt\u00e9es aux festivals de demain<\/strong>.<\/p>\n\n\n\n<figure class=\"wp-block-image size-large\"><a href=\"https:\/\/www.lecollectifdesfestivals.org\/collectif\/wp-content\/uploads\/2026\/03\/image.png\"><img loading=\"lazy\" decoding=\"async\" width=\"1024\" height=\"576\" src=\"https:\/\/www.lecollectifdesfestivals.org\/collectif\/wp-content\/uploads\/2026\/03\/image-1024x576.png\" alt=\"\" class=\"wp-image-31319\" srcset=\"https:\/\/www.lecollectifdesfestivals.org\/collectif\/wp-content\/uploads\/2026\/03\/image-1024x576.png 1024w, https:\/\/www.lecollectifdesfestivals.org\/collectif\/wp-content\/uploads\/2026\/03\/image-300x169.png 300w, https:\/\/www.lecollectifdesfestivals.org\/collectif\/wp-content\/uploads\/2026\/03\/image-768x432.png 768w, https:\/\/www.lecollectifdesfestivals.org\/collectif\/wp-content\/uploads\/2026\/03\/image-1536x864.png 1536w, https:\/\/www.lecollectifdesfestivals.org\/collectif\/wp-content\/uploads\/2026\/03\/image.png 1600w\" sizes=\"auto, (max-width: 1024px) 100vw, 1024px\" \/><\/a><\/figure>\n","protected":false},"excerpt":{"rendered":"<p>Retour sur l\u2019exp\u00e9rimentation men\u00e9e par le Collectif des festivals sur les Trans Musicales 2025 Le Collectif des festivals et les Trans ont men\u00e9 une exp\u00e9rimentation autour des v\u00e9lis pendant le festival 2025. Les v\u00e9lis sont des v\u00e9hicules interm\u00e9diaires entre le v\u00e9lo et la voiture. L\u2019objectif \u00e9tait de tester et mettre en avant ces v\u00e9hicules pour&hellip;&nbsp;<a href=\"https:\/\/www.lecollectifdesfestivals.org\/collectif\/2026\/03\/lutilisation-de-velis-aux-trans-musicales\/\" rel=\"bookmark\">Lire la suite &raquo;<span class=\"screen-reader-text\">L&rsquo;utilisation de v\u00e9lis aux Trans Musicales<\/span><\/a><\/p>\n","protected":false},"author":1,"featured_media":0,"comment_status":"closed","ping_status":"closed","sticky":false,"template":"","format":"standard","meta":{"neve_meta_sidebar":"","neve_meta_container":"","neve_meta_enable_content_width":"","neve_meta_content_width":0,"neve_meta_title_alignment":"","neve_meta_author_avatar":"","neve_post_elements_order":"","neve_meta_disable_header":"","neve_meta_disable_footer":"","neve_meta_disable_title":"","footnotes":""},"categories":[133,4,114,514,21],"tags":[],"class_list":["post-31318","post","type-post","status-publish","format-standard","hentry","category-action","category-actualites","category-festivals","category-festivals-en-mouvement","category-les-transports"],"yoast_head":"<!-- This site is optimized with the Yoast SEO plugin v27.4 - https:\/\/yoast.com\/product\/yoast-seo-wordpress\/ -->\n<title>L&#039;utilisation de v\u00e9lis aux Trans Musicales &#8226; Le Collectif des festivals<\/title>\n<meta name=\"description\" content=\"Le Collectif des festivals accompagne les organisateurs de festivals de Bretagne dans leurs d\u00e9marches de d\u00e9veloppement durable et solidaire.\" \/>\n<meta name=\"robots\" content=\"index, follow, max-snippet:-1, max-image-preview:large, max-video-preview:-1\" \/>\n<link rel=\"canonical\" href=\"https:\/\/www.lecollectifdesfestivals.org\/collectif\/2026\/03\/lutilisation-de-velis-aux-trans-musicales\/\" \/>\n<meta property=\"og:locale\" content=\"fr_FR\" \/>\n<meta property=\"og:type\" content=\"article\" \/>\n<meta property=\"og:title\" content=\"L&#039;utilisation de v\u00e9lis aux Trans Musicales &#8226; Le Collectif des festivals\" \/>\n<meta property=\"og:description\" content=\"Le Collectif des festivals accompagne les organisateurs de festivals de Bretagne dans leurs d\u00e9marches de d\u00e9veloppement durable et solidaire.\" \/>\n<meta property=\"og:url\" content=\"https:\/\/www.lecollectifdesfestivals.org\/collectif\/2026\/03\/lutilisation-de-velis-aux-trans-musicales\/\" \/>\n<meta property=\"og:site_name\" content=\"Le Collectif des festivals\" \/>\n<meta property=\"article:publisher\" content=\"https:\/\/www.facebook.com\/LeCollectifDesFestivals\/\" \/>\n<meta property=\"article:published_time\" content=\"2026-03-13T10:33:09+00:00\" \/>\n<meta property=\"article:modified_time\" content=\"2026-03-13T11:46:21+00:00\" \/>\n<meta property=\"og:image\" content=\"https:\/\/www.lecollectifdesfestivals.org\/collectif\/wp-content\/uploads\/2026\/03\/image-1024x576.png\" \/>\n<meta name=\"author\" content=\"Le Collectif\" \/>\n<meta name=\"twitter:card\" content=\"summary_large_image\" \/>\n<meta name=\"twitter:creator\" content=\"@CollFestivals\" \/>\n<meta name=\"twitter:site\" content=\"@CollFestivals\" \/>\n<meta name=\"twitter:label1\" content=\"\u00c9crit par\" \/>\n\t<meta name=\"twitter:data1\" content=\"Le Collectif\" \/>\n\t<meta name=\"twitter:label2\" content=\"Dur\u00e9e de lecture estim\u00e9e\" \/>\n\t<meta name=\"twitter:data2\" content=\"8 minutes\" \/>\n<script type=\"application\/ld+json\" class=\"yoast-schema-graph\">{\"@context\":\"https:\\\/\\\/schema.org\",\"@graph\":[{\"@type\":\"Article\",\"@id\":\"https:\\\/\\\/www.lecollectifdesfestivals.org\\\/collectif\\\/2026\\\/03\\\/lutilisation-de-velis-aux-trans-musicales\\\/#article\",\"isPartOf\":{\"@id\":\"https:\\\/\\\/www.lecollectifdesfestivals.org\\\/collectif\\\/2026\\\/03\\\/lutilisation-de-velis-aux-trans-musicales\\\/\"},\"author\":{\"name\":\"Le Collectif\",\"@id\":\"https:\\\/\\\/www.lecollectifdesfestivals.org\\\/collectif\\\/#\\\/schema\\\/person\\\/86601dd4ec4be86cc3e9fc0f7a6de31c\"},\"headline\":\"L&rsquo;utilisation de v\u00e9lis aux Trans Musicales\",\"datePublished\":\"2026-03-13T10:33:09+00:00\",\"dateModified\":\"2026-03-13T11:46:21+00:00\",\"mainEntityOfPage\":{\"@id\":\"https:\\\/\\\/www.lecollectifdesfestivals.org\\\/collectif\\\/2026\\\/03\\\/lutilisation-de-velis-aux-trans-musicales\\\/\"},\"wordCount\":1711,\"image\":{\"@id\":\"https:\\\/\\\/www.lecollectifdesfestivals.org\\\/collectif\\\/2026\\\/03\\\/lutilisation-de-velis-aux-trans-musicales\\\/#primaryimage\"},\"thumbnailUrl\":\"https:\\\/\\\/www.lecollectifdesfestivals.org\\\/collectif\\\/wp-content\\\/uploads\\\/2026\\\/03\\\/image-1024x576.png\",\"articleSection\":[\"Action !\",\"Actualit\u00e9s\",\"Festivals\",\"Festivals en mouvement\",\"Mobilit\u00e9s \\\/ Transports\"],\"inLanguage\":\"fr-FR\"},{\"@type\":\"WebPage\",\"@id\":\"https:\\\/\\\/www.lecollectifdesfestivals.org\\\/collectif\\\/2026\\\/03\\\/lutilisation-de-velis-aux-trans-musicales\\\/\",\"url\":\"https:\\\/\\\/www.lecollectifdesfestivals.org\\\/collectif\\\/2026\\\/03\\\/lutilisation-de-velis-aux-trans-musicales\\\/\",\"name\":\"L'utilisation de v\u00e9lis aux Trans Musicales &#8226; Le Collectif des festivals\",\"isPartOf\":{\"@id\":\"https:\\\/\\\/www.lecollectifdesfestivals.org\\\/collectif\\\/#website\"},\"primaryImageOfPage\":{\"@id\":\"https:\\\/\\\/www.lecollectifdesfestivals.org\\\/collectif\\\/2026\\\/03\\\/lutilisation-de-velis-aux-trans-musicales\\\/#primaryimage\"},\"image\":{\"@id\":\"https:\\\/\\\/www.lecollectifdesfestivals.org\\\/collectif\\\/2026\\\/03\\\/lutilisation-de-velis-aux-trans-musicales\\\/#primaryimage\"},\"thumbnailUrl\":\"https:\\\/\\\/www.lecollectifdesfestivals.org\\\/collectif\\\/wp-content\\\/uploads\\\/2026\\\/03\\\/image-1024x576.png\",\"datePublished\":\"2026-03-13T10:33:09+00:00\",\"dateModified\":\"2026-03-13T11:46:21+00:00\",\"author\":{\"@id\":\"https:\\\/\\\/www.lecollectifdesfestivals.org\\\/collectif\\\/#\\\/schema\\\/person\\\/86601dd4ec4be86cc3e9fc0f7a6de31c\"},\"description\":\"Le Collectif des festivals accompagne les organisateurs de festivals de Bretagne dans leurs d\u00e9marches de d\u00e9veloppement durable et solidaire.\",\"breadcrumb\":{\"@id\":\"https:\\\/\\\/www.lecollectifdesfestivals.org\\\/collectif\\\/2026\\\/03\\\/lutilisation-de-velis-aux-trans-musicales\\\/#breadcrumb\"},\"inLanguage\":\"fr-FR\",\"potentialAction\":[{\"@type\":\"ReadAction\",\"target\":[\"https:\\\/\\\/www.lecollectifdesfestivals.org\\\/collectif\\\/2026\\\/03\\\/lutilisation-de-velis-aux-trans-musicales\\\/\"]}]},{\"@type\":\"ImageObject\",\"inLanguage\":\"fr-FR\",\"@id\":\"https:\\\/\\\/www.lecollectifdesfestivals.org\\\/collectif\\\/2026\\\/03\\\/lutilisation-de-velis-aux-trans-musicales\\\/#primaryimage\",\"url\":\"https:\\\/\\\/www.lecollectifdesfestivals.org\\\/collectif\\\/wp-content\\\/uploads\\\/2026\\\/03\\\/image.png\",\"contentUrl\":\"https:\\\/\\\/www.lecollectifdesfestivals.org\\\/collectif\\\/wp-content\\\/uploads\\\/2026\\\/03\\\/image.png\",\"width\":1600,\"height\":900},{\"@type\":\"BreadcrumbList\",\"@id\":\"https:\\\/\\\/www.lecollectifdesfestivals.org\\\/collectif\\\/2026\\\/03\\\/lutilisation-de-velis-aux-trans-musicales\\\/#breadcrumb\",\"itemListElement\":[{\"@type\":\"ListItem\",\"position\":1,\"name\":\"Accueil\",\"item\":\"https:\\\/\\\/www.lecollectifdesfestivals.org\\\/collectif\\\/\"},{\"@type\":\"ListItem\",\"position\":2,\"name\":\"L&rsquo;utilisation de v\u00e9lis aux Trans Musicales\"}]},{\"@type\":\"WebSite\",\"@id\":\"https:\\\/\\\/www.lecollectifdesfestivals.org\\\/collectif\\\/#website\",\"url\":\"https:\\\/\\\/www.lecollectifdesfestivals.org\\\/collectif\\\/\",\"name\":\"Le Collectif des festivals\",\"description\":\"Depuis 2005, le Collectif des festivals accompagne les acteurices culturel\u00b7les dans leurs d\u00e9marches de d\u00e9veloppement durable.\",\"potentialAction\":[{\"@type\":\"SearchAction\",\"target\":{\"@type\":\"EntryPoint\",\"urlTemplate\":\"https:\\\/\\\/www.lecollectifdesfestivals.org\\\/collectif\\\/?s={search_term_string}\"},\"query-input\":{\"@type\":\"PropertyValueSpecification\",\"valueRequired\":true,\"valueName\":\"search_term_string\"}}],\"inLanguage\":\"fr-FR\"},{\"@type\":\"Person\",\"@id\":\"https:\\\/\\\/www.lecollectifdesfestivals.org\\\/collectif\\\/#\\\/schema\\\/person\\\/86601dd4ec4be86cc3e9fc0f7a6de31c\",\"name\":\"Le Collectif\",\"image\":{\"@type\":\"ImageObject\",\"inLanguage\":\"fr-FR\",\"@id\":\"https:\\\/\\\/secure.gravatar.com\\\/avatar\\\/89073059d9fc0729af171a2cef817d198574cc88ac24fc455b289cc6ea1e6caa?s=96&d=mm&r=g\",\"url\":\"https:\\\/\\\/secure.gravatar.com\\\/avatar\\\/89073059d9fc0729af171a2cef817d198574cc88ac24fc455b289cc6ea1e6caa?s=96&d=mm&r=g\",\"contentUrl\":\"https:\\\/\\\/secure.gravatar.com\\\/avatar\\\/89073059d9fc0729af171a2cef817d198574cc88ac24fc455b289cc6ea1e6caa?s=96&d=mm&r=g\",\"caption\":\"Le Collectif\"}}]}<\/script>\n<!-- \/ Yoast SEO plugin. -->","yoast_head_json":{"title":"L'utilisation de v\u00e9lis aux Trans Musicales &#8226; Le Collectif des festivals","description":"Le Collectif des festivals accompagne les organisateurs de festivals de Bretagne dans leurs d\u00e9marches de d\u00e9veloppement durable et solidaire.","robots":{"index":"index","follow":"follow","max-snippet":"max-snippet:-1","max-image-preview":"max-image-preview:large","max-video-preview":"max-video-preview:-1"},"canonical":"https:\/\/www.lecollectifdesfestivals.org\/collectif\/2026\/03\/lutilisation-de-velis-aux-trans-musicales\/","og_locale":"fr_FR","og_type":"article","og_title":"L'utilisation de v\u00e9lis aux Trans Musicales &#8226; Le Collectif des festivals","og_description":"Le Collectif des festivals accompagne les organisateurs de festivals de Bretagne dans leurs d\u00e9marches de d\u00e9veloppement durable et solidaire.","og_url":"https:\/\/www.lecollectifdesfestivals.org\/collectif\/2026\/03\/lutilisation-de-velis-aux-trans-musicales\/","og_site_name":"Le Collectif des festivals","article_publisher":"https:\/\/www.facebook.com\/LeCollectifDesFestivals\/","article_published_time":"2026-03-13T10:33:09+00:00","article_modified_time":"2026-03-13T11:46:21+00:00","og_image":[{"url":"https:\/\/www.lecollectifdesfestivals.org\/collectif\/wp-content\/uploads\/2026\/03\/image-1024x576.png","type":"","width":"","height":""}],"author":"Le Collectif","twitter_card":"summary_large_image","twitter_creator":"@CollFestivals","twitter_site":"@CollFestivals","twitter_misc":{"\u00c9crit par":"Le Collectif","Dur\u00e9e de lecture estim\u00e9e":"8 minutes"},"schema":{"@context":"https:\/\/schema.org","@graph":[{"@type":"Article","@id":"https:\/\/www.lecollectifdesfestivals.org\/collectif\/2026\/03\/lutilisation-de-velis-aux-trans-musicales\/#article","isPartOf":{"@id":"https:\/\/www.lecollectifdesfestivals.org\/collectif\/2026\/03\/lutilisation-de-velis-aux-trans-musicales\/"},"author":{"name":"Le Collectif","@id":"https:\/\/www.lecollectifdesfestivals.org\/collectif\/#\/schema\/person\/86601dd4ec4be86cc3e9fc0f7a6de31c"},"headline":"L&rsquo;utilisation de v\u00e9lis aux Trans Musicales","datePublished":"2026-03-13T10:33:09+00:00","dateModified":"2026-03-13T11:46:21+00:00","mainEntityOfPage":{"@id":"https:\/\/www.lecollectifdesfestivals.org\/collectif\/2026\/03\/lutilisation-de-velis-aux-trans-musicales\/"},"wordCount":1711,"image":{"@id":"https:\/\/www.lecollectifdesfestivals.org\/collectif\/2026\/03\/lutilisation-de-velis-aux-trans-musicales\/#primaryimage"},"thumbnailUrl":"https:\/\/www.lecollectifdesfestivals.org\/collectif\/wp-content\/uploads\/2026\/03\/image-1024x576.png","articleSection":["Action !","Actualit\u00e9s","Festivals","Festivals en mouvement","Mobilit\u00e9s \/ Transports"],"inLanguage":"fr-FR"},{"@type":"WebPage","@id":"https:\/\/www.lecollectifdesfestivals.org\/collectif\/2026\/03\/lutilisation-de-velis-aux-trans-musicales\/","url":"https:\/\/www.lecollectifdesfestivals.org\/collectif\/2026\/03\/lutilisation-de-velis-aux-trans-musicales\/","name":"L'utilisation de v\u00e9lis aux Trans Musicales &#8226; Le Collectif des festivals","isPartOf":{"@id":"https:\/\/www.lecollectifdesfestivals.org\/collectif\/#website"},"primaryImageOfPage":{"@id":"https:\/\/www.lecollectifdesfestivals.org\/collectif\/2026\/03\/lutilisation-de-velis-aux-trans-musicales\/#primaryimage"},"image":{"@id":"https:\/\/www.lecollectifdesfestivals.org\/collectif\/2026\/03\/lutilisation-de-velis-aux-trans-musicales\/#primaryimage"},"thumbnailUrl":"https:\/\/www.lecollectifdesfestivals.org\/collectif\/wp-content\/uploads\/2026\/03\/image-1024x576.png","datePublished":"2026-03-13T10:33:09+00:00","dateModified":"2026-03-13T11:46:21+00:00","author":{"@id":"https:\/\/www.lecollectifdesfestivals.org\/collectif\/#\/schema\/person\/86601dd4ec4be86cc3e9fc0f7a6de31c"},"description":"Le Collectif des festivals accompagne les organisateurs de festivals de Bretagne dans leurs d\u00e9marches de d\u00e9veloppement durable et solidaire.","breadcrumb":{"@id":"https:\/\/www.lecollectifdesfestivals.org\/collectif\/2026\/03\/lutilisation-de-velis-aux-trans-musicales\/#breadcrumb"},"inLanguage":"fr-FR","potentialAction":[{"@type":"ReadAction","target":["https:\/\/www.lecollectifdesfestivals.org\/collectif\/2026\/03\/lutilisation-de-velis-aux-trans-musicales\/"]}]},{"@type":"ImageObject","inLanguage":"fr-FR","@id":"https:\/\/www.lecollectifdesfestivals.org\/collectif\/2026\/03\/lutilisation-de-velis-aux-trans-musicales\/#primaryimage","url":"https:\/\/www.lecollectifdesfestivals.org\/collectif\/wp-content\/uploads\/2026\/03\/image.png","contentUrl":"https:\/\/www.lecollectifdesfestivals.org\/collectif\/wp-content\/uploads\/2026\/03\/image.png","width":1600,"height":900},{"@type":"BreadcrumbList","@id":"https:\/\/www.lecollectifdesfestivals.org\/collectif\/2026\/03\/lutilisation-de-velis-aux-trans-musicales\/#breadcrumb","itemListElement":[{"@type":"ListItem","position":1,"name":"Accueil","item":"https:\/\/www.lecollectifdesfestivals.org\/collectif\/"},{"@type":"ListItem","position":2,"name":"L&rsquo;utilisation de v\u00e9lis aux Trans Musicales"}]},{"@type":"WebSite","@id":"https:\/\/www.lecollectifdesfestivals.org\/collectif\/#website","url":"https:\/\/www.lecollectifdesfestivals.org\/collectif\/","name":"Le Collectif des festivals","description":"Depuis 2005, le Collectif des festivals accompagne les acteurices culturel\u00b7les dans leurs d\u00e9marches de d\u00e9veloppement durable.","potentialAction":[{"@type":"SearchAction","target":{"@type":"EntryPoint","urlTemplate":"https:\/\/www.lecollectifdesfestivals.org\/collectif\/?s={search_term_string}"},"query-input":{"@type":"PropertyValueSpecification","valueRequired":true,"valueName":"search_term_string"}}],"inLanguage":"fr-FR"},{"@type":"Person","@id":"https:\/\/www.lecollectifdesfestivals.org\/collectif\/#\/schema\/person\/86601dd4ec4be86cc3e9fc0f7a6de31c","name":"Le Collectif","image":{"@type":"ImageObject","inLanguage":"fr-FR","@id":"https:\/\/secure.gravatar.com\/avatar\/89073059d9fc0729af171a2cef817d198574cc88ac24fc455b289cc6ea1e6caa?s=96&d=mm&r=g","url":"https:\/\/secure.gravatar.com\/avatar\/89073059d9fc0729af171a2cef817d198574cc88ac24fc455b289cc6ea1e6caa?s=96&d=mm&r=g","contentUrl":"https:\/\/secure.gravatar.com\/avatar\/89073059d9fc0729af171a2cef817d198574cc88ac24fc455b289cc6ea1e6caa?s=96&d=mm&r=g","caption":"Le Collectif"}}]}},"_links":{"self":[{"href":"https:\/\/www.lecollectifdesfestivals.org\/collectif\/wp-json\/wp\/v2\/posts\/31318","targetHints":{"allow":["GET"]}}],"collection":[{"href":"https:\/\/www.lecollectifdesfestivals.org\/collectif\/wp-json\/wp\/v2\/posts"}],"about":[{"href":"https:\/\/www.lecollectifdesfestivals.org\/collectif\/wp-json\/wp\/v2\/types\/post"}],"author":[{"embeddable":true,"href":"https:\/\/www.lecollectifdesfestivals.org\/collectif\/wp-json\/wp\/v2\/users\/1"}],"replies":[{"embeddable":true,"href":"https:\/\/www.lecollectifdesfestivals.org\/collectif\/wp-json\/wp\/v2\/comments?post=31318"}],"version-history":[{"count":2,"href":"https:\/\/www.lecollectifdesfestivals.org\/collectif\/wp-json\/wp\/v2\/posts\/31318\/revisions"}],"predecessor-version":[{"id":31322,"href":"https:\/\/www.lecollectifdesfestivals.org\/collectif\/wp-json\/wp\/v2\/posts\/31318\/revisions\/31322"}],"wp:attachment":[{"href":"https:\/\/www.lecollectifdesfestivals.org\/collectif\/wp-json\/wp\/v2\/media?parent=31318"}],"wp:term":[{"taxonomy":"category","embeddable":true,"href":"https:\/\/www.lecollectifdesfestivals.org\/collectif\/wp-json\/wp\/v2\/categories?post=31318"},{"taxonomy":"post_tag","embeddable":true,"href":"https:\/\/www.lecollectifdesfestivals.org\/collectif\/wp-json\/wp\/v2\/tags?post=31318"}],"curies":[{"name":"wp","href":"https:\/\/api.w.org\/{rel}","templated":true}]}}