{"id":5578,"date":"2013-11-26T11:19:47","date_gmt":"2013-11-26T11:19:47","guid":{"rendered":"http:\/\/www.lecollectifdesfestivals.org\/collectif\/?p=5578"},"modified":"2024-11-25T16:11:20","modified_gmt":"2024-11-25T15:11:20","slug":"oh-my-godet-au-bout-du-monde","status":"publish","type":"post","link":"https:\/\/www.lecollectifdesfestivals.org\/collectif\/2013\/11\/oh-my-godet-au-bout-du-monde\/","title":{"rendered":"Oh my Godet au Bout du Monde"},"content":{"rendered":"\t\t<div data-elementor-type=\"wp-post\" data-elementor-id=\"5578\" class=\"elementor elementor-5578\">\n\t\t\t\t\t\t<div class=\"elementor-inner\">\n\t\t\t\t<div class=\"elementor-section-wrap\">\n\t\t\t\t\t\t\t\t\t<section class=\"elementor-section elementor-top-section elementor-element elementor-element-21f01d06 elementor-section-boxed elementor-section-height-default elementor-section-height-default\" data-id=\"21f01d06\" data-element_type=\"section\">\n\t\t\t\t\t\t<div class=\"elementor-container elementor-column-gap-default\">\n\t\t\t\t\t\t\t<div class=\"elementor-row\">\n\t\t\t\t\t<div class=\"elementor-column elementor-col-100 elementor-top-column elementor-element elementor-element-78db3fa7\" data-id=\"78db3fa7\" data-element_type=\"column\">\n\t\t\t<div class=\"elementor-column-wrap elementor-element-populated\">\n\t\t\t\t\t\t\t<div class=\"elementor-widget-wrap\">\n\t\t\t\t\t\t<div class=\"elementor-element elementor-element-609d261f elementor-widget elementor-widget-text-editor\" data-id=\"609d261f\" data-element_type=\"widget\" data-widget_type=\"text-editor.default\">\n\t\t\t\t<div class=\"elementor-widget-container\">\n\t\t\t\t\t\t\t\t<div class=\"elementor-text-editor elementor-clearfix\">\n\t\t\t\t<p style=\"text-align: right;\">\u00a0<\/p><h2 style=\"text-align: justify;\"><strong>Quesako ?<\/strong><\/h2><p style=\"text-align: justify;\">Depuis quelques ann\u00e9es, le gobelet r\u00e9utilisable est devenu courant sur les manifestations et a permis d\u2019am\u00e9liorer la propret\u00e9 des sites.<br \/>Cependant, chaque ann\u00e9e, des milliers de gobelets ne sont pas retourn\u00e9s aux festivals, gard\u00e9s en souvenir par les festivaliers : le festival du Bout du Monde \u00e9value ce chiffre \u00e0 environ 25 000 gobelets par an.<br \/>En 2013, le festival du Bout du Monde, d\u00e9cide de faire \u00e9voluer son dispositif de gobelets consign\u00e9s dans le but d\u2019am\u00e9liorer le taux de retour : l\u2019id\u00e9e du festival a \u00e9t\u00e9 de dissocier le gobelet dans lequel on boit de l\u2019objet \u00ab collector \u00bb.<br \/>L\u2019intention est de redonner le sens de l\u2019utilit\u00e9 premi\u00e8re du gobelet consign\u00e9, \u00e0 savoir limiter les d\u00e9chets et favoriser le r\u00e9emploi et non pas de gagner de l\u2019argent sur un objet collector.<br \/>De cette fa\u00e7on, le Bout du Monde a pu concilier r\u00e9duction des d\u00e9chets et attentes des festivaliers\/propret\u00e9 du site.<\/p><h2 style=\"text-align: justify;\"><strong>Oh my Godet au Bout du Monde<\/strong><\/h2><p style=\"text-align: justify;\">Le Festival du Bout du Monde a mis en place deux stocks de gobelets :<br \/>&#8211; Un stock de gobelets vierges disponibles dans les bars contre une caution d\u20191 ticket boisson<br \/>&#8211; Un stock de 9 000 gobelets collector, s\u00e9rigraphi\u00e9s \u00e0 l\u2019\u00e9dition 2013 du festival et, vendus au prix de 2 tickets boisson au point info du festival. Pour chaque gobelet vendu, la moiti\u00e9 de la somme collect\u00e9e a \u00e9t\u00e9 revers\u00e9e \u00e0 une association \u0153uvrant pour la r\u00e9duction des d\u00e9chets.<br \/>L\u2019ensemble de l\u2019\u00e9quipe organisatrice du festival a \u00e9t\u00e9 inform\u00e9e de ce nouveau dispositif et l\u2019\u00e9quipe g\u00e9rant les gobelets ainsi que les barmen ont \u00e9t\u00e9 sensibilis\u00e9s afin de pouvoir expliquer la d\u00e9marche et r\u00e9pondre aux interrogations des publics.<br \/>Au final, environ 6 000 gobelets collector ont \u00e9t\u00e9 vendus et 7200\u20ac vers\u00e9s \u00e0 l\u2019association de protection de l\u2019environnement.<br \/>Le nombre de gobelets d\u00e9consign\u00e9s par les festivaliers a \u00e9t\u00e9 am\u00e9lior\u00e9 de presque 25% par rapport \u00e0 l\u2019ann\u00e9e pr\u00e9c\u00e9dente.<\/p><h2 style=\"text-align: justify;\"><strong>Mettre en place cette action dans mon festival<\/strong><\/h2><p style=\"text-align: justify;\">Pour l\u2019utilisation de gobelets vierges en circulation dans les bars et buvettes, il est possible de les emprunter ou de les louer \u00e0 proximit\u00e9 de chez vous (cf. cartographie en Bretagne).<br \/>Le nombre de gobelets s\u00e9rigraphi\u00e9s \u00e0 vendre doit \u00eatre soigneusement calcul\u00e9 en fonction des ann\u00e9es pr\u00e9c\u00e9dentes. Attention \u00e0 ne pas en pr\u00e9voir trop afin de garantir \u00ab l\u2019effet collector \u00bb.<br \/>Le prix de vente doit inciter les festivaliers \u00e0 se demander \u00abEn ai-je vraiment besoin ?\u00bb, l\u2019\u00e9cart doit \u00eatre significatif entre la consigne et le prix de cet objet merchandising : il peut repr\u00e9senter le double ou plus de la caution demand\u00e9e pour les gobelets vierges.<br \/>Pr\u00e9voir un temps de sensibilisation avec les \u00e9quipes, en particulier les \u00e9quipes d\u2019accueil, bar et merchandising qui seront au contact des publics.<br \/>Communiquer en amont via le site internet, les r\u00e9seaux sociaux, un communiqu\u00e9 de presse\u2026 afin d\u2019expliquer votre d\u00e9marche et vos intentions et pr\u00e9parer les festivaliers \u00e0 ce changement de pratique.<br \/>Reverser la diff\u00e9rence de prix et le b\u00e9n\u00e9fice de cette op\u00e9ration \u00e0 une association \/ ONG permet de renforcer la coh\u00e9rence de l\u2019action et du message et de d\u00e9montrer qu\u2019elle est d\u00e9sint\u00e9ress\u00e9e pour le festival.<\/p><h2 style=\"text-align: justify;\"><strong>Combien \u00e7a co\u00fbte ?<\/strong><\/h2><p style=\"text-align: justify;\">Rien. L\u2019op\u00e9ration est blanche : le b\u00e9n\u00e9fice tir\u00e9 de la vente des gobelets marqu\u00e9s peut \u00eatre enti\u00e8rement vers\u00e9 \u00e0 une association ; une partie peut servir \u00e0 financer la gestion et le lavage des gobelets vierges.<\/p><h2 style=\"text-align: justify;\"><strong>Les points de vigilance<\/strong><\/h2><p style=\"text-align: justify;\"><b>&#8211; <\/b>Ne pas oublier les fondamentaux : r\u00e9expliquer le principe de r\u00e9emploi du gobelet r\u00e9utilisable, multiplier et rendre visibles les points de retour\u2026 cf. ficelles am\u00e9liorer le taux de retour des gobelets<br \/>&#8211; Bien informer les \u00e9quipes : ce sont parfois les premiers \u00e0 r\u00e9clamer leur gobelet souvenir !<br \/>&#8211; Communiquer et expliquer votre d\u00e9marche aupr\u00e8s des publics.<\/p><h2 style=\"text-align: justify;\"><strong>Contact (pour en savoir plus)<\/strong><\/h2><p style=\"text-align: justify;\">Guillaume Rocaboy \u2013 Festival du Bout du Monde<br \/>guillaume@quai-ouest.net<\/p>\t\t\t\t\t<\/div>\n\t\t\t\t\t\t<\/div>\n\t\t\t\t<\/div>\n\t\t\t\t\t\t<\/div>\n\t\t\t\t\t<\/div>\n\t\t<\/div>\n\t\t\t\t\t\t\t\t<\/div>\n\t\t\t\t\t<\/div>\n\t\t<\/section>\n\t\t\t\t<section class=\"elementor-section elementor-top-section elementor-element elementor-element-dbc2e5c elementor-section-boxed elementor-section-height-default elementor-section-height-default\" data-id=\"dbc2e5c\" data-element_type=\"section\">\n\t\t\t\t\t\t<div class=\"elementor-container elementor-column-gap-default\">\n\t\t\t\t\t\t\t<div class=\"elementor-row\">\n\t\t\t\t\t<div class=\"elementor-column elementor-col-100 elementor-top-column elementor-element elementor-element-4f31e66\" data-id=\"4f31e66\" data-element_type=\"column\">\n\t\t\t<div class=\"elementor-column-wrap elementor-element-populated\">\n\t\t\t\t\t\t\t<div class=\"elementor-widget-wrap\">\n\t\t\t\t\t\t<div class=\"elementor-element elementor-element-506b4f8 elementor-widget elementor-widget-spacer\" data-id=\"506b4f8\" data-element_type=\"widget\" data-widget_type=\"spacer.default\">\n\t\t\t\t<div class=\"elementor-widget-container\">\n\t\t\t\t\t<div class=\"elementor-spacer\">\n\t\t\t<div class=\"elementor-spacer-inner\"><\/div>\n\t\t<\/div>\n\t\t\t\t<\/div>\n\t\t\t\t<\/div>\n\t\t\t\t\t\t<\/div>\n\t\t\t\t\t<\/div>\n\t\t<\/div>\n\t\t\t\t\t\t\t\t<\/div>\n\t\t\t\t\t<\/div>\n\t\t<\/section>\n\t\t\t\t\t\t\t\t\t<\/div>\n\t\t\t<\/div>\n\t\t\t\t\t<\/div>\n\t\t","protected":false},"excerpt":{"rendered":"<p>Quesako ? Depuis quelques ann\u00e9es, le gobelet r\u00e9utilisable est devenu courant sur les manifestations et a permis d\u2019am\u00e9liorer la propret\u00e9 des sites. Cependant, chaque ann\u00e9e, des milliers de gobelets ne sont pas retourn\u00e9s aux festivals, gard\u00e9s en souvenir par les festivaliers : le festival du Bout du Monde \u00e9value ce chiffre \u00e0 environ 25 000&hellip;&nbsp;<a href=\"https:\/\/www.lecollectifdesfestivals.org\/collectif\/2013\/11\/oh-my-godet-au-bout-du-monde\/\" rel=\"bookmark\">Lire la suite &raquo;<span class=\"screen-reader-text\">Oh my Godet au Bout du Monde<\/span><\/a><\/p>\n","protected":false},"author":1,"featured_media":0,"comment_status":"open","ping_status":"open","sticky":false,"template":"","format":"standard","meta":{"neve_meta_sidebar":"","neve_meta_container":"","neve_meta_enable_content_width":"","neve_meta_content_width":0,"neve_meta_title_alignment":"","neve_meta_author_avatar":"","neve_post_elements_order":"","neve_meta_disable_header":"","neve_meta_disable_footer":"","neve_meta_disable_title":"","footnotes":""},"categories":[133,27,114],"tags":[55,73],"class_list":["post-5578","post","type-post","status-publish","format-standard","hentry","category-action","category-dechets","category-festivals","tag-dechets-2","tag-gobelets"],"yoast_head":"<!-- This site is optimized with the Yoast SEO plugin v27.4 - https:\/\/yoast.com\/product\/yoast-seo-wordpress\/ -->\n<title>Oh my Godet au Bout du Monde &#8226; Le Collectif des festivals<\/title>\n<meta name=\"description\" content=\"Le Collectif des festivals accompagne les organisateurs de festivals de Bretagne dans leurs d\u00e9marches de d\u00e9veloppement durable et solidaire.\" \/>\n<meta name=\"robots\" content=\"index, follow, max-snippet:-1, max-image-preview:large, max-video-preview:-1\" \/>\n<link rel=\"canonical\" href=\"https:\/\/www.lecollectifdesfestivals.org\/collectif\/2013\/11\/oh-my-godet-au-bout-du-monde\/\" \/>\n<meta property=\"og:locale\" content=\"fr_FR\" \/>\n<meta property=\"og:type\" content=\"article\" \/>\n<meta property=\"og:title\" content=\"Oh my Godet au Bout du Monde &#8226; Le Collectif des festivals\" \/>\n<meta property=\"og:description\" content=\"Le Collectif des festivals accompagne les organisateurs de festivals de Bretagne dans leurs d\u00e9marches de d\u00e9veloppement durable et solidaire.\" \/>\n<meta property=\"og:url\" content=\"https:\/\/www.lecollectifdesfestivals.org\/collectif\/2013\/11\/oh-my-godet-au-bout-du-monde\/\" \/>\n<meta property=\"og:site_name\" content=\"Le Collectif des festivals\" \/>\n<meta property=\"article:publisher\" content=\"https:\/\/www.facebook.com\/LeCollectifDesFestivals\/\" \/>\n<meta property=\"article:published_time\" content=\"2013-11-26T11:19:47+00:00\" \/>\n<meta property=\"article:modified_time\" content=\"2024-11-25T15:11:20+00:00\" \/>\n<meta name=\"author\" content=\"Le Collectif\" \/>\n<meta name=\"twitter:card\" content=\"summary_large_image\" \/>\n<meta name=\"twitter:creator\" content=\"@CollFestivals\" \/>\n<meta name=\"twitter:site\" content=\"@CollFestivals\" \/>\n<meta name=\"twitter:label1\" content=\"\u00c9crit par\" \/>\n\t<meta name=\"twitter:data1\" content=\"Le Collectif\" \/>\n\t<meta name=\"twitter:label2\" content=\"Dur\u00e9e de lecture estim\u00e9e\" \/>\n\t<meta name=\"twitter:data2\" content=\"4 minutes\" \/>\n<script type=\"application\/ld+json\" class=\"yoast-schema-graph\">{\"@context\":\"https:\\\/\\\/schema.org\",\"@graph\":[{\"@type\":\"Article\",\"@id\":\"https:\\\/\\\/www.lecollectifdesfestivals.org\\\/collectif\\\/2013\\\/11\\\/oh-my-godet-au-bout-du-monde\\\/#article\",\"isPartOf\":{\"@id\":\"https:\\\/\\\/www.lecollectifdesfestivals.org\\\/collectif\\\/2013\\\/11\\\/oh-my-godet-au-bout-du-monde\\\/\"},\"author\":{\"name\":\"Le Collectif\",\"@id\":\"https:\\\/\\\/www.lecollectifdesfestivals.org\\\/collectif\\\/#\\\/schema\\\/person\\\/86601dd4ec4be86cc3e9fc0f7a6de31c\"},\"headline\":\"Oh my Godet au Bout du Monde\",\"datePublished\":\"2013-11-26T11:19:47+00:00\",\"dateModified\":\"2024-11-25T15:11:20+00:00\",\"mainEntityOfPage\":{\"@id\":\"https:\\\/\\\/www.lecollectifdesfestivals.org\\\/collectif\\\/2013\\\/11\\\/oh-my-godet-au-bout-du-monde\\\/\"},\"wordCount\":689,\"commentCount\":1,\"keywords\":[\"d\u00e9chets\",\"Gobelets\"],\"articleSection\":[\"Action !\",\"D\u00e9chets \\\/ \u00c9conomie circulaire\",\"Festivals\"],\"inLanguage\":\"fr-FR\",\"potentialAction\":[{\"@type\":\"CommentAction\",\"name\":\"Comment\",\"target\":[\"https:\\\/\\\/www.lecollectifdesfestivals.org\\\/collectif\\\/2013\\\/11\\\/oh-my-godet-au-bout-du-monde\\\/#respond\"]}]},{\"@type\":\"WebPage\",\"@id\":\"https:\\\/\\\/www.lecollectifdesfestivals.org\\\/collectif\\\/2013\\\/11\\\/oh-my-godet-au-bout-du-monde\\\/\",\"url\":\"https:\\\/\\\/www.lecollectifdesfestivals.org\\\/collectif\\\/2013\\\/11\\\/oh-my-godet-au-bout-du-monde\\\/\",\"name\":\"Oh my Godet au Bout du Monde &#8226; Le Collectif des festivals\",\"isPartOf\":{\"@id\":\"https:\\\/\\\/www.lecollectifdesfestivals.org\\\/collectif\\\/#website\"},\"datePublished\":\"2013-11-26T11:19:47+00:00\",\"dateModified\":\"2024-11-25T15:11:20+00:00\",\"author\":{\"@id\":\"https:\\\/\\\/www.lecollectifdesfestivals.org\\\/collectif\\\/#\\\/schema\\\/person\\\/86601dd4ec4be86cc3e9fc0f7a6de31c\"},\"description\":\"Le Collectif des festivals accompagne les organisateurs de festivals de Bretagne dans leurs d\u00e9marches de d\u00e9veloppement durable et solidaire.\",\"breadcrumb\":{\"@id\":\"https:\\\/\\\/www.lecollectifdesfestivals.org\\\/collectif\\\/2013\\\/11\\\/oh-my-godet-au-bout-du-monde\\\/#breadcrumb\"},\"inLanguage\":\"fr-FR\",\"potentialAction\":[{\"@type\":\"ReadAction\",\"target\":[\"https:\\\/\\\/www.lecollectifdesfestivals.org\\\/collectif\\\/2013\\\/11\\\/oh-my-godet-au-bout-du-monde\\\/\"]}]},{\"@type\":\"BreadcrumbList\",\"@id\":\"https:\\\/\\\/www.lecollectifdesfestivals.org\\\/collectif\\\/2013\\\/11\\\/oh-my-godet-au-bout-du-monde\\\/#breadcrumb\",\"itemListElement\":[{\"@type\":\"ListItem\",\"position\":1,\"name\":\"Accueil\",\"item\":\"https:\\\/\\\/www.lecollectifdesfestivals.org\\\/collectif\\\/\"},{\"@type\":\"ListItem\",\"position\":2,\"name\":\"Oh my Godet au Bout du Monde\"}]},{\"@type\":\"WebSite\",\"@id\":\"https:\\\/\\\/www.lecollectifdesfestivals.org\\\/collectif\\\/#website\",\"url\":\"https:\\\/\\\/www.lecollectifdesfestivals.org\\\/collectif\\\/\",\"name\":\"Le Collectif des festivals\",\"description\":\"Depuis 2005, le Collectif des festivals accompagne les acteurices culturel\u00b7les dans leurs d\u00e9marches de d\u00e9veloppement durable.\",\"potentialAction\":[{\"@type\":\"SearchAction\",\"target\":{\"@type\":\"EntryPoint\",\"urlTemplate\":\"https:\\\/\\\/www.lecollectifdesfestivals.org\\\/collectif\\\/?s={search_term_string}\"},\"query-input\":{\"@type\":\"PropertyValueSpecification\",\"valueRequired\":true,\"valueName\":\"search_term_string\"}}],\"inLanguage\":\"fr-FR\"},{\"@type\":\"Person\",\"@id\":\"https:\\\/\\\/www.lecollectifdesfestivals.org\\\/collectif\\\/#\\\/schema\\\/person\\\/86601dd4ec4be86cc3e9fc0f7a6de31c\",\"name\":\"Le Collectif\",\"image\":{\"@type\":\"ImageObject\",\"inLanguage\":\"fr-FR\",\"@id\":\"https:\\\/\\\/secure.gravatar.com\\\/avatar\\\/89073059d9fc0729af171a2cef817d198574cc88ac24fc455b289cc6ea1e6caa?s=96&d=mm&r=g\",\"url\":\"https:\\\/\\\/secure.gravatar.com\\\/avatar\\\/89073059d9fc0729af171a2cef817d198574cc88ac24fc455b289cc6ea1e6caa?s=96&d=mm&r=g\",\"contentUrl\":\"https:\\\/\\\/secure.gravatar.com\\\/avatar\\\/89073059d9fc0729af171a2cef817d198574cc88ac24fc455b289cc6ea1e6caa?s=96&d=mm&r=g\",\"caption\":\"Le Collectif\"}}]}<\/script>\n<!-- \/ Yoast SEO plugin. -->","yoast_head_json":{"title":"Oh my Godet au Bout du Monde &#8226; Le Collectif des festivals","description":"Le Collectif des festivals accompagne les organisateurs de festivals de Bretagne dans leurs d\u00e9marches de d\u00e9veloppement durable et solidaire.","robots":{"index":"index","follow":"follow","max-snippet":"max-snippet:-1","max-image-preview":"max-image-preview:large","max-video-preview":"max-video-preview:-1"},"canonical":"https:\/\/www.lecollectifdesfestivals.org\/collectif\/2013\/11\/oh-my-godet-au-bout-du-monde\/","og_locale":"fr_FR","og_type":"article","og_title":"Oh my Godet au Bout du Monde &#8226; Le Collectif des festivals","og_description":"Le Collectif des festivals accompagne les organisateurs de festivals de Bretagne dans leurs d\u00e9marches de d\u00e9veloppement durable et solidaire.","og_url":"https:\/\/www.lecollectifdesfestivals.org\/collectif\/2013\/11\/oh-my-godet-au-bout-du-monde\/","og_site_name":"Le Collectif des festivals","article_publisher":"https:\/\/www.facebook.com\/LeCollectifDesFestivals\/","article_published_time":"2013-11-26T11:19:47+00:00","article_modified_time":"2024-11-25T15:11:20+00:00","author":"Le Collectif","twitter_card":"summary_large_image","twitter_creator":"@CollFestivals","twitter_site":"@CollFestivals","twitter_misc":{"\u00c9crit par":"Le Collectif","Dur\u00e9e de lecture estim\u00e9e":"4 minutes"},"schema":{"@context":"https:\/\/schema.org","@graph":[{"@type":"Article","@id":"https:\/\/www.lecollectifdesfestivals.org\/collectif\/2013\/11\/oh-my-godet-au-bout-du-monde\/#article","isPartOf":{"@id":"https:\/\/www.lecollectifdesfestivals.org\/collectif\/2013\/11\/oh-my-godet-au-bout-du-monde\/"},"author":{"name":"Le Collectif","@id":"https:\/\/www.lecollectifdesfestivals.org\/collectif\/#\/schema\/person\/86601dd4ec4be86cc3e9fc0f7a6de31c"},"headline":"Oh my Godet au Bout du Monde","datePublished":"2013-11-26T11:19:47+00:00","dateModified":"2024-11-25T15:11:20+00:00","mainEntityOfPage":{"@id":"https:\/\/www.lecollectifdesfestivals.org\/collectif\/2013\/11\/oh-my-godet-au-bout-du-monde\/"},"wordCount":689,"commentCount":1,"keywords":["d\u00e9chets","Gobelets"],"articleSection":["Action !","D\u00e9chets \/ \u00c9conomie circulaire","Festivals"],"inLanguage":"fr-FR","potentialAction":[{"@type":"CommentAction","name":"Comment","target":["https:\/\/www.lecollectifdesfestivals.org\/collectif\/2013\/11\/oh-my-godet-au-bout-du-monde\/#respond"]}]},{"@type":"WebPage","@id":"https:\/\/www.lecollectifdesfestivals.org\/collectif\/2013\/11\/oh-my-godet-au-bout-du-monde\/","url":"https:\/\/www.lecollectifdesfestivals.org\/collectif\/2013\/11\/oh-my-godet-au-bout-du-monde\/","name":"Oh my Godet au Bout du Monde &#8226; Le Collectif des festivals","isPartOf":{"@id":"https:\/\/www.lecollectifdesfestivals.org\/collectif\/#website"},"datePublished":"2013-11-26T11:19:47+00:00","dateModified":"2024-11-25T15:11:20+00:00","author":{"@id":"https:\/\/www.lecollectifdesfestivals.org\/collectif\/#\/schema\/person\/86601dd4ec4be86cc3e9fc0f7a6de31c"},"description":"Le Collectif des festivals accompagne les organisateurs de festivals de Bretagne dans leurs d\u00e9marches de d\u00e9veloppement durable et solidaire.","breadcrumb":{"@id":"https:\/\/www.lecollectifdesfestivals.org\/collectif\/2013\/11\/oh-my-godet-au-bout-du-monde\/#breadcrumb"},"inLanguage":"fr-FR","potentialAction":[{"@type":"ReadAction","target":["https:\/\/www.lecollectifdesfestivals.org\/collectif\/2013\/11\/oh-my-godet-au-bout-du-monde\/"]}]},{"@type":"BreadcrumbList","@id":"https:\/\/www.lecollectifdesfestivals.org\/collectif\/2013\/11\/oh-my-godet-au-bout-du-monde\/#breadcrumb","itemListElement":[{"@type":"ListItem","position":1,"name":"Accueil","item":"https:\/\/www.lecollectifdesfestivals.org\/collectif\/"},{"@type":"ListItem","position":2,"name":"Oh my Godet au Bout du Monde"}]},{"@type":"WebSite","@id":"https:\/\/www.lecollectifdesfestivals.org\/collectif\/#website","url":"https:\/\/www.lecollectifdesfestivals.org\/collectif\/","name":"Le Collectif des festivals","description":"Depuis 2005, le Collectif des festivals accompagne les acteurices culturel\u00b7les dans leurs d\u00e9marches de d\u00e9veloppement durable.","potentialAction":[{"@type":"SearchAction","target":{"@type":"EntryPoint","urlTemplate":"https:\/\/www.lecollectifdesfestivals.org\/collectif\/?s={search_term_string}"},"query-input":{"@type":"PropertyValueSpecification","valueRequired":true,"valueName":"search_term_string"}}],"inLanguage":"fr-FR"},{"@type":"Person","@id":"https:\/\/www.lecollectifdesfestivals.org\/collectif\/#\/schema\/person\/86601dd4ec4be86cc3e9fc0f7a6de31c","name":"Le Collectif","image":{"@type":"ImageObject","inLanguage":"fr-FR","@id":"https:\/\/secure.gravatar.com\/avatar\/89073059d9fc0729af171a2cef817d198574cc88ac24fc455b289cc6ea1e6caa?s=96&d=mm&r=g","url":"https:\/\/secure.gravatar.com\/avatar\/89073059d9fc0729af171a2cef817d198574cc88ac24fc455b289cc6ea1e6caa?s=96&d=mm&r=g","contentUrl":"https:\/\/secure.gravatar.com\/avatar\/89073059d9fc0729af171a2cef817d198574cc88ac24fc455b289cc6ea1e6caa?s=96&d=mm&r=g","caption":"Le Collectif"}}]}},"_links":{"self":[{"href":"https:\/\/www.lecollectifdesfestivals.org\/collectif\/wp-json\/wp\/v2\/posts\/5578","targetHints":{"allow":["GET"]}}],"collection":[{"href":"https:\/\/www.lecollectifdesfestivals.org\/collectif\/wp-json\/wp\/v2\/posts"}],"about":[{"href":"https:\/\/www.lecollectifdesfestivals.org\/collectif\/wp-json\/wp\/v2\/types\/post"}],"author":[{"embeddable":true,"href":"https:\/\/www.lecollectifdesfestivals.org\/collectif\/wp-json\/wp\/v2\/users\/1"}],"replies":[{"embeddable":true,"href":"https:\/\/www.lecollectifdesfestivals.org\/collectif\/wp-json\/wp\/v2\/comments?post=5578"}],"version-history":[{"count":2,"href":"https:\/\/www.lecollectifdesfestivals.org\/collectif\/wp-json\/wp\/v2\/posts\/5578\/revisions"}],"predecessor-version":[{"id":22605,"href":"https:\/\/www.lecollectifdesfestivals.org\/collectif\/wp-json\/wp\/v2\/posts\/5578\/revisions\/22605"}],"wp:attachment":[{"href":"https:\/\/www.lecollectifdesfestivals.org\/collectif\/wp-json\/wp\/v2\/media?parent=5578"}],"wp:term":[{"taxonomy":"category","embeddable":true,"href":"https:\/\/www.lecollectifdesfestivals.org\/collectif\/wp-json\/wp\/v2\/categories?post=5578"},{"taxonomy":"post_tag","embeddable":true,"href":"https:\/\/www.lecollectifdesfestivals.org\/collectif\/wp-json\/wp\/v2\/tags?post=5578"}],"curies":[{"name":"wp","href":"https:\/\/api.w.org\/{rel}","templated":true}]}}