{"id":6014,"date":"2014-04-14T10:12:28","date_gmt":"2014-04-14T08:12:28","guid":{"rendered":"http:\/\/www.lecollectifdesfestivals.org\/collectif\/?p=6014"},"modified":"2024-07-15T10:48:15","modified_gmt":"2024-07-15T08:48:15","slug":"6014","status":"publish","type":"post","link":"https:\/\/www.lecollectifdesfestivals.org\/collectif\/2014\/04\/6014\/","title":{"rendered":"Quel est le meilleur choix entre gobelets r\u00e9utilisables et jetables?*"},"content":{"rendered":"<p style=\"text-align: justify;\"><strong>Quel est le meilleur choix entre gobelets r\u00e9utilisables et jetables?<\/strong><br \/>\n<strong>Pour les dubitatifs et les convaincus du gobelet r\u00e9utilisable<\/strong><\/p>\n<p>Il y a un an, nous r\u00e9pondions \u00e0 la question <a href=\"http:\/\/www.lecollectifdesfestivals.org\/collectif\/2013\/06\/pourquoi-rendre-mon-gobelet-consigne\/\" target=\"_blank\" rel=\"noopener noreferrer\">\u00ab\u00a0Pourquoi rendre son gobelet r\u00e9utilisable \u00e0 la fin du festival?\u00a0\u00bb<\/a><\/p>\n<p>Et depuis&#8230;<br \/>\nL&rsquo;Institut bruxellois pour la gestion de l&rsquo;environnement (Bruxelles environnement) a publi\u00e9 <a href=\"https:\/\/www.lecollectifdesfestivals.org\/collectif\/download\/Impact_gobelets_RDC_2013.pdf\"><strong>une \u00e9tude<\/strong><\/a> pour s\u00e9lectionner le meilleur mode de conditionnement pour servir des boissons lors d\u2019\u00e9v\u00e9nements selon des crit\u00e8res environnementux et \u00e9conomiques et propose un outil d\u2019aide \u00e0 la d\u00e9cision.<\/p>\n<p>\u00ab\u00a0Rien de neuf sous le soleil pour les convaincus des gobelets r\u00e9utilisables, mais une pi\u00e8ce de plus o\u00f9 trouver des arguments et insister sur l\u2019importance de la r\u00e9utilisation effective des gobelets r\u00e9utilisables\u00a0\u00bb<\/p>\n<p>A la question \u00ab\u00a0Quel est le meilleur choix entre gobelets r\u00e9utilisables et jetables?\u00a0\u00bb<\/p>\n<p>Cette \u00e9tude nous apprend que la meilleure option d\u00e9pend principalement de 2 param\u00e8tres :<br \/>\n\u2022&nbsp;&nbsp; &nbsp;La fin de vie des gobelets jetables (recyclage ou incin\u00e9ration)<br \/>\n\u2022&nbsp;&nbsp; &nbsp;Le taux de retour des gobelets r\u00e9utilisables<\/p>\n<p>1\/ Compar\u00e9s \u00e0 des gobelets jetables (PLA ou PP) incin\u00e9r\u00e9s:<br \/>\nSi le taux de retour &gt; 90 % : la meilleure solution est en moyenne les gobelets r\u00e9utilisables<\/p>\n<p>2\/ Compar\u00e9s \u00e0 des gobelets jetables (PLA ou PP) recycl\u00e9s:<br \/>\nSi taux de retour &gt; 95 % : la meilleure solution est en moyenne les gobelets r\u00e9utilisables<br \/>\nSi taux de retour &lt; 90 % : la meilleure solution est en moyenne les gobelets jetables PP<\/p>\n<p>En clair:<br \/>\n&#8211; les gobelets jetables recycl\u00e9s constituent une meilleure solution si le taux de recyclage est \u00e9lev\u00e9 (70 \u00e0 90 %) ET si le taux de retour gobelets r\u00e9utilisables &lt; 90 %<br \/>\n&#8211; les gobelets r\u00e9utilisables sont meilleurs \u00e0 condition que leur taux de retour &gt; 95 %<br \/>\nOU si le taux de retour gobelets r\u00e9utilisables &gt; 90 % et qu&rsquo;il n&rsquo;y a pas de possibilit\u00e9 de recyclage des gobelets jetables en PP<br \/>\n&#8211; les impacts sont comparables lorsque:<br \/>\nle taux de recyclage des gobelets jetables est \u00e9lev\u00e9 (70 \u00e0 90 %) ET le taux de retour des gobelets r\u00e9utilisables est moyen (90 % \u00e0 95 %)<br \/>\nOU<br \/>\nle taux de retour des gobelets r\u00e9utilisables faible (90 % \u00e0 95 %) ET qu&rsquo;il n&rsquo; y a pas de recyclage des gobelets jetables en PP<\/p>\n<p>Cette \u00e9tude vous livre aussi quelques conseils pour atteindre un taux de retour \u00e9lev\u00e9 des gobelets r\u00e9utilisables ou des gobelets jetables (c&rsquo;est selon&#8230;)<br \/>\nEn compl\u00e9ment vous pouvez consulter le <a href=\"www.lecollectifdesfestivals.org\/collectif\/2013\/07\/ficelles-ameliorer-le-retour-des-gobelets\/\" target=\"_blank\" rel=\"noopener noreferrer\">Ficelles du Collectif<\/a> et <a href=\"http:\/\/www.lecollectifdesfestivals.org\/collectif\/2013\/11\/oh-my-godet-au-bout-du-monde\/\" target=\"_blank\" rel=\"noopener noreferrer\">le retour d&rsquo;exp\u00e9rience du festival du Bout du Monde<\/a>.<\/p>\n<p>L&rsquo;\u00e9tude pr\u00e9sente \u00e9galement des r\u00e9sultats sur \u00ab\u00a0l&rsquo;amont\u00a0\u00bb des boissons: f\u00fbt, grande bouteille, petite bouteille, canette.<br \/>\n\u00ab\u00a0Quel est le meilleur choix \u00e0 adopter en compl\u00e9ment des gobelets pour limiter l&rsquo;impact?\u00a0\u00bb<\/p>\n<p>Plus d&rsquo;informations en consultant[wpfilebase tag=fileurl id=309 linktext=&rsquo; l \u00e9tude de l impact environnemental et \u00e9conomique des gobelets r\u00e9utilisables dans les \u00e9v\u00e9nements&rsquo; \/]<br \/>\nEtude r\u00e9alis\u00e9e pour le compte de Bruxelles Environnement \u2013 2013<\/p>\n","protected":false},"excerpt":{"rendered":"<p>Quel est le meilleur choix entre gobelets r\u00e9utilisables et jetables? Pour les dubitatifs et les convaincus du gobelet r\u00e9utilisable Il y a un an, nous r\u00e9pondions \u00e0 la question \u00ab\u00a0Pourquoi rendre son gobelet r\u00e9utilisable \u00e0 la fin du festival?\u00a0\u00bb Et depuis&#8230; L&rsquo;Institut bruxellois pour la gestion de l&rsquo;environnement (Bruxelles environnement) a publi\u00e9 une \u00e9tude pour&hellip;&nbsp;<a href=\"https:\/\/www.lecollectifdesfestivals.org\/collectif\/2014\/04\/6014\/\" rel=\"bookmark\">Lire la suite &raquo;<span class=\"screen-reader-text\">Quel est le meilleur choix entre gobelets r\u00e9utilisables et jetables?*<\/span><\/a><\/p>\n","protected":false},"author":1,"featured_media":0,"comment_status":"open","ping_status":"open","sticky":false,"template":"","format":"standard","meta":{"neve_meta_sidebar":"","neve_meta_container":"","neve_meta_enable_content_width":"","neve_meta_content_width":0,"neve_meta_title_alignment":"","neve_meta_author_avatar":"","neve_post_elements_order":"","neve_meta_disable_header":"","neve_meta_disable_footer":"","neve_meta_disable_title":"","footnotes":""},"categories":[27,447],"tags":[73],"class_list":["post-6014","post","type-post","status-publish","format-standard","hentry","category-dechets","category-etudes-et-observations","tag-gobelets"],"yoast_head":"<!-- This site is optimized with the Yoast SEO plugin v27.4 - https:\/\/yoast.com\/product\/yoast-seo-wordpress\/ -->\n<title>Quel est le meilleur choix entre gobelets r\u00e9utilisables et jetables?* &#8226; Le Collectif des festivals<\/title>\n<meta name=\"description\" content=\"Le Collectif des festivals accompagne les organisateurs de festivals de Bretagne dans leurs d\u00e9marches de d\u00e9veloppement durable et solidaire.\" \/>\n<meta name=\"robots\" content=\"index, follow, max-snippet:-1, max-image-preview:large, max-video-preview:-1\" \/>\n<link rel=\"canonical\" href=\"https:\/\/www.lecollectifdesfestivals.org\/collectif\/2014\/04\/6014\/\" \/>\n<meta property=\"og:locale\" content=\"fr_FR\" \/>\n<meta property=\"og:type\" content=\"article\" \/>\n<meta property=\"og:title\" content=\"Quel est le meilleur choix entre gobelets r\u00e9utilisables et jetables?* &#8226; Le Collectif des festivals\" \/>\n<meta property=\"og:description\" content=\"Le Collectif des festivals accompagne les organisateurs de festivals de Bretagne dans leurs d\u00e9marches de d\u00e9veloppement durable et solidaire.\" \/>\n<meta property=\"og:url\" content=\"https:\/\/www.lecollectifdesfestivals.org\/collectif\/2014\/04\/6014\/\" \/>\n<meta property=\"og:site_name\" content=\"Le Collectif des festivals\" \/>\n<meta property=\"article:publisher\" content=\"https:\/\/www.facebook.com\/LeCollectifDesFestivals\/\" \/>\n<meta property=\"article:published_time\" content=\"2014-04-14T08:12:28+00:00\" \/>\n<meta property=\"article:modified_time\" content=\"2024-07-15T08:48:15+00:00\" \/>\n<meta name=\"author\" content=\"Le Collectif\" \/>\n<meta name=\"twitter:card\" content=\"summary_large_image\" \/>\n<meta name=\"twitter:creator\" content=\"@CollFestivals\" \/>\n<meta name=\"twitter:site\" content=\"@CollFestivals\" \/>\n<meta name=\"twitter:label1\" content=\"\u00c9crit par\" \/>\n\t<meta name=\"twitter:data1\" content=\"Le Collectif\" \/>\n\t<meta name=\"twitter:label2\" content=\"Dur\u00e9e de lecture estim\u00e9e\" \/>\n\t<meta name=\"twitter:data2\" content=\"3 minutes\" \/>\n<script type=\"application\/ld+json\" class=\"yoast-schema-graph\">{\"@context\":\"https:\\\/\\\/schema.org\",\"@graph\":[{\"@type\":\"Article\",\"@id\":\"https:\\\/\\\/www.lecollectifdesfestivals.org\\\/collectif\\\/2014\\\/04\\\/6014\\\/#article\",\"isPartOf\":{\"@id\":\"https:\\\/\\\/www.lecollectifdesfestivals.org\\\/collectif\\\/2014\\\/04\\\/6014\\\/\"},\"author\":{\"name\":\"Le Collectif\",\"@id\":\"https:\\\/\\\/www.lecollectifdesfestivals.org\\\/collectif\\\/#\\\/schema\\\/person\\\/86601dd4ec4be86cc3e9fc0f7a6de31c\"},\"headline\":\"Quel est le meilleur choix entre gobelets r\u00e9utilisables et jetables?*\",\"datePublished\":\"2014-04-14T08:12:28+00:00\",\"dateModified\":\"2024-07-15T08:48:15+00:00\",\"mainEntityOfPage\":{\"@id\":\"https:\\\/\\\/www.lecollectifdesfestivals.org\\\/collectif\\\/2014\\\/04\\\/6014\\\/\"},\"wordCount\":495,\"commentCount\":2,\"keywords\":[\"Gobelets\"],\"articleSection\":[\"D\u00e9chets \\\/ \u00c9conomie circulaire\",\"\u00c9tudes et observations\"],\"inLanguage\":\"fr-FR\",\"potentialAction\":[{\"@type\":\"CommentAction\",\"name\":\"Comment\",\"target\":[\"https:\\\/\\\/www.lecollectifdesfestivals.org\\\/collectif\\\/2014\\\/04\\\/6014\\\/#respond\"]}]},{\"@type\":\"WebPage\",\"@id\":\"https:\\\/\\\/www.lecollectifdesfestivals.org\\\/collectif\\\/2014\\\/04\\\/6014\\\/\",\"url\":\"https:\\\/\\\/www.lecollectifdesfestivals.org\\\/collectif\\\/2014\\\/04\\\/6014\\\/\",\"name\":\"Quel est le meilleur choix entre gobelets r\u00e9utilisables et jetables?* &#8226; Le Collectif des festivals\",\"isPartOf\":{\"@id\":\"https:\\\/\\\/www.lecollectifdesfestivals.org\\\/collectif\\\/#website\"},\"datePublished\":\"2014-04-14T08:12:28+00:00\",\"dateModified\":\"2024-07-15T08:48:15+00:00\",\"author\":{\"@id\":\"https:\\\/\\\/www.lecollectifdesfestivals.org\\\/collectif\\\/#\\\/schema\\\/person\\\/86601dd4ec4be86cc3e9fc0f7a6de31c\"},\"description\":\"Le Collectif des festivals accompagne les organisateurs de festivals de Bretagne dans leurs d\u00e9marches de d\u00e9veloppement durable et solidaire.\",\"breadcrumb\":{\"@id\":\"https:\\\/\\\/www.lecollectifdesfestivals.org\\\/collectif\\\/2014\\\/04\\\/6014\\\/#breadcrumb\"},\"inLanguage\":\"fr-FR\",\"potentialAction\":[{\"@type\":\"ReadAction\",\"target\":[\"https:\\\/\\\/www.lecollectifdesfestivals.org\\\/collectif\\\/2014\\\/04\\\/6014\\\/\"]}]},{\"@type\":\"BreadcrumbList\",\"@id\":\"https:\\\/\\\/www.lecollectifdesfestivals.org\\\/collectif\\\/2014\\\/04\\\/6014\\\/#breadcrumb\",\"itemListElement\":[{\"@type\":\"ListItem\",\"position\":1,\"name\":\"Accueil\",\"item\":\"https:\\\/\\\/www.lecollectifdesfestivals.org\\\/collectif\\\/\"},{\"@type\":\"ListItem\",\"position\":2,\"name\":\"Quel est le meilleur choix entre gobelets r\u00e9utilisables et jetables?*\"}]},{\"@type\":\"WebSite\",\"@id\":\"https:\\\/\\\/www.lecollectifdesfestivals.org\\\/collectif\\\/#website\",\"url\":\"https:\\\/\\\/www.lecollectifdesfestivals.org\\\/collectif\\\/\",\"name\":\"Le Collectif des festivals\",\"description\":\"Depuis 2005, le Collectif des festivals accompagne les acteurices culturel\u00b7les dans leurs d\u00e9marches de d\u00e9veloppement durable.\",\"potentialAction\":[{\"@type\":\"SearchAction\",\"target\":{\"@type\":\"EntryPoint\",\"urlTemplate\":\"https:\\\/\\\/www.lecollectifdesfestivals.org\\\/collectif\\\/?s={search_term_string}\"},\"query-input\":{\"@type\":\"PropertyValueSpecification\",\"valueRequired\":true,\"valueName\":\"search_term_string\"}}],\"inLanguage\":\"fr-FR\"},{\"@type\":\"Person\",\"@id\":\"https:\\\/\\\/www.lecollectifdesfestivals.org\\\/collectif\\\/#\\\/schema\\\/person\\\/86601dd4ec4be86cc3e9fc0f7a6de31c\",\"name\":\"Le Collectif\",\"image\":{\"@type\":\"ImageObject\",\"inLanguage\":\"fr-FR\",\"@id\":\"https:\\\/\\\/secure.gravatar.com\\\/avatar\\\/89073059d9fc0729af171a2cef817d198574cc88ac24fc455b289cc6ea1e6caa?s=96&d=mm&r=g\",\"url\":\"https:\\\/\\\/secure.gravatar.com\\\/avatar\\\/89073059d9fc0729af171a2cef817d198574cc88ac24fc455b289cc6ea1e6caa?s=96&d=mm&r=g\",\"contentUrl\":\"https:\\\/\\\/secure.gravatar.com\\\/avatar\\\/89073059d9fc0729af171a2cef817d198574cc88ac24fc455b289cc6ea1e6caa?s=96&d=mm&r=g\",\"caption\":\"Le Collectif\"}}]}<\/script>\n<!-- \/ Yoast SEO plugin. -->","yoast_head_json":{"title":"Quel est le meilleur choix entre gobelets r\u00e9utilisables et jetables?* &#8226; Le Collectif des festivals","description":"Le Collectif des festivals accompagne les organisateurs de festivals de Bretagne dans leurs d\u00e9marches de d\u00e9veloppement durable et solidaire.","robots":{"index":"index","follow":"follow","max-snippet":"max-snippet:-1","max-image-preview":"max-image-preview:large","max-video-preview":"max-video-preview:-1"},"canonical":"https:\/\/www.lecollectifdesfestivals.org\/collectif\/2014\/04\/6014\/","og_locale":"fr_FR","og_type":"article","og_title":"Quel est le meilleur choix entre gobelets r\u00e9utilisables et jetables?* &#8226; Le Collectif des festivals","og_description":"Le Collectif des festivals accompagne les organisateurs de festivals de Bretagne dans leurs d\u00e9marches de d\u00e9veloppement durable et solidaire.","og_url":"https:\/\/www.lecollectifdesfestivals.org\/collectif\/2014\/04\/6014\/","og_site_name":"Le Collectif des festivals","article_publisher":"https:\/\/www.facebook.com\/LeCollectifDesFestivals\/","article_published_time":"2014-04-14T08:12:28+00:00","article_modified_time":"2024-07-15T08:48:15+00:00","author":"Le Collectif","twitter_card":"summary_large_image","twitter_creator":"@CollFestivals","twitter_site":"@CollFestivals","twitter_misc":{"\u00c9crit par":"Le Collectif","Dur\u00e9e de lecture estim\u00e9e":"3 minutes"},"schema":{"@context":"https:\/\/schema.org","@graph":[{"@type":"Article","@id":"https:\/\/www.lecollectifdesfestivals.org\/collectif\/2014\/04\/6014\/#article","isPartOf":{"@id":"https:\/\/www.lecollectifdesfestivals.org\/collectif\/2014\/04\/6014\/"},"author":{"name":"Le Collectif","@id":"https:\/\/www.lecollectifdesfestivals.org\/collectif\/#\/schema\/person\/86601dd4ec4be86cc3e9fc0f7a6de31c"},"headline":"Quel est le meilleur choix entre gobelets r\u00e9utilisables et jetables?*","datePublished":"2014-04-14T08:12:28+00:00","dateModified":"2024-07-15T08:48:15+00:00","mainEntityOfPage":{"@id":"https:\/\/www.lecollectifdesfestivals.org\/collectif\/2014\/04\/6014\/"},"wordCount":495,"commentCount":2,"keywords":["Gobelets"],"articleSection":["D\u00e9chets \/ \u00c9conomie circulaire","\u00c9tudes et observations"],"inLanguage":"fr-FR","potentialAction":[{"@type":"CommentAction","name":"Comment","target":["https:\/\/www.lecollectifdesfestivals.org\/collectif\/2014\/04\/6014\/#respond"]}]},{"@type":"WebPage","@id":"https:\/\/www.lecollectifdesfestivals.org\/collectif\/2014\/04\/6014\/","url":"https:\/\/www.lecollectifdesfestivals.org\/collectif\/2014\/04\/6014\/","name":"Quel est le meilleur choix entre gobelets r\u00e9utilisables et jetables?* &#8226; Le Collectif des festivals","isPartOf":{"@id":"https:\/\/www.lecollectifdesfestivals.org\/collectif\/#website"},"datePublished":"2014-04-14T08:12:28+00:00","dateModified":"2024-07-15T08:48:15+00:00","author":{"@id":"https:\/\/www.lecollectifdesfestivals.org\/collectif\/#\/schema\/person\/86601dd4ec4be86cc3e9fc0f7a6de31c"},"description":"Le Collectif des festivals accompagne les organisateurs de festivals de Bretagne dans leurs d\u00e9marches de d\u00e9veloppement durable et solidaire.","breadcrumb":{"@id":"https:\/\/www.lecollectifdesfestivals.org\/collectif\/2014\/04\/6014\/#breadcrumb"},"inLanguage":"fr-FR","potentialAction":[{"@type":"ReadAction","target":["https:\/\/www.lecollectifdesfestivals.org\/collectif\/2014\/04\/6014\/"]}]},{"@type":"BreadcrumbList","@id":"https:\/\/www.lecollectifdesfestivals.org\/collectif\/2014\/04\/6014\/#breadcrumb","itemListElement":[{"@type":"ListItem","position":1,"name":"Accueil","item":"https:\/\/www.lecollectifdesfestivals.org\/collectif\/"},{"@type":"ListItem","position":2,"name":"Quel est le meilleur choix entre gobelets r\u00e9utilisables et jetables?*"}]},{"@type":"WebSite","@id":"https:\/\/www.lecollectifdesfestivals.org\/collectif\/#website","url":"https:\/\/www.lecollectifdesfestivals.org\/collectif\/","name":"Le Collectif des festivals","description":"Depuis 2005, le Collectif des festivals accompagne les acteurices culturel\u00b7les dans leurs d\u00e9marches de d\u00e9veloppement durable.","potentialAction":[{"@type":"SearchAction","target":{"@type":"EntryPoint","urlTemplate":"https:\/\/www.lecollectifdesfestivals.org\/collectif\/?s={search_term_string}"},"query-input":{"@type":"PropertyValueSpecification","valueRequired":true,"valueName":"search_term_string"}}],"inLanguage":"fr-FR"},{"@type":"Person","@id":"https:\/\/www.lecollectifdesfestivals.org\/collectif\/#\/schema\/person\/86601dd4ec4be86cc3e9fc0f7a6de31c","name":"Le Collectif","image":{"@type":"ImageObject","inLanguage":"fr-FR","@id":"https:\/\/secure.gravatar.com\/avatar\/89073059d9fc0729af171a2cef817d198574cc88ac24fc455b289cc6ea1e6caa?s=96&d=mm&r=g","url":"https:\/\/secure.gravatar.com\/avatar\/89073059d9fc0729af171a2cef817d198574cc88ac24fc455b289cc6ea1e6caa?s=96&d=mm&r=g","contentUrl":"https:\/\/secure.gravatar.com\/avatar\/89073059d9fc0729af171a2cef817d198574cc88ac24fc455b289cc6ea1e6caa?s=96&d=mm&r=g","caption":"Le Collectif"}}]}},"_links":{"self":[{"href":"https:\/\/www.lecollectifdesfestivals.org\/collectif\/wp-json\/wp\/v2\/posts\/6014","targetHints":{"allow":["GET"]}}],"collection":[{"href":"https:\/\/www.lecollectifdesfestivals.org\/collectif\/wp-json\/wp\/v2\/posts"}],"about":[{"href":"https:\/\/www.lecollectifdesfestivals.org\/collectif\/wp-json\/wp\/v2\/types\/post"}],"author":[{"embeddable":true,"href":"https:\/\/www.lecollectifdesfestivals.org\/collectif\/wp-json\/wp\/v2\/users\/1"}],"replies":[{"embeddable":true,"href":"https:\/\/www.lecollectifdesfestivals.org\/collectif\/wp-json\/wp\/v2\/comments?post=6014"}],"version-history":[{"count":3,"href":"https:\/\/www.lecollectifdesfestivals.org\/collectif\/wp-json\/wp\/v2\/posts\/6014\/revisions"}],"predecessor-version":[{"id":26754,"href":"https:\/\/www.lecollectifdesfestivals.org\/collectif\/wp-json\/wp\/v2\/posts\/6014\/revisions\/26754"}],"wp:attachment":[{"href":"https:\/\/www.lecollectifdesfestivals.org\/collectif\/wp-json\/wp\/v2\/media?parent=6014"}],"wp:term":[{"taxonomy":"category","embeddable":true,"href":"https:\/\/www.lecollectifdesfestivals.org\/collectif\/wp-json\/wp\/v2\/categories?post=6014"},{"taxonomy":"post_tag","embeddable":true,"href":"https:\/\/www.lecollectifdesfestivals.org\/collectif\/wp-json\/wp\/v2\/tags?post=6014"}],"curies":[{"name":"wp","href":"https:\/\/api.w.org\/{rel}","templated":true}]}}