{"id":7486,"date":"2015-10-06T08:10:23","date_gmt":"2015-10-06T08:10:23","guid":{"rendered":"http:\/\/www.lecollectifdesfestivals.org\/collectif\/?p=7486"},"modified":"2023-06-26T17:47:31","modified_gmt":"2023-06-26T15:47:31","slug":"une-oeuvre-paysagere-multi-mains-au-festival-bonus","status":"publish","type":"post","link":"https:\/\/www.lecollectifdesfestivals.org\/collectif\/2015\/10\/une-oeuvre-paysagere-multi-mains-au-festival-bonus\/","title":{"rendered":"Une \u0153uvre paysag\u00e8re multi-mains au festival Bonus"},"content":{"rendered":"\t\t<div data-elementor-type=\"wp-post\" data-elementor-id=\"7486\" class=\"elementor elementor-7486\">\n\t\t\t\t\t\t<div class=\"elementor-inner\">\n\t\t\t\t<div class=\"elementor-section-wrap\">\n\t\t\t\t\t\t\t\t\t<section class=\"elementor-section elementor-top-section elementor-element elementor-element-ab569c2 elementor-section-boxed elementor-section-height-default elementor-section-height-default\" data-id=\"ab569c2\" data-element_type=\"section\">\n\t\t\t\t\t\t<div class=\"elementor-container elementor-column-gap-default\">\n\t\t\t\t\t\t\t<div class=\"elementor-row\">\n\t\t\t\t\t<div class=\"elementor-column elementor-col-100 elementor-top-column elementor-element elementor-element-15cfc71\" data-id=\"15cfc71\" data-element_type=\"column\">\n\t\t\t<div class=\"elementor-column-wrap elementor-element-populated\">\n\t\t\t\t\t\t\t<div class=\"elementor-widget-wrap\">\n\t\t\t\t\t\t<div class=\"elementor-element elementor-element-04fd897 elementor-widget elementor-widget-image\" data-id=\"04fd897\" data-element_type=\"widget\" data-widget_type=\"image.default\">\n\t\t\t\t<div class=\"elementor-widget-container\">\n\t\t\t\t\t\t\t\t<div class=\"elementor-image\">\n\t\t\t\t\t\t\t\t\t\t\t\t<img loading=\"lazy\" decoding=\"async\" width=\"1291\" height=\"969\" src=\"https:\/\/www.lecollectifdesfestivals.org\/collectif\/wp-content\/uploads\/2015\/10\/Sc\u00e9no-Bonus-2.jpg\" class=\"attachment-full size-full wp-image-7488\" alt=\"\" srcset=\"https:\/\/www.lecollectifdesfestivals.org\/collectif\/wp-content\/uploads\/2015\/10\/Sc\u00e9no-Bonus-2.jpg 1291w, https:\/\/www.lecollectifdesfestivals.org\/collectif\/wp-content\/uploads\/2015\/10\/Sc\u00e9no-Bonus-2-300x225.jpg 300w, https:\/\/www.lecollectifdesfestivals.org\/collectif\/wp-content\/uploads\/2015\/10\/Sc\u00e9no-Bonus-2-1024x768.jpg 1024w, https:\/\/www.lecollectifdesfestivals.org\/collectif\/wp-content\/uploads\/2015\/10\/Sc\u00e9no-Bonus-2-600x450.jpg 600w\" sizes=\"auto, (max-width: 1291px) 100vw, 1291px\" \/>\t\t\t\t\t\t\t\t\t\t\t\t\t\t<\/div>\n\t\t\t\t\t\t<\/div>\n\t\t\t\t<\/div>\n\t\t\t\t\t\t<\/div>\n\t\t\t\t\t<\/div>\n\t\t<\/div>\n\t\t\t\t\t\t\t\t<\/div>\n\t\t\t\t\t<\/div>\n\t\t<\/section>\n\t\t\t\t<section class=\"elementor-section elementor-top-section elementor-element elementor-element-400dd88 elementor-section-boxed elementor-section-height-default elementor-section-height-default\" data-id=\"400dd88\" data-element_type=\"section\">\n\t\t\t\t\t\t<div class=\"elementor-container elementor-column-gap-default\">\n\t\t\t\t\t\t\t<div class=\"elementor-row\">\n\t\t\t\t\t<div class=\"elementor-column elementor-col-100 elementor-top-column elementor-element elementor-element-6ca1ca89\" data-id=\"6ca1ca89\" data-element_type=\"column\">\n\t\t\t<div class=\"elementor-column-wrap elementor-element-populated\">\n\t\t\t\t\t\t\t<div class=\"elementor-widget-wrap\">\n\t\t\t\t\t\t<div class=\"elementor-element elementor-element-6fba709e elementor-widget elementor-widget-text-editor\" data-id=\"6fba709e\" data-element_type=\"widget\" data-widget_type=\"text-editor.default\">\n\t\t\t\t<div class=\"elementor-widget-container\">\n\t\t\t\t\t\t\t\t<div class=\"elementor-text-editor elementor-clearfix\">\n\t\t\t\t<h2><span style=\"color: #237778;\"><strong style=\"text-align: right; letter-spacing: 0px;\">Quesako\u00a0?<\/strong><\/span><\/h2><p style=\"text-align: justify;\">Les espaces am\u00e9nag\u00e9s pour la tenue d\u2019un festival ne sont pas banals\u00a0: ils permettent d\u2019accueillir les publics dans de bonnes conditions, de d\u00e9ambuler ou de se reposer\u00a0; ils contribuent \u00e0 la convivialit\u00e9 et \u00e0 l\u2019embellissement du lieu choisi\u00a0; ils font aussi l\u2019identit\u00e9 du festival\u00a0!<br \/>La sc\u00e9nographie d\u2019un festival, qui regroupe les d\u00e9cors, le mobilier, les lumi\u00e8res, la signal\u00e9tique\u2026 est donc une activit\u00e9 incontournable. C\u2019est aussi, pourquoi pas, un point de d\u00e9part pour monter un r\u00e9el projet f\u00e9d\u00e9rateur et durable, prenant en compte l\u2019environnement, les usages, les mat\u00e9riaux, l\u2019expression artistique et bien s\u00fbr les personnes qui y participent.<\/p><h2><span style=\"color: #237778;\"><strong>L\u2019oasis de verdure au festival Bonus<\/strong><\/span><\/h2><p style=\"text-align: justify;\">Le festival Bonus investit et anime chaque ann\u00e9e le bourg de H\u00e9d\u00e9-Bazouges.<br \/>En 2013, le festival r\u00e9pond \u00e0 l\u2019appel \u00e0 projet <i>Place aux jeunes !<\/i> de la R\u00e9gion Bretagne pour d\u00e9velopper un projet collectif, culturel et p\u00e9dagogique autour de l\u2019am\u00e9nagement de\u00a0 la place du village. L\u2019objectif \u00e9tait d\u2019en faire un lieu de rassemblement pendant le festival, d\u2019offrir toutes les qualit\u00e9s d\u2019un espace vert, de susciter de nouveaux usages (se rencontrer, s\u2019y reposer, y manger), avec en filigrane l\u2019id\u00e9e de r\u00e9conqu\u00e9rir le min\u00e9ral par le v\u00e9g\u00e9tal, d\u2019o\u00f9 le nom \u00ab\u00a0d\u2019oasis de verdure\u00a0\u00bb.<br \/>Les subventions re\u00e7ues ont permis d\u2019\u00e9laborer un projet de sc\u00e9nographie paysag\u00e8re faisant intervenir diff\u00e9rentes forces vives du territoire\u00a0: la ville de H\u00e9d\u00e9-Bazouges, le Centre de formation et de Promotion Social Agricole (CPSA) de Combourg avec 3 classes de jeunes adultes suivant les formations Am\u00e9nagement Paysager et Eco Jardinage, la soci\u00e9t\u00e9 d\u2019horticulture d\u2019Ille-et-Vilaine, des habitants, des b\u00e9n\u00e9voles, des entreprises pour le pr\u00eat et dons d\u2019outils et de temps. Une sc\u00e9nographe professionnelle a \u00e9galement accompagn\u00e9 la cr\u00e9ation et les r\u00e9flexions des jeunes.<\/p><p style=\"text-align: justify;\">Le projet a \u00e9t\u00e9 r\u00e9alis\u00e9 en plusieurs phases : conceptualisation, construction et plantation.<br \/>L\u2019oasis de verdure a ainsi pris forme\u00a0: plantations fleuries, bancs, mobilier en palettes, panneaux signal\u00e9tiques fleuris et color\u00e9s, et m\u00eame quelques fleurs comestibles !<br \/>Dans un souci de pr\u00e9servation de l\u2019environnement et d\u2019\u00e9conomie, des mat\u00e9riaux de r\u00e9cup\u00e9ration (palettes, chutes de bois) et de la peinture \u00e9cologique ont \u00e9t\u00e9 utilis\u00e9s.<br \/>L\u2019accent a \u00e9t\u00e9 mis sur le \u2018\u2019faire ensemble\u2019\u2019, les rencontres et les apprentissages\u00a0: la sc\u00e9nographe a pu parler d\u2019expression artistique et de la dimension civique du paysagisme, les \u00e9tudiants ont b\u00e9n\u00e9fici\u00e9 d\u2019une ouverture sur leur secteur d\u2019activit\u00e9, ont renforc\u00e9 le lien entre la formation professionnelle et la cr\u00e9ativit\u00e9, et b\u00e9n\u00e9fici\u00e9 d\u2019un acc\u00e8s au th\u00e9\u00e2tre avec la m\u00e9diatrice culturelle\u00a0; l\u2019occasion pour les habitants de rencontrer les jeunes\u2026 Une mixit\u00e9 en termes d\u2019\u00e2ge, d\u2019activit\u00e9s et de comp\u00e9tences.<\/p><p style=\"text-align: justify;\">Le r\u00e9sultat de ce projet ambitieux a dur\u00e9 bien plus que les 3 jours du festival 2013\u00a0: le mobilier sert \u00e0 chaque \u00e9dition du festival, les plantations sont visibles toutes l\u2019ann\u00e9e, notamment celle des bacs et des tranch\u00e9es faites dans l\u2019asphalte. D\u2019autres festivals ont \u00e9mit le souhait d\u2019emprunter ce mobilier pour leur manifestations, cela a \u00e9t\u00e9 fait avec <i>Jazz aux \u00e9cluses<\/i> en 2015.<\/p><h2><span style=\"color: #237778;\"><strong>Mettre en place un projet sc\u00e9nographique dans mon festival<\/strong><\/span><\/h2><p style=\"text-align: justify;\">&#8211; Il s\u2019agit tout d\u2019abord de d\u00e9finir son projet de sc\u00e9nographie\u00a0: identit\u00e9, leitmotiv, esth\u00e9tique\u2026 Ces choix permettront d\u2019identifier les partenariats n\u00e9cessaires pour ce projet participatif\u00a0: structure de formation ou d\u2019insertion, en local de pr\u00e9f\u00e9rence<br \/>&#8211; Associer un professionnel (sc\u00e9nographe, architecte, paysagiste\u2026) garantira la transmission de savoirs et de comp\u00e9tences et la qualit\u00e9 du r\u00e9sultat<br \/>&#8211; Pour un projet vraiment multi-mains, d\u2019autres personnes et structures peuvent se joindre aux projet\u00a0: habitants, mairie, \u00e9coles, entreprises locales\u2026\u00a0 Cela permet un vrai partage du projet, des rencontres, une mixit\u00e9 sociale et interg\u00e9n\u00e9rationnelle\u2026<br \/>&#8211; Veiller \u00e0 l\u2019\u00e9co-conception du projet\u00a0: choix des mat\u00e9riaux \u00e9co con\u00e7us, recycl\u00e9s et recyclables, fourniture aupr\u00e8s des recycleries\u2026<\/p><h2><ins cite=\"mailto:Emilie\" datetime=\"2014-05-28T11:30\"><\/ins><span style=\"color: #237778;\"><strong>Combien \u00e7a co\u00fbte ?<\/strong><\/span><\/h2><p style=\"text-align: justify;\">Il faut compter le co\u00fbt du mat\u00e9riel et des mati\u00e8res premi\u00e8res (la r\u00e9cup\u2019 permet d\u2019importantes \u00e9conomies\u00a0!), les outils et l\u2019embauche d\u2019un professionnel pour l\u2019encadrement.<br \/>Une aide financi\u00e8re peut \u00eatre sollicit\u00e9e aupr\u00e8s de la commune si la sc\u00e9nographie perdure dans la temps sur la voie publique, des partenariats avec les entreprises locales permettent de b\u00e9n\u00e9ficier de mat\u00e9riaux et outils \u00e0 moindre co\u00fbt.<\/p><h2><span style=\"color: #237778;\"><strong>Les points de vigilance<\/strong><\/span><\/h2><p>-L\u2019accompagnement des personnes \u0153uvrant pour le projet et la disponibilit\u00e9 tout au long du projet<br \/>-La coordination, essentielle quand on fait intervenir diff\u00e9rents acteurs\u00a0!<\/p><h2><span style=\"color: #237778;\"><strong>Contact pour en savoir plus<\/strong><\/span><\/h2><p>Association Le Joli Collectif<br \/>02 99 84 62 88<br \/>contact@theatre-de-poche.com<\/p><p><strong>\u00a0<\/strong><\/p>\t\t\t\t\t<\/div>\n\t\t\t\t\t\t<\/div>\n\t\t\t\t<\/div>\n\t\t\t\t\t\t<\/div>\n\t\t\t\t\t<\/div>\n\t\t<\/div>\n\t\t\t\t\t\t\t\t<\/div>\n\t\t\t\t\t<\/div>\n\t\t<\/section>\n\t\t\t\t\t\t\t\t\t<\/div>\n\t\t\t<\/div>\n\t\t\t\t\t<\/div>\n\t\t","protected":false},"excerpt":{"rendered":"<p>Quesako&nbsp;? Les espaces am\u00e9nag\u00e9s pour la tenue d\u2019un festival ne sont pas banals&nbsp;: ils permettent d\u2019accueillir les publics dans de bonnes conditions, de d\u00e9ambuler ou de se reposer&nbsp;; ils contribuent \u00e0 la convivialit\u00e9 et \u00e0 l\u2019embellissement du lieu choisi&nbsp;; ils font aussi l\u2019identit\u00e9 du festival&nbsp;! La sc\u00e9nographie d\u2019un festival, qui regroupe les d\u00e9cors, le mobilier,&hellip;&nbsp;<a href=\"https:\/\/www.lecollectifdesfestivals.org\/collectif\/2015\/10\/une-oeuvre-paysagere-multi-mains-au-festival-bonus\/\" rel=\"bookmark\">Lire la suite &raquo;<span class=\"screen-reader-text\">Une \u0153uvre paysag\u00e8re multi-mains au festival Bonus<\/span><\/a><\/p>\n","protected":false},"author":1,"featured_media":0,"comment_status":"open","ping_status":"open","sticky":false,"template":"","format":"standard","meta":{"neve_meta_sidebar":"","neve_meta_container":"","neve_meta_enable_content_width":"","neve_meta_content_width":0,"neve_meta_title_alignment":"","neve_meta_author_avatar":"","neve_post_elements_order":"","neve_meta_disable_header":"","neve_meta_disable_footer":"","neve_meta_disable_title":"","footnotes":""},"categories":[24,133,114],"tags":[134,194],"class_list":["post-7486","post","type-post","status-publish","format-standard","hentry","category-accueil-des-publics","category-action","category-festivals","tag-action-2","tag-scenographie"],"yoast_head":"<!-- This site is optimized with the Yoast SEO plugin v27.4 - https:\/\/yoast.com\/product\/yoast-seo-wordpress\/ -->\n<title>Une \u0153uvre paysag\u00e8re multi-mains au festival Bonus &#8226; Le Collectif des festivals<\/title>\n<meta name=\"description\" content=\"Le Collectif des festivals accompagne les organisateurs de festivals de Bretagne dans leurs d\u00e9marches de d\u00e9veloppement durable et solidaire.\" \/>\n<meta name=\"robots\" content=\"index, follow, max-snippet:-1, max-image-preview:large, max-video-preview:-1\" \/>\n<link rel=\"canonical\" href=\"https:\/\/www.lecollectifdesfestivals.org\/collectif\/2015\/10\/une-oeuvre-paysagere-multi-mains-au-festival-bonus\/\" \/>\n<meta property=\"og:locale\" content=\"fr_FR\" \/>\n<meta property=\"og:type\" content=\"article\" \/>\n<meta property=\"og:title\" content=\"Une \u0153uvre paysag\u00e8re multi-mains au festival Bonus &#8226; Le Collectif des festivals\" \/>\n<meta property=\"og:description\" content=\"Le Collectif des festivals accompagne les organisateurs de festivals de Bretagne dans leurs d\u00e9marches de d\u00e9veloppement durable et solidaire.\" \/>\n<meta property=\"og:url\" content=\"https:\/\/www.lecollectifdesfestivals.org\/collectif\/2015\/10\/une-oeuvre-paysagere-multi-mains-au-festival-bonus\/\" \/>\n<meta property=\"og:site_name\" content=\"Le Collectif des festivals\" \/>\n<meta property=\"article:publisher\" content=\"https:\/\/www.facebook.com\/LeCollectifDesFestivals\/\" \/>\n<meta property=\"article:published_time\" content=\"2015-10-06T08:10:23+00:00\" \/>\n<meta property=\"article:modified_time\" content=\"2023-06-26T15:47:31+00:00\" \/>\n<meta name=\"author\" content=\"Le Collectif\" \/>\n<meta name=\"twitter:card\" content=\"summary_large_image\" \/>\n<meta name=\"twitter:creator\" content=\"@CollFestivals\" \/>\n<meta name=\"twitter:site\" content=\"@CollFestivals\" \/>\n<meta name=\"twitter:label1\" content=\"\u00c9crit par\" \/>\n\t<meta name=\"twitter:data1\" content=\"Le Collectif\" \/>\n\t<meta name=\"twitter:label2\" content=\"Dur\u00e9e de lecture estim\u00e9e\" \/>\n\t<meta name=\"twitter:data2\" content=\"4 minutes\" \/>\n<script type=\"application\/ld+json\" class=\"yoast-schema-graph\">{\"@context\":\"https:\\\/\\\/schema.org\",\"@graph\":[{\"@type\":\"Article\",\"@id\":\"https:\\\/\\\/www.lecollectifdesfestivals.org\\\/collectif\\\/2015\\\/10\\\/une-oeuvre-paysagere-multi-mains-au-festival-bonus\\\/#article\",\"isPartOf\":{\"@id\":\"https:\\\/\\\/www.lecollectifdesfestivals.org\\\/collectif\\\/2015\\\/10\\\/une-oeuvre-paysagere-multi-mains-au-festival-bonus\\\/\"},\"author\":{\"name\":\"Le Collectif\",\"@id\":\"https:\\\/\\\/www.lecollectifdesfestivals.org\\\/collectif\\\/#\\\/schema\\\/person\\\/86601dd4ec4be86cc3e9fc0f7a6de31c\"},\"headline\":\"Une \u0153uvre paysag\u00e8re multi-mains au festival Bonus\",\"datePublished\":\"2015-10-06T08:10:23+00:00\",\"dateModified\":\"2023-06-26T15:47:31+00:00\",\"mainEntityOfPage\":{\"@id\":\"https:\\\/\\\/www.lecollectifdesfestivals.org\\\/collectif\\\/2015\\\/10\\\/une-oeuvre-paysagere-multi-mains-au-festival-bonus\\\/\"},\"wordCount\":853,\"commentCount\":0,\"keywords\":[\"Action\",\"Sc\u00e9nographie\"],\"articleSection\":[\"Accueil des publics\",\"Action !\",\"Festivals\"],\"inLanguage\":\"fr-FR\",\"potentialAction\":[{\"@type\":\"CommentAction\",\"name\":\"Comment\",\"target\":[\"https:\\\/\\\/www.lecollectifdesfestivals.org\\\/collectif\\\/2015\\\/10\\\/une-oeuvre-paysagere-multi-mains-au-festival-bonus\\\/#respond\"]}]},{\"@type\":\"WebPage\",\"@id\":\"https:\\\/\\\/www.lecollectifdesfestivals.org\\\/collectif\\\/2015\\\/10\\\/une-oeuvre-paysagere-multi-mains-au-festival-bonus\\\/\",\"url\":\"https:\\\/\\\/www.lecollectifdesfestivals.org\\\/collectif\\\/2015\\\/10\\\/une-oeuvre-paysagere-multi-mains-au-festival-bonus\\\/\",\"name\":\"Une \u0153uvre paysag\u00e8re multi-mains au festival Bonus &#8226; Le Collectif des festivals\",\"isPartOf\":{\"@id\":\"https:\\\/\\\/www.lecollectifdesfestivals.org\\\/collectif\\\/#website\"},\"datePublished\":\"2015-10-06T08:10:23+00:00\",\"dateModified\":\"2023-06-26T15:47:31+00:00\",\"author\":{\"@id\":\"https:\\\/\\\/www.lecollectifdesfestivals.org\\\/collectif\\\/#\\\/schema\\\/person\\\/86601dd4ec4be86cc3e9fc0f7a6de31c\"},\"description\":\"Le Collectif des festivals accompagne les organisateurs de festivals de Bretagne dans leurs d\u00e9marches de d\u00e9veloppement durable et solidaire.\",\"breadcrumb\":{\"@id\":\"https:\\\/\\\/www.lecollectifdesfestivals.org\\\/collectif\\\/2015\\\/10\\\/une-oeuvre-paysagere-multi-mains-au-festival-bonus\\\/#breadcrumb\"},\"inLanguage\":\"fr-FR\",\"potentialAction\":[{\"@type\":\"ReadAction\",\"target\":[\"https:\\\/\\\/www.lecollectifdesfestivals.org\\\/collectif\\\/2015\\\/10\\\/une-oeuvre-paysagere-multi-mains-au-festival-bonus\\\/\"]}]},{\"@type\":\"BreadcrumbList\",\"@id\":\"https:\\\/\\\/www.lecollectifdesfestivals.org\\\/collectif\\\/2015\\\/10\\\/une-oeuvre-paysagere-multi-mains-au-festival-bonus\\\/#breadcrumb\",\"itemListElement\":[{\"@type\":\"ListItem\",\"position\":1,\"name\":\"Accueil\",\"item\":\"https:\\\/\\\/www.lecollectifdesfestivals.org\\\/collectif\\\/\"},{\"@type\":\"ListItem\",\"position\":2,\"name\":\"Une \u0153uvre paysag\u00e8re multi-mains au festival Bonus\"}]},{\"@type\":\"WebSite\",\"@id\":\"https:\\\/\\\/www.lecollectifdesfestivals.org\\\/collectif\\\/#website\",\"url\":\"https:\\\/\\\/www.lecollectifdesfestivals.org\\\/collectif\\\/\",\"name\":\"Le Collectif des festivals\",\"description\":\"Depuis 2005, le Collectif des festivals accompagne les acteurices culturel\u00b7les dans leurs d\u00e9marches de d\u00e9veloppement durable.\",\"potentialAction\":[{\"@type\":\"SearchAction\",\"target\":{\"@type\":\"EntryPoint\",\"urlTemplate\":\"https:\\\/\\\/www.lecollectifdesfestivals.org\\\/collectif\\\/?s={search_term_string}\"},\"query-input\":{\"@type\":\"PropertyValueSpecification\",\"valueRequired\":true,\"valueName\":\"search_term_string\"}}],\"inLanguage\":\"fr-FR\"},{\"@type\":\"Person\",\"@id\":\"https:\\\/\\\/www.lecollectifdesfestivals.org\\\/collectif\\\/#\\\/schema\\\/person\\\/86601dd4ec4be86cc3e9fc0f7a6de31c\",\"name\":\"Le Collectif\",\"image\":{\"@type\":\"ImageObject\",\"inLanguage\":\"fr-FR\",\"@id\":\"https:\\\/\\\/secure.gravatar.com\\\/avatar\\\/89073059d9fc0729af171a2cef817d198574cc88ac24fc455b289cc6ea1e6caa?s=96&d=mm&r=g\",\"url\":\"https:\\\/\\\/secure.gravatar.com\\\/avatar\\\/89073059d9fc0729af171a2cef817d198574cc88ac24fc455b289cc6ea1e6caa?s=96&d=mm&r=g\",\"contentUrl\":\"https:\\\/\\\/secure.gravatar.com\\\/avatar\\\/89073059d9fc0729af171a2cef817d198574cc88ac24fc455b289cc6ea1e6caa?s=96&d=mm&r=g\",\"caption\":\"Le Collectif\"}}]}<\/script>\n<!-- \/ Yoast SEO plugin. -->","yoast_head_json":{"title":"Une \u0153uvre paysag\u00e8re multi-mains au festival Bonus &#8226; Le Collectif des festivals","description":"Le Collectif des festivals accompagne les organisateurs de festivals de Bretagne dans leurs d\u00e9marches de d\u00e9veloppement durable et solidaire.","robots":{"index":"index","follow":"follow","max-snippet":"max-snippet:-1","max-image-preview":"max-image-preview:large","max-video-preview":"max-video-preview:-1"},"canonical":"https:\/\/www.lecollectifdesfestivals.org\/collectif\/2015\/10\/une-oeuvre-paysagere-multi-mains-au-festival-bonus\/","og_locale":"fr_FR","og_type":"article","og_title":"Une \u0153uvre paysag\u00e8re multi-mains au festival Bonus &#8226; Le Collectif des festivals","og_description":"Le Collectif des festivals accompagne les organisateurs de festivals de Bretagne dans leurs d\u00e9marches de d\u00e9veloppement durable et solidaire.","og_url":"https:\/\/www.lecollectifdesfestivals.org\/collectif\/2015\/10\/une-oeuvre-paysagere-multi-mains-au-festival-bonus\/","og_site_name":"Le Collectif des festivals","article_publisher":"https:\/\/www.facebook.com\/LeCollectifDesFestivals\/","article_published_time":"2015-10-06T08:10:23+00:00","article_modified_time":"2023-06-26T15:47:31+00:00","author":"Le Collectif","twitter_card":"summary_large_image","twitter_creator":"@CollFestivals","twitter_site":"@CollFestivals","twitter_misc":{"\u00c9crit par":"Le Collectif","Dur\u00e9e de lecture estim\u00e9e":"4 minutes"},"schema":{"@context":"https:\/\/schema.org","@graph":[{"@type":"Article","@id":"https:\/\/www.lecollectifdesfestivals.org\/collectif\/2015\/10\/une-oeuvre-paysagere-multi-mains-au-festival-bonus\/#article","isPartOf":{"@id":"https:\/\/www.lecollectifdesfestivals.org\/collectif\/2015\/10\/une-oeuvre-paysagere-multi-mains-au-festival-bonus\/"},"author":{"name":"Le Collectif","@id":"https:\/\/www.lecollectifdesfestivals.org\/collectif\/#\/schema\/person\/86601dd4ec4be86cc3e9fc0f7a6de31c"},"headline":"Une \u0153uvre paysag\u00e8re multi-mains au festival Bonus","datePublished":"2015-10-06T08:10:23+00:00","dateModified":"2023-06-26T15:47:31+00:00","mainEntityOfPage":{"@id":"https:\/\/www.lecollectifdesfestivals.org\/collectif\/2015\/10\/une-oeuvre-paysagere-multi-mains-au-festival-bonus\/"},"wordCount":853,"commentCount":0,"keywords":["Action","Sc\u00e9nographie"],"articleSection":["Accueil des publics","Action !","Festivals"],"inLanguage":"fr-FR","potentialAction":[{"@type":"CommentAction","name":"Comment","target":["https:\/\/www.lecollectifdesfestivals.org\/collectif\/2015\/10\/une-oeuvre-paysagere-multi-mains-au-festival-bonus\/#respond"]}]},{"@type":"WebPage","@id":"https:\/\/www.lecollectifdesfestivals.org\/collectif\/2015\/10\/une-oeuvre-paysagere-multi-mains-au-festival-bonus\/","url":"https:\/\/www.lecollectifdesfestivals.org\/collectif\/2015\/10\/une-oeuvre-paysagere-multi-mains-au-festival-bonus\/","name":"Une \u0153uvre paysag\u00e8re multi-mains au festival Bonus &#8226; Le Collectif des festivals","isPartOf":{"@id":"https:\/\/www.lecollectifdesfestivals.org\/collectif\/#website"},"datePublished":"2015-10-06T08:10:23+00:00","dateModified":"2023-06-26T15:47:31+00:00","author":{"@id":"https:\/\/www.lecollectifdesfestivals.org\/collectif\/#\/schema\/person\/86601dd4ec4be86cc3e9fc0f7a6de31c"},"description":"Le Collectif des festivals accompagne les organisateurs de festivals de Bretagne dans leurs d\u00e9marches de d\u00e9veloppement durable et solidaire.","breadcrumb":{"@id":"https:\/\/www.lecollectifdesfestivals.org\/collectif\/2015\/10\/une-oeuvre-paysagere-multi-mains-au-festival-bonus\/#breadcrumb"},"inLanguage":"fr-FR","potentialAction":[{"@type":"ReadAction","target":["https:\/\/www.lecollectifdesfestivals.org\/collectif\/2015\/10\/une-oeuvre-paysagere-multi-mains-au-festival-bonus\/"]}]},{"@type":"BreadcrumbList","@id":"https:\/\/www.lecollectifdesfestivals.org\/collectif\/2015\/10\/une-oeuvre-paysagere-multi-mains-au-festival-bonus\/#breadcrumb","itemListElement":[{"@type":"ListItem","position":1,"name":"Accueil","item":"https:\/\/www.lecollectifdesfestivals.org\/collectif\/"},{"@type":"ListItem","position":2,"name":"Une \u0153uvre paysag\u00e8re multi-mains au festival Bonus"}]},{"@type":"WebSite","@id":"https:\/\/www.lecollectifdesfestivals.org\/collectif\/#website","url":"https:\/\/www.lecollectifdesfestivals.org\/collectif\/","name":"Le Collectif des festivals","description":"Depuis 2005, le Collectif des festivals accompagne les acteurices culturel\u00b7les dans leurs d\u00e9marches de d\u00e9veloppement durable.","potentialAction":[{"@type":"SearchAction","target":{"@type":"EntryPoint","urlTemplate":"https:\/\/www.lecollectifdesfestivals.org\/collectif\/?s={search_term_string}"},"query-input":{"@type":"PropertyValueSpecification","valueRequired":true,"valueName":"search_term_string"}}],"inLanguage":"fr-FR"},{"@type":"Person","@id":"https:\/\/www.lecollectifdesfestivals.org\/collectif\/#\/schema\/person\/86601dd4ec4be86cc3e9fc0f7a6de31c","name":"Le Collectif","image":{"@type":"ImageObject","inLanguage":"fr-FR","@id":"https:\/\/secure.gravatar.com\/avatar\/89073059d9fc0729af171a2cef817d198574cc88ac24fc455b289cc6ea1e6caa?s=96&d=mm&r=g","url":"https:\/\/secure.gravatar.com\/avatar\/89073059d9fc0729af171a2cef817d198574cc88ac24fc455b289cc6ea1e6caa?s=96&d=mm&r=g","contentUrl":"https:\/\/secure.gravatar.com\/avatar\/89073059d9fc0729af171a2cef817d198574cc88ac24fc455b289cc6ea1e6caa?s=96&d=mm&r=g","caption":"Le Collectif"}}]}},"_links":{"self":[{"href":"https:\/\/www.lecollectifdesfestivals.org\/collectif\/wp-json\/wp\/v2\/posts\/7486","targetHints":{"allow":["GET"]}}],"collection":[{"href":"https:\/\/www.lecollectifdesfestivals.org\/collectif\/wp-json\/wp\/v2\/posts"}],"about":[{"href":"https:\/\/www.lecollectifdesfestivals.org\/collectif\/wp-json\/wp\/v2\/types\/post"}],"author":[{"embeddable":true,"href":"https:\/\/www.lecollectifdesfestivals.org\/collectif\/wp-json\/wp\/v2\/users\/1"}],"replies":[{"embeddable":true,"href":"https:\/\/www.lecollectifdesfestivals.org\/collectif\/wp-json\/wp\/v2\/comments?post=7486"}],"version-history":[{"count":3,"href":"https:\/\/www.lecollectifdesfestivals.org\/collectif\/wp-json\/wp\/v2\/posts\/7486\/revisions"}],"predecessor-version":[{"id":22557,"href":"https:\/\/www.lecollectifdesfestivals.org\/collectif\/wp-json\/wp\/v2\/posts\/7486\/revisions\/22557"}],"wp:attachment":[{"href":"https:\/\/www.lecollectifdesfestivals.org\/collectif\/wp-json\/wp\/v2\/media?parent=7486"}],"wp:term":[{"taxonomy":"category","embeddable":true,"href":"https:\/\/www.lecollectifdesfestivals.org\/collectif\/wp-json\/wp\/v2\/categories?post=7486"},{"taxonomy":"post_tag","embeddable":true,"href":"https:\/\/www.lecollectifdesfestivals.org\/collectif\/wp-json\/wp\/v2\/tags?post=7486"}],"curies":[{"name":"wp","href":"https:\/\/api.w.org\/{rel}","templated":true}]}}