{"id":7873,"date":"2016-03-04T13:39:48","date_gmt":"2016-03-04T12:39:48","guid":{"rendered":"http:\/\/www.lecollectifdesfestivals.org\/collectif\/?p=7873"},"modified":"2024-11-25T16:06:28","modified_gmt":"2024-11-25T15:06:28","slug":"compte-rendu-gestion-des-dechets-evenementiels-en-finistere","status":"publish","type":"post","link":"https:\/\/www.lecollectifdesfestivals.org\/collectif\/2016\/03\/compte-rendu-gestion-des-dechets-evenementiels-en-finistere\/","title":{"rendered":"[CR] Gestion des d\u00e9chets \u00e9v\u00e9nementiels en Finist\u00e8re"},"content":{"rendered":"<p style=\"text-align: justify;\"><em>Une rencontre organis\u00e9e par Astropolis l\u2019Hiver et le Collectif, en partenariat avec le Symeed 29 le 21 janvier 2016<\/em><\/p>\n<p style=\"text-align: justify;\">Les politiques nationales et locales poursuivent leur engagement en mati\u00e8re de pr\u00e9vention des d\u00e9chets, offrant un cadre de travail renouvel\u00e9 et favorable pour les acteurs dans les territoires.<br \/>De leur c\u00f4t\u00e9, les festivals et les \u00e9v\u00e9nements pers\u00e9v\u00e8rent et innovent dans leurs actions de r\u00e9duction, de tri et de sensibilisation des publics autour des d\u00e9chets.<\/p>\n<p style=\"text-align: justify;\"><strong>Plusieurs points ont \u00e9t\u00e9 abord\u00e9s lors de cette rencontre :<\/strong><\/p>\n<ul>\n<li><strong>Les politiques d\u00e9chets en France et en Bretagne\u00a0<\/strong><b>: <\/b>r\u00e9glementations, r\u00e9partition des comp\u00e9tences, responsabilit\u00e9 des producteurs\u00a0; principes de l\u2019\u00e9conomie circulaire<\/li>\n<li><strong>L\u2019accompagnement de l\u2019Ademe aupr\u00e8s des organisateurs d\u2019\u00e9v\u00e9nements\u00a0et son plan d\u2019actions<\/strong><\/li>\n<li><strong>Des exemples brestois (<\/strong>Brest, Territoire Z\u00e9ro D\u00e9chet Z\u00e9ro Gaspillage \/ La politique de gestion des d\u00e9chets sur les \u00e9v\u00e9nements de Brest M\u00e9tropole \/La d\u00e9marche de r\u00e9duction et de gestion des d\u00e9chets \u00e0 Astropolis)<\/li>\n<li><strong>Etat des lieux partag\u00e9 des actions et d\u00e9marches d\u00e9chets des \u00e9v\u00e9nements<\/strong><\/li>\n<li><b>Approfondissement de la probl\u00e9matique\u00a0: <\/b><strong>sensibilisation et mobilisation des acteurs\u00a0<\/strong><\/li>\n<\/ul>\n<p style=\"text-align: justify;\">Consulter le <a href=\"https:\/\/www.lecollectifdesfestivals.org\/collectif\/download\/CR_Dechets_Astro_210116.pdf\">compte-rendu<\/a>.<br \/>Consulter la <a href=\"https:\/\/www.lecollectifdesfestivals.org\/collectif\/download\/Pres_ADEME_dechets_210116.pdf\">pr\u00e9sentation<\/a> de l&rsquo;ADEME.<br \/>Consulter la <a href=\"https:\/\/www.lecollectifdesfestivals.org\/collectif\/download\/Pres_2_Brest_dechets_210116.pdf\">pr\u00e9sentation<\/a> de Brest M\u00e9tropole sur le territoire z\u00e9ro d\u00e9chet.<br \/>Consulter la <a href=\"https:\/\/www.lecollectifdesfestivals.org\/collectif\/download\/Pres_Brest_dechets_210116.pdf\">pr\u00e9sentation<\/a> de Brest M\u00e9tropole sur les d\u00e9chets \u00e9v\u00e9nementiels.<\/p>\n\n\n<div style=\"height:100px\" aria-hidden=\"true\" class=\"wp-block-spacer\"><\/div>\n","protected":false},"excerpt":{"rendered":"<p>Une rencontre organis\u00e9e par Astropolis l\u2019Hiver et le Collectif, en partenariat avec le Symeed 29 le 21 janvier 2016 Les politiques nationales et locales poursuivent leur engagement en mati\u00e8re de pr\u00e9vention des d\u00e9chets, offrant un cadre de travail renouvel\u00e9 et favorable pour les acteurs dans les territoires.De leur c\u00f4t\u00e9, les festivals et les \u00e9v\u00e9nements pers\u00e9v\u00e8rent&hellip;&nbsp;<a href=\"https:\/\/www.lecollectifdesfestivals.org\/collectif\/2016\/03\/compte-rendu-gestion-des-dechets-evenementiels-en-finistere\/\" rel=\"bookmark\">Lire la suite &raquo;<span class=\"screen-reader-text\">[CR] Gestion des d\u00e9chets \u00e9v\u00e9nementiels en Finist\u00e8re<\/span><\/a><\/p>\n","protected":false},"author":1,"featured_media":0,"comment_status":"open","ping_status":"open","sticky":false,"template":"","format":"standard","meta":{"neve_meta_sidebar":"","neve_meta_container":"","neve_meta_enable_content_width":"","neve_meta_content_width":0,"neve_meta_title_alignment":"","neve_meta_author_avatar":"","neve_post_elements_order":"","neve_meta_disable_header":"","neve_meta_disable_footer":"","neve_meta_disable_title":"","footnotes":""},"categories":[177],"tags":[55,108],"class_list":["post-7873","post","type-post","status-publish","format-standard","hentry","category-cr-rencontres","tag-dechets-2","tag-tri"],"yoast_head":"<!-- This site is optimized with the Yoast SEO plugin v27.4 - https:\/\/yoast.com\/product\/yoast-seo-wordpress\/ -->\n<title>[CR] Gestion des d\u00e9chets \u00e9v\u00e9nementiels en Finist\u00e8re &#8226; Le Collectif des festivals<\/title>\n<meta name=\"description\" content=\"Le Collectif des festivals accompagne les organisateurs de festivals de Bretagne dans leurs d\u00e9marches de d\u00e9veloppement durable et solidaire.\" \/>\n<meta name=\"robots\" content=\"index, follow, max-snippet:-1, max-image-preview:large, max-video-preview:-1\" \/>\n<link rel=\"canonical\" href=\"https:\/\/www.lecollectifdesfestivals.org\/collectif\/2016\/03\/compte-rendu-gestion-des-dechets-evenementiels-en-finistere\/\" \/>\n<meta property=\"og:locale\" content=\"fr_FR\" \/>\n<meta property=\"og:type\" content=\"article\" \/>\n<meta property=\"og:title\" content=\"[CR] Gestion des d\u00e9chets \u00e9v\u00e9nementiels en Finist\u00e8re &#8226; Le Collectif des festivals\" \/>\n<meta property=\"og:description\" content=\"Le Collectif des festivals accompagne les organisateurs de festivals de Bretagne dans leurs d\u00e9marches de d\u00e9veloppement durable et solidaire.\" \/>\n<meta property=\"og:url\" content=\"https:\/\/www.lecollectifdesfestivals.org\/collectif\/2016\/03\/compte-rendu-gestion-des-dechets-evenementiels-en-finistere\/\" \/>\n<meta property=\"og:site_name\" content=\"Le Collectif des festivals\" \/>\n<meta property=\"article:publisher\" content=\"https:\/\/www.facebook.com\/LeCollectifDesFestivals\/\" \/>\n<meta property=\"article:published_time\" content=\"2016-03-04T12:39:48+00:00\" \/>\n<meta property=\"article:modified_time\" content=\"2024-11-25T15:06:28+00:00\" \/>\n<meta name=\"author\" content=\"Le Collectif\" \/>\n<meta name=\"twitter:card\" content=\"summary_large_image\" \/>\n<meta name=\"twitter:creator\" content=\"@CollFestivals\" \/>\n<meta name=\"twitter:site\" content=\"@CollFestivals\" \/>\n<meta name=\"twitter:label1\" content=\"\u00c9crit par\" \/>\n\t<meta name=\"twitter:data1\" content=\"Le Collectif\" \/>\n\t<meta name=\"twitter:label2\" content=\"Dur\u00e9e de lecture estim\u00e9e\" \/>\n\t<meta name=\"twitter:data2\" content=\"1 minute\" \/>\n<script type=\"application\/ld+json\" class=\"yoast-schema-graph\">{\"@context\":\"https:\\\/\\\/schema.org\",\"@graph\":[{\"@type\":\"Article\",\"@id\":\"https:\\\/\\\/www.lecollectifdesfestivals.org\\\/collectif\\\/2016\\\/03\\\/compte-rendu-gestion-des-dechets-evenementiels-en-finistere\\\/#article\",\"isPartOf\":{\"@id\":\"https:\\\/\\\/www.lecollectifdesfestivals.org\\\/collectif\\\/2016\\\/03\\\/compte-rendu-gestion-des-dechets-evenementiels-en-finistere\\\/\"},\"author\":{\"name\":\"Le Collectif\",\"@id\":\"https:\\\/\\\/www.lecollectifdesfestivals.org\\\/collectif\\\/#\\\/schema\\\/person\\\/86601dd4ec4be86cc3e9fc0f7a6de31c\"},\"headline\":\"[CR] Gestion des d\u00e9chets \u00e9v\u00e9nementiels en Finist\u00e8re\",\"datePublished\":\"2016-03-04T12:39:48+00:00\",\"dateModified\":\"2024-11-25T15:06:28+00:00\",\"mainEntityOfPage\":{\"@id\":\"https:\\\/\\\/www.lecollectifdesfestivals.org\\\/collectif\\\/2016\\\/03\\\/compte-rendu-gestion-des-dechets-evenementiels-en-finistere\\\/\"},\"wordCount\":245,\"commentCount\":0,\"keywords\":[\"d\u00e9chets\",\"tri\"],\"articleSection\":[\"Comptes-rendus\"],\"inLanguage\":\"fr-FR\",\"potentialAction\":[{\"@type\":\"CommentAction\",\"name\":\"Comment\",\"target\":[\"https:\\\/\\\/www.lecollectifdesfestivals.org\\\/collectif\\\/2016\\\/03\\\/compte-rendu-gestion-des-dechets-evenementiels-en-finistere\\\/#respond\"]}]},{\"@type\":\"WebPage\",\"@id\":\"https:\\\/\\\/www.lecollectifdesfestivals.org\\\/collectif\\\/2016\\\/03\\\/compte-rendu-gestion-des-dechets-evenementiels-en-finistere\\\/\",\"url\":\"https:\\\/\\\/www.lecollectifdesfestivals.org\\\/collectif\\\/2016\\\/03\\\/compte-rendu-gestion-des-dechets-evenementiels-en-finistere\\\/\",\"name\":\"[CR] Gestion des d\u00e9chets \u00e9v\u00e9nementiels en Finist\u00e8re &#8226; Le Collectif des festivals\",\"isPartOf\":{\"@id\":\"https:\\\/\\\/www.lecollectifdesfestivals.org\\\/collectif\\\/#website\"},\"datePublished\":\"2016-03-04T12:39:48+00:00\",\"dateModified\":\"2024-11-25T15:06:28+00:00\",\"author\":{\"@id\":\"https:\\\/\\\/www.lecollectifdesfestivals.org\\\/collectif\\\/#\\\/schema\\\/person\\\/86601dd4ec4be86cc3e9fc0f7a6de31c\"},\"description\":\"Le Collectif des festivals accompagne les organisateurs de festivals de Bretagne dans leurs d\u00e9marches de d\u00e9veloppement durable et solidaire.\",\"breadcrumb\":{\"@id\":\"https:\\\/\\\/www.lecollectifdesfestivals.org\\\/collectif\\\/2016\\\/03\\\/compte-rendu-gestion-des-dechets-evenementiels-en-finistere\\\/#breadcrumb\"},\"inLanguage\":\"fr-FR\",\"potentialAction\":[{\"@type\":\"ReadAction\",\"target\":[\"https:\\\/\\\/www.lecollectifdesfestivals.org\\\/collectif\\\/2016\\\/03\\\/compte-rendu-gestion-des-dechets-evenementiels-en-finistere\\\/\"]}]},{\"@type\":\"BreadcrumbList\",\"@id\":\"https:\\\/\\\/www.lecollectifdesfestivals.org\\\/collectif\\\/2016\\\/03\\\/compte-rendu-gestion-des-dechets-evenementiels-en-finistere\\\/#breadcrumb\",\"itemListElement\":[{\"@type\":\"ListItem\",\"position\":1,\"name\":\"Accueil\",\"item\":\"https:\\\/\\\/www.lecollectifdesfestivals.org\\\/collectif\\\/\"},{\"@type\":\"ListItem\",\"position\":2,\"name\":\"[CR] Gestion des d\u00e9chets \u00e9v\u00e9nementiels en Finist\u00e8re\"}]},{\"@type\":\"WebSite\",\"@id\":\"https:\\\/\\\/www.lecollectifdesfestivals.org\\\/collectif\\\/#website\",\"url\":\"https:\\\/\\\/www.lecollectifdesfestivals.org\\\/collectif\\\/\",\"name\":\"Le Collectif des festivals\",\"description\":\"Depuis 2005, le Collectif des festivals accompagne les acteurices culturel\u00b7les dans leurs d\u00e9marches de d\u00e9veloppement durable.\",\"potentialAction\":[{\"@type\":\"SearchAction\",\"target\":{\"@type\":\"EntryPoint\",\"urlTemplate\":\"https:\\\/\\\/www.lecollectifdesfestivals.org\\\/collectif\\\/?s={search_term_string}\"},\"query-input\":{\"@type\":\"PropertyValueSpecification\",\"valueRequired\":true,\"valueName\":\"search_term_string\"}}],\"inLanguage\":\"fr-FR\"},{\"@type\":\"Person\",\"@id\":\"https:\\\/\\\/www.lecollectifdesfestivals.org\\\/collectif\\\/#\\\/schema\\\/person\\\/86601dd4ec4be86cc3e9fc0f7a6de31c\",\"name\":\"Le Collectif\",\"image\":{\"@type\":\"ImageObject\",\"inLanguage\":\"fr-FR\",\"@id\":\"https:\\\/\\\/secure.gravatar.com\\\/avatar\\\/89073059d9fc0729af171a2cef817d198574cc88ac24fc455b289cc6ea1e6caa?s=96&d=mm&r=g\",\"url\":\"https:\\\/\\\/secure.gravatar.com\\\/avatar\\\/89073059d9fc0729af171a2cef817d198574cc88ac24fc455b289cc6ea1e6caa?s=96&d=mm&r=g\",\"contentUrl\":\"https:\\\/\\\/secure.gravatar.com\\\/avatar\\\/89073059d9fc0729af171a2cef817d198574cc88ac24fc455b289cc6ea1e6caa?s=96&d=mm&r=g\",\"caption\":\"Le Collectif\"}}]}<\/script>\n<!-- \/ Yoast SEO plugin. -->","yoast_head_json":{"title":"[CR] Gestion des d\u00e9chets \u00e9v\u00e9nementiels en Finist\u00e8re &#8226; Le Collectif des festivals","description":"Le Collectif des festivals accompagne les organisateurs de festivals de Bretagne dans leurs d\u00e9marches de d\u00e9veloppement durable et solidaire.","robots":{"index":"index","follow":"follow","max-snippet":"max-snippet:-1","max-image-preview":"max-image-preview:large","max-video-preview":"max-video-preview:-1"},"canonical":"https:\/\/www.lecollectifdesfestivals.org\/collectif\/2016\/03\/compte-rendu-gestion-des-dechets-evenementiels-en-finistere\/","og_locale":"fr_FR","og_type":"article","og_title":"[CR] Gestion des d\u00e9chets \u00e9v\u00e9nementiels en Finist\u00e8re &#8226; Le Collectif des festivals","og_description":"Le Collectif des festivals accompagne les organisateurs de festivals de Bretagne dans leurs d\u00e9marches de d\u00e9veloppement durable et solidaire.","og_url":"https:\/\/www.lecollectifdesfestivals.org\/collectif\/2016\/03\/compte-rendu-gestion-des-dechets-evenementiels-en-finistere\/","og_site_name":"Le Collectif des festivals","article_publisher":"https:\/\/www.facebook.com\/LeCollectifDesFestivals\/","article_published_time":"2016-03-04T12:39:48+00:00","article_modified_time":"2024-11-25T15:06:28+00:00","author":"Le Collectif","twitter_card":"summary_large_image","twitter_creator":"@CollFestivals","twitter_site":"@CollFestivals","twitter_misc":{"\u00c9crit par":"Le Collectif","Dur\u00e9e de lecture estim\u00e9e":"1 minute"},"schema":{"@context":"https:\/\/schema.org","@graph":[{"@type":"Article","@id":"https:\/\/www.lecollectifdesfestivals.org\/collectif\/2016\/03\/compte-rendu-gestion-des-dechets-evenementiels-en-finistere\/#article","isPartOf":{"@id":"https:\/\/www.lecollectifdesfestivals.org\/collectif\/2016\/03\/compte-rendu-gestion-des-dechets-evenementiels-en-finistere\/"},"author":{"name":"Le Collectif","@id":"https:\/\/www.lecollectifdesfestivals.org\/collectif\/#\/schema\/person\/86601dd4ec4be86cc3e9fc0f7a6de31c"},"headline":"[CR] Gestion des d\u00e9chets \u00e9v\u00e9nementiels en Finist\u00e8re","datePublished":"2016-03-04T12:39:48+00:00","dateModified":"2024-11-25T15:06:28+00:00","mainEntityOfPage":{"@id":"https:\/\/www.lecollectifdesfestivals.org\/collectif\/2016\/03\/compte-rendu-gestion-des-dechets-evenementiels-en-finistere\/"},"wordCount":245,"commentCount":0,"keywords":["d\u00e9chets","tri"],"articleSection":["Comptes-rendus"],"inLanguage":"fr-FR","potentialAction":[{"@type":"CommentAction","name":"Comment","target":["https:\/\/www.lecollectifdesfestivals.org\/collectif\/2016\/03\/compte-rendu-gestion-des-dechets-evenementiels-en-finistere\/#respond"]}]},{"@type":"WebPage","@id":"https:\/\/www.lecollectifdesfestivals.org\/collectif\/2016\/03\/compte-rendu-gestion-des-dechets-evenementiels-en-finistere\/","url":"https:\/\/www.lecollectifdesfestivals.org\/collectif\/2016\/03\/compte-rendu-gestion-des-dechets-evenementiels-en-finistere\/","name":"[CR] Gestion des d\u00e9chets \u00e9v\u00e9nementiels en Finist\u00e8re &#8226; Le Collectif des festivals","isPartOf":{"@id":"https:\/\/www.lecollectifdesfestivals.org\/collectif\/#website"},"datePublished":"2016-03-04T12:39:48+00:00","dateModified":"2024-11-25T15:06:28+00:00","author":{"@id":"https:\/\/www.lecollectifdesfestivals.org\/collectif\/#\/schema\/person\/86601dd4ec4be86cc3e9fc0f7a6de31c"},"description":"Le Collectif des festivals accompagne les organisateurs de festivals de Bretagne dans leurs d\u00e9marches de d\u00e9veloppement durable et solidaire.","breadcrumb":{"@id":"https:\/\/www.lecollectifdesfestivals.org\/collectif\/2016\/03\/compte-rendu-gestion-des-dechets-evenementiels-en-finistere\/#breadcrumb"},"inLanguage":"fr-FR","potentialAction":[{"@type":"ReadAction","target":["https:\/\/www.lecollectifdesfestivals.org\/collectif\/2016\/03\/compte-rendu-gestion-des-dechets-evenementiels-en-finistere\/"]}]},{"@type":"BreadcrumbList","@id":"https:\/\/www.lecollectifdesfestivals.org\/collectif\/2016\/03\/compte-rendu-gestion-des-dechets-evenementiels-en-finistere\/#breadcrumb","itemListElement":[{"@type":"ListItem","position":1,"name":"Accueil","item":"https:\/\/www.lecollectifdesfestivals.org\/collectif\/"},{"@type":"ListItem","position":2,"name":"[CR] Gestion des d\u00e9chets \u00e9v\u00e9nementiels en Finist\u00e8re"}]},{"@type":"WebSite","@id":"https:\/\/www.lecollectifdesfestivals.org\/collectif\/#website","url":"https:\/\/www.lecollectifdesfestivals.org\/collectif\/","name":"Le Collectif des festivals","description":"Depuis 2005, le Collectif des festivals accompagne les acteurices culturel\u00b7les dans leurs d\u00e9marches de d\u00e9veloppement durable.","potentialAction":[{"@type":"SearchAction","target":{"@type":"EntryPoint","urlTemplate":"https:\/\/www.lecollectifdesfestivals.org\/collectif\/?s={search_term_string}"},"query-input":{"@type":"PropertyValueSpecification","valueRequired":true,"valueName":"search_term_string"}}],"inLanguage":"fr-FR"},{"@type":"Person","@id":"https:\/\/www.lecollectifdesfestivals.org\/collectif\/#\/schema\/person\/86601dd4ec4be86cc3e9fc0f7a6de31c","name":"Le Collectif","image":{"@type":"ImageObject","inLanguage":"fr-FR","@id":"https:\/\/secure.gravatar.com\/avatar\/89073059d9fc0729af171a2cef817d198574cc88ac24fc455b289cc6ea1e6caa?s=96&d=mm&r=g","url":"https:\/\/secure.gravatar.com\/avatar\/89073059d9fc0729af171a2cef817d198574cc88ac24fc455b289cc6ea1e6caa?s=96&d=mm&r=g","contentUrl":"https:\/\/secure.gravatar.com\/avatar\/89073059d9fc0729af171a2cef817d198574cc88ac24fc455b289cc6ea1e6caa?s=96&d=mm&r=g","caption":"Le Collectif"}}]}},"_links":{"self":[{"href":"https:\/\/www.lecollectifdesfestivals.org\/collectif\/wp-json\/wp\/v2\/posts\/7873","targetHints":{"allow":["GET"]}}],"collection":[{"href":"https:\/\/www.lecollectifdesfestivals.org\/collectif\/wp-json\/wp\/v2\/posts"}],"about":[{"href":"https:\/\/www.lecollectifdesfestivals.org\/collectif\/wp-json\/wp\/v2\/types\/post"}],"author":[{"embeddable":true,"href":"https:\/\/www.lecollectifdesfestivals.org\/collectif\/wp-json\/wp\/v2\/users\/1"}],"replies":[{"embeddable":true,"href":"https:\/\/www.lecollectifdesfestivals.org\/collectif\/wp-json\/wp\/v2\/comments?post=7873"}],"version-history":[{"count":4,"href":"https:\/\/www.lecollectifdesfestivals.org\/collectif\/wp-json\/wp\/v2\/posts\/7873\/revisions"}],"predecessor-version":[{"id":27785,"href":"https:\/\/www.lecollectifdesfestivals.org\/collectif\/wp-json\/wp\/v2\/posts\/7873\/revisions\/27785"}],"wp:attachment":[{"href":"https:\/\/www.lecollectifdesfestivals.org\/collectif\/wp-json\/wp\/v2\/media?parent=7873"}],"wp:term":[{"taxonomy":"category","embeddable":true,"href":"https:\/\/www.lecollectifdesfestivals.org\/collectif\/wp-json\/wp\/v2\/categories?post=7873"},{"taxonomy":"post_tag","embeddable":true,"href":"https:\/\/www.lecollectifdesfestivals.org\/collectif\/wp-json\/wp\/v2\/tags?post=7873"}],"curies":[{"name":"wp","href":"https:\/\/api.w.org\/{rel}","templated":true}]}}