{"id":8094,"date":"2016-06-15T17:40:58","date_gmt":"2016-06-15T15:40:58","guid":{"rendered":"http:\/\/www.lecollectifdesfestivals.org\/collectif\/?p=8094"},"modified":"2024-04-30T09:14:19","modified_gmt":"2024-04-30T07:14:19","slug":"une-nouvelle-fiche-pratique-sur-la-gestion-des-dechets","status":"publish","type":"post","link":"https:\/\/www.lecollectifdesfestivals.org\/collectif\/2016\/06\/une-nouvelle-fiche-pratique-sur-la-gestion-des-dechets\/","title":{"rendered":"Fiche pratique Gestion des d\u00e9chets"},"content":{"rendered":"<p><em>Mise \u00e0 jour : juin 2016<\/em><\/p>\n<p style=\"text-align: justify;\">R\u00e9duction \u00e0 la source, tri des d\u00e9chets&#8230; la fiche pratique du Collectif donne des conseils utiles pour organiser la gestion des d\u00e9chets sur son \u00e9v\u00e9nement.<\/p>\n<p style=\"text-align: justify;\"><a href=\"https:\/\/www.lecollectifdesfestivals.org\/collectif\/download\/Fiche_Dechets.pdf\"><strong>Consultez-la !<\/strong><\/a><\/p>\n\n\n<div style=\"height:100px\" aria-hidden=\"true\" class=\"wp-block-spacer\"><\/div>\n","protected":false},"excerpt":{"rendered":"<p>Mise \u00e0 jour : juin 2016 R\u00e9duction \u00e0 la source, tri des d\u00e9chets&#8230; la fiche pratique du Collectif donne des conseils utiles pour organiser la gestion des d\u00e9chets sur son \u00e9v\u00e9nement. Consultez-la !<\/p>\n","protected":false},"author":1,"featured_media":0,"comment_status":"open","ping_status":"open","sticky":false,"template":"","format":"standard","meta":{"neve_meta_sidebar":"","neve_meta_container":"","neve_meta_enable_content_width":"","neve_meta_content_width":0,"neve_meta_title_alignment":"","neve_meta_author_avatar":"","neve_post_elements_order":"","neve_meta_disable_header":"","neve_meta_disable_footer":"","neve_meta_disable_title":"","footnotes":""},"categories":[27,444],"tags":[55,201,108],"class_list":["post-8094","post","type-post","status-publish","format-standard","hentry","category-dechets","category-fiches-pratiques","tag-dechets-2","tag-reduction-des-dechets","tag-tri"],"yoast_head":"<!-- This site is optimized with the Yoast SEO plugin v27.4 - https:\/\/yoast.com\/product\/yoast-seo-wordpress\/ -->\n<title>Fiche pratique Gestion des d\u00e9chets &#8226; Le Collectif des festivals<\/title>\n<meta name=\"description\" content=\"Le Collectif des festivals accompagne les organisateurs de festivals de Bretagne dans leurs d\u00e9marches de d\u00e9veloppement durable et solidaire.\" \/>\n<meta name=\"robots\" content=\"index, follow, max-snippet:-1, max-image-preview:large, max-video-preview:-1\" \/>\n<link rel=\"canonical\" href=\"https:\/\/www.lecollectifdesfestivals.org\/collectif\/2016\/06\/une-nouvelle-fiche-pratique-sur-la-gestion-des-dechets\/\" \/>\n<meta property=\"og:locale\" content=\"fr_FR\" \/>\n<meta property=\"og:type\" content=\"article\" \/>\n<meta property=\"og:title\" content=\"Fiche pratique Gestion des d\u00e9chets &#8226; Le Collectif des festivals\" \/>\n<meta property=\"og:description\" content=\"Le Collectif des festivals accompagne les organisateurs de festivals de Bretagne dans leurs d\u00e9marches de d\u00e9veloppement durable et solidaire.\" \/>\n<meta property=\"og:url\" content=\"https:\/\/www.lecollectifdesfestivals.org\/collectif\/2016\/06\/une-nouvelle-fiche-pratique-sur-la-gestion-des-dechets\/\" \/>\n<meta property=\"og:site_name\" content=\"Le Collectif des festivals\" \/>\n<meta property=\"article:publisher\" content=\"https:\/\/www.facebook.com\/LeCollectifDesFestivals\/\" \/>\n<meta property=\"article:published_time\" content=\"2016-06-15T15:40:58+00:00\" \/>\n<meta property=\"article:modified_time\" content=\"2024-04-30T07:14:19+00:00\" \/>\n<meta name=\"author\" content=\"Le Collectif\" \/>\n<meta name=\"twitter:card\" content=\"summary_large_image\" \/>\n<meta name=\"twitter:creator\" content=\"@CollFestivals\" \/>\n<meta name=\"twitter:site\" content=\"@CollFestivals\" \/>\n<meta name=\"twitter:label1\" content=\"\u00c9crit par\" \/>\n\t<meta name=\"twitter:data1\" content=\"Le Collectif\" \/>\n\t<meta name=\"twitter:label2\" content=\"Dur\u00e9e de lecture estim\u00e9e\" \/>\n\t<meta name=\"twitter:data2\" content=\"1 minute\" \/>\n<script type=\"application\/ld+json\" class=\"yoast-schema-graph\">{\"@context\":\"https:\\\/\\\/schema.org\",\"@graph\":[{\"@type\":\"Article\",\"@id\":\"https:\\\/\\\/www.lecollectifdesfestivals.org\\\/collectif\\\/2016\\\/06\\\/une-nouvelle-fiche-pratique-sur-la-gestion-des-dechets\\\/#article\",\"isPartOf\":{\"@id\":\"https:\\\/\\\/www.lecollectifdesfestivals.org\\\/collectif\\\/2016\\\/06\\\/une-nouvelle-fiche-pratique-sur-la-gestion-des-dechets\\\/\"},\"author\":{\"name\":\"Le Collectif\",\"@id\":\"https:\\\/\\\/www.lecollectifdesfestivals.org\\\/collectif\\\/#\\\/schema\\\/person\\\/86601dd4ec4be86cc3e9fc0f7a6de31c\"},\"headline\":\"Fiche pratique Gestion des d\u00e9chets\",\"datePublished\":\"2016-06-15T15:40:58+00:00\",\"dateModified\":\"2024-04-30T07:14:19+00:00\",\"mainEntityOfPage\":{\"@id\":\"https:\\\/\\\/www.lecollectifdesfestivals.org\\\/collectif\\\/2016\\\/06\\\/une-nouvelle-fiche-pratique-sur-la-gestion-des-dechets\\\/\"},\"wordCount\":38,\"commentCount\":2,\"keywords\":[\"d\u00e9chets\",\"r\u00e9duction des d\u00e9chets\",\"tri\"],\"articleSection\":[\"D\u00e9chets \\\/ \u00c9conomie circulaire\",\"Fiches pratiques\"],\"inLanguage\":\"fr-FR\",\"potentialAction\":[{\"@type\":\"CommentAction\",\"name\":\"Comment\",\"target\":[\"https:\\\/\\\/www.lecollectifdesfestivals.org\\\/collectif\\\/2016\\\/06\\\/une-nouvelle-fiche-pratique-sur-la-gestion-des-dechets\\\/#respond\"]}]},{\"@type\":\"WebPage\",\"@id\":\"https:\\\/\\\/www.lecollectifdesfestivals.org\\\/collectif\\\/2016\\\/06\\\/une-nouvelle-fiche-pratique-sur-la-gestion-des-dechets\\\/\",\"url\":\"https:\\\/\\\/www.lecollectifdesfestivals.org\\\/collectif\\\/2016\\\/06\\\/une-nouvelle-fiche-pratique-sur-la-gestion-des-dechets\\\/\",\"name\":\"Fiche pratique Gestion des d\u00e9chets &#8226; Le Collectif des festivals\",\"isPartOf\":{\"@id\":\"https:\\\/\\\/www.lecollectifdesfestivals.org\\\/collectif\\\/#website\"},\"datePublished\":\"2016-06-15T15:40:58+00:00\",\"dateModified\":\"2024-04-30T07:14:19+00:00\",\"author\":{\"@id\":\"https:\\\/\\\/www.lecollectifdesfestivals.org\\\/collectif\\\/#\\\/schema\\\/person\\\/86601dd4ec4be86cc3e9fc0f7a6de31c\"},\"description\":\"Le Collectif des festivals accompagne les organisateurs de festivals de Bretagne dans leurs d\u00e9marches de d\u00e9veloppement durable et solidaire.\",\"breadcrumb\":{\"@id\":\"https:\\\/\\\/www.lecollectifdesfestivals.org\\\/collectif\\\/2016\\\/06\\\/une-nouvelle-fiche-pratique-sur-la-gestion-des-dechets\\\/#breadcrumb\"},\"inLanguage\":\"fr-FR\",\"potentialAction\":[{\"@type\":\"ReadAction\",\"target\":[\"https:\\\/\\\/www.lecollectifdesfestivals.org\\\/collectif\\\/2016\\\/06\\\/une-nouvelle-fiche-pratique-sur-la-gestion-des-dechets\\\/\"]}]},{\"@type\":\"BreadcrumbList\",\"@id\":\"https:\\\/\\\/www.lecollectifdesfestivals.org\\\/collectif\\\/2016\\\/06\\\/une-nouvelle-fiche-pratique-sur-la-gestion-des-dechets\\\/#breadcrumb\",\"itemListElement\":[{\"@type\":\"ListItem\",\"position\":1,\"name\":\"Accueil\",\"item\":\"https:\\\/\\\/www.lecollectifdesfestivals.org\\\/collectif\\\/\"},{\"@type\":\"ListItem\",\"position\":2,\"name\":\"Fiche pratique Gestion des d\u00e9chets\"}]},{\"@type\":\"WebSite\",\"@id\":\"https:\\\/\\\/www.lecollectifdesfestivals.org\\\/collectif\\\/#website\",\"url\":\"https:\\\/\\\/www.lecollectifdesfestivals.org\\\/collectif\\\/\",\"name\":\"Le Collectif des festivals\",\"description\":\"Depuis 2005, le Collectif des festivals accompagne les acteurices culturel\u00b7les dans leurs d\u00e9marches de d\u00e9veloppement durable.\",\"potentialAction\":[{\"@type\":\"SearchAction\",\"target\":{\"@type\":\"EntryPoint\",\"urlTemplate\":\"https:\\\/\\\/www.lecollectifdesfestivals.org\\\/collectif\\\/?s={search_term_string}\"},\"query-input\":{\"@type\":\"PropertyValueSpecification\",\"valueRequired\":true,\"valueName\":\"search_term_string\"}}],\"inLanguage\":\"fr-FR\"},{\"@type\":\"Person\",\"@id\":\"https:\\\/\\\/www.lecollectifdesfestivals.org\\\/collectif\\\/#\\\/schema\\\/person\\\/86601dd4ec4be86cc3e9fc0f7a6de31c\",\"name\":\"Le Collectif\",\"image\":{\"@type\":\"ImageObject\",\"inLanguage\":\"fr-FR\",\"@id\":\"https:\\\/\\\/secure.gravatar.com\\\/avatar\\\/89073059d9fc0729af171a2cef817d198574cc88ac24fc455b289cc6ea1e6caa?s=96&d=mm&r=g\",\"url\":\"https:\\\/\\\/secure.gravatar.com\\\/avatar\\\/89073059d9fc0729af171a2cef817d198574cc88ac24fc455b289cc6ea1e6caa?s=96&d=mm&r=g\",\"contentUrl\":\"https:\\\/\\\/secure.gravatar.com\\\/avatar\\\/89073059d9fc0729af171a2cef817d198574cc88ac24fc455b289cc6ea1e6caa?s=96&d=mm&r=g\",\"caption\":\"Le Collectif\"}}]}<\/script>\n<!-- \/ Yoast SEO plugin. -->","yoast_head_json":{"title":"Fiche pratique Gestion des d\u00e9chets &#8226; Le Collectif des festivals","description":"Le Collectif des festivals accompagne les organisateurs de festivals de Bretagne dans leurs d\u00e9marches de d\u00e9veloppement durable et solidaire.","robots":{"index":"index","follow":"follow","max-snippet":"max-snippet:-1","max-image-preview":"max-image-preview:large","max-video-preview":"max-video-preview:-1"},"canonical":"https:\/\/www.lecollectifdesfestivals.org\/collectif\/2016\/06\/une-nouvelle-fiche-pratique-sur-la-gestion-des-dechets\/","og_locale":"fr_FR","og_type":"article","og_title":"Fiche pratique Gestion des d\u00e9chets &#8226; Le Collectif des festivals","og_description":"Le Collectif des festivals accompagne les organisateurs de festivals de Bretagne dans leurs d\u00e9marches de d\u00e9veloppement durable et solidaire.","og_url":"https:\/\/www.lecollectifdesfestivals.org\/collectif\/2016\/06\/une-nouvelle-fiche-pratique-sur-la-gestion-des-dechets\/","og_site_name":"Le Collectif des festivals","article_publisher":"https:\/\/www.facebook.com\/LeCollectifDesFestivals\/","article_published_time":"2016-06-15T15:40:58+00:00","article_modified_time":"2024-04-30T07:14:19+00:00","author":"Le Collectif","twitter_card":"summary_large_image","twitter_creator":"@CollFestivals","twitter_site":"@CollFestivals","twitter_misc":{"\u00c9crit par":"Le Collectif","Dur\u00e9e de lecture estim\u00e9e":"1 minute"},"schema":{"@context":"https:\/\/schema.org","@graph":[{"@type":"Article","@id":"https:\/\/www.lecollectifdesfestivals.org\/collectif\/2016\/06\/une-nouvelle-fiche-pratique-sur-la-gestion-des-dechets\/#article","isPartOf":{"@id":"https:\/\/www.lecollectifdesfestivals.org\/collectif\/2016\/06\/une-nouvelle-fiche-pratique-sur-la-gestion-des-dechets\/"},"author":{"name":"Le Collectif","@id":"https:\/\/www.lecollectifdesfestivals.org\/collectif\/#\/schema\/person\/86601dd4ec4be86cc3e9fc0f7a6de31c"},"headline":"Fiche pratique Gestion des d\u00e9chets","datePublished":"2016-06-15T15:40:58+00:00","dateModified":"2024-04-30T07:14:19+00:00","mainEntityOfPage":{"@id":"https:\/\/www.lecollectifdesfestivals.org\/collectif\/2016\/06\/une-nouvelle-fiche-pratique-sur-la-gestion-des-dechets\/"},"wordCount":38,"commentCount":2,"keywords":["d\u00e9chets","r\u00e9duction des d\u00e9chets","tri"],"articleSection":["D\u00e9chets \/ \u00c9conomie circulaire","Fiches pratiques"],"inLanguage":"fr-FR","potentialAction":[{"@type":"CommentAction","name":"Comment","target":["https:\/\/www.lecollectifdesfestivals.org\/collectif\/2016\/06\/une-nouvelle-fiche-pratique-sur-la-gestion-des-dechets\/#respond"]}]},{"@type":"WebPage","@id":"https:\/\/www.lecollectifdesfestivals.org\/collectif\/2016\/06\/une-nouvelle-fiche-pratique-sur-la-gestion-des-dechets\/","url":"https:\/\/www.lecollectifdesfestivals.org\/collectif\/2016\/06\/une-nouvelle-fiche-pratique-sur-la-gestion-des-dechets\/","name":"Fiche pratique Gestion des d\u00e9chets &#8226; Le Collectif des festivals","isPartOf":{"@id":"https:\/\/www.lecollectifdesfestivals.org\/collectif\/#website"},"datePublished":"2016-06-15T15:40:58+00:00","dateModified":"2024-04-30T07:14:19+00:00","author":{"@id":"https:\/\/www.lecollectifdesfestivals.org\/collectif\/#\/schema\/person\/86601dd4ec4be86cc3e9fc0f7a6de31c"},"description":"Le Collectif des festivals accompagne les organisateurs de festivals de Bretagne dans leurs d\u00e9marches de d\u00e9veloppement durable et solidaire.","breadcrumb":{"@id":"https:\/\/www.lecollectifdesfestivals.org\/collectif\/2016\/06\/une-nouvelle-fiche-pratique-sur-la-gestion-des-dechets\/#breadcrumb"},"inLanguage":"fr-FR","potentialAction":[{"@type":"ReadAction","target":["https:\/\/www.lecollectifdesfestivals.org\/collectif\/2016\/06\/une-nouvelle-fiche-pratique-sur-la-gestion-des-dechets\/"]}]},{"@type":"BreadcrumbList","@id":"https:\/\/www.lecollectifdesfestivals.org\/collectif\/2016\/06\/une-nouvelle-fiche-pratique-sur-la-gestion-des-dechets\/#breadcrumb","itemListElement":[{"@type":"ListItem","position":1,"name":"Accueil","item":"https:\/\/www.lecollectifdesfestivals.org\/collectif\/"},{"@type":"ListItem","position":2,"name":"Fiche pratique Gestion des d\u00e9chets"}]},{"@type":"WebSite","@id":"https:\/\/www.lecollectifdesfestivals.org\/collectif\/#website","url":"https:\/\/www.lecollectifdesfestivals.org\/collectif\/","name":"Le Collectif des festivals","description":"Depuis 2005, le Collectif des festivals accompagne les acteurices culturel\u00b7les dans leurs d\u00e9marches de d\u00e9veloppement durable.","potentialAction":[{"@type":"SearchAction","target":{"@type":"EntryPoint","urlTemplate":"https:\/\/www.lecollectifdesfestivals.org\/collectif\/?s={search_term_string}"},"query-input":{"@type":"PropertyValueSpecification","valueRequired":true,"valueName":"search_term_string"}}],"inLanguage":"fr-FR"},{"@type":"Person","@id":"https:\/\/www.lecollectifdesfestivals.org\/collectif\/#\/schema\/person\/86601dd4ec4be86cc3e9fc0f7a6de31c","name":"Le Collectif","image":{"@type":"ImageObject","inLanguage":"fr-FR","@id":"https:\/\/secure.gravatar.com\/avatar\/89073059d9fc0729af171a2cef817d198574cc88ac24fc455b289cc6ea1e6caa?s=96&d=mm&r=g","url":"https:\/\/secure.gravatar.com\/avatar\/89073059d9fc0729af171a2cef817d198574cc88ac24fc455b289cc6ea1e6caa?s=96&d=mm&r=g","contentUrl":"https:\/\/secure.gravatar.com\/avatar\/89073059d9fc0729af171a2cef817d198574cc88ac24fc455b289cc6ea1e6caa?s=96&d=mm&r=g","caption":"Le Collectif"}}]}},"_links":{"self":[{"href":"https:\/\/www.lecollectifdesfestivals.org\/collectif\/wp-json\/wp\/v2\/posts\/8094","targetHints":{"allow":["GET"]}}],"collection":[{"href":"https:\/\/www.lecollectifdesfestivals.org\/collectif\/wp-json\/wp\/v2\/posts"}],"about":[{"href":"https:\/\/www.lecollectifdesfestivals.org\/collectif\/wp-json\/wp\/v2\/types\/post"}],"author":[{"embeddable":true,"href":"https:\/\/www.lecollectifdesfestivals.org\/collectif\/wp-json\/wp\/v2\/users\/1"}],"replies":[{"embeddable":true,"href":"https:\/\/www.lecollectifdesfestivals.org\/collectif\/wp-json\/wp\/v2\/comments?post=8094"}],"version-history":[{"count":3,"href":"https:\/\/www.lecollectifdesfestivals.org\/collectif\/wp-json\/wp\/v2\/posts\/8094\/revisions"}],"predecessor-version":[{"id":25661,"href":"https:\/\/www.lecollectifdesfestivals.org\/collectif\/wp-json\/wp\/v2\/posts\/8094\/revisions\/25661"}],"wp:attachment":[{"href":"https:\/\/www.lecollectifdesfestivals.org\/collectif\/wp-json\/wp\/v2\/media?parent=8094"}],"wp:term":[{"taxonomy":"category","embeddable":true,"href":"https:\/\/www.lecollectifdesfestivals.org\/collectif\/wp-json\/wp\/v2\/categories?post=8094"},{"taxonomy":"post_tag","embeddable":true,"href":"https:\/\/www.lecollectifdesfestivals.org\/collectif\/wp-json\/wp\/v2\/tags?post=8094"}],"curies":[{"name":"wp","href":"https:\/\/api.w.org\/{rel}","templated":true}]}}