{"id":8204,"date":"2016-08-30T16:49:37","date_gmt":"2016-08-30T14:49:37","guid":{"rendered":"http:\/\/www.lecollectifdesfestivals.org\/collectif\/?p=8204"},"modified":"2023-06-26T17:46:45","modified_gmt":"2023-06-26T15:46:45","slug":"les-approvisionnements-en-circuit-court-et-en-local-au-festival-fisel","status":"publish","type":"post","link":"https:\/\/www.lecollectifdesfestivals.org\/collectif\/2016\/08\/les-approvisionnements-en-circuit-court-et-en-local-au-festival-fisel\/","title":{"rendered":"Les approvisionnements en circuit court et en local au festival Fisel"},"content":{"rendered":"\t\t<div data-elementor-type=\"wp-post\" data-elementor-id=\"8204\" class=\"elementor elementor-8204\">\n\t\t\t\t\t\t<div class=\"elementor-inner\">\n\t\t\t\t<div class=\"elementor-section-wrap\">\n\t\t\t\t\t\t\t\t\t<section class=\"elementor-section elementor-top-section elementor-element elementor-element-12f912d elementor-section-boxed elementor-section-height-default elementor-section-height-default\" data-id=\"12f912d\" data-element_type=\"section\">\n\t\t\t\t\t\t<div class=\"elementor-container elementor-column-gap-default\">\n\t\t\t\t\t\t\t<div class=\"elementor-row\">\n\t\t\t\t\t<div class=\"elementor-column elementor-col-100 elementor-top-column elementor-element elementor-element-4f7a8218\" data-id=\"4f7a8218\" data-element_type=\"column\">\n\t\t\t<div class=\"elementor-column-wrap elementor-element-populated\">\n\t\t\t\t\t\t\t<div class=\"elementor-widget-wrap\">\n\t\t\t\t\t\t<div class=\"elementor-element elementor-element-7624224d elementor-widget elementor-widget-text-editor\" data-id=\"7624224d\" data-element_type=\"widget\" data-widget_type=\"text-editor.default\">\n\t\t\t\t<div class=\"elementor-widget-container\">\n\t\t\t\t\t\t\t\t<div class=\"elementor-text-editor elementor-clearfix\">\n\t\t\t\t<h2 style=\"text-align: justify;\"><span style=\"color: #237778;\"><strong>Quesako ?<\/strong><\/span><\/h2><p style=\"text-align: justify;\">La pr\u00e9paration d\u2019un \u00e9v\u00e9nement n\u00e9cessite diff\u00e9rents types d\u2019achats, de produits et de services, dont certains peuvent \u00eatre r\u00e9alis\u00e9s aupr\u00e8s de fournisseurs et prestataires du territoire.<br \/>Le circuit-court qualifie un mode de commercialisation effectu\u00e9 entre 0 et 1 interm\u00e9diaire maximum\u00a0; le local s\u2019inscrit dans un rayon de 80 km entre le producteur et le consommateur.<br \/>En se donnant une politique d\u2019achat qui vise \u00e0 s\u2019approvisionner au plus pr\u00e8s, l\u2019organisateur contribue au dynamisme \u00e9conomique sur son territoire tout en r\u00e9duisant l\u2019impact carbone de ces transports. Identifier et conna\u00eetre les producteurs locaux pr\u00e9sente plusieurs avantages\u00a0: grande r\u00e9activit\u00e9 des producteurs, qualit\u00e9 des produits, relation de proximit\u00e9 avec les habitants du territoire, qui deviennent publics et ambassadeurs du festival.<\/p><h2 style=\"text-align: justify;\"><span style=\"color: #237778;\"><strong>Les achats en circuit court et en local au Fisel<\/strong><\/span><\/h2><p style=\"text-align: justify;\">Depuis 2009, le festival Fisel a renforc\u00e9 l\u2019approvisionnement de ses produits alimentaires aupr\u00e8s des agriculteurs et producteurs du pays de Rostrenen.<br \/>La sensibilit\u00e9 commune des membres de l\u2019association, leurs relations et r\u00e9seaux avec le milieu agricole a fortement contribu\u00e9 \u00e0 cette envie de valoriser le travail des agriculteurs du territoire. Certains \u00e9taient d\u00e9j\u00e0 impliqu\u00e9s dans l\u2019organisation du festival \u00e0 travers du pr\u00eat de mat\u00e9riels et du temps pass\u00e9 sur l\u2019installation.<br \/>Aujourd\u2019hui entre 50 et 80% des produits alimentaires sont faits \u00e0 moins de 20 kms : pain, l\u00e9gumes, fromages, \u0153ufs, lait, merguez et saucisses, bi\u00e8re, jus de pomme et cidre\u2026<br \/>La commission appro\/stock commence ses recherches 5 \u00e0 6 mois avant le festival. Certains produits font l\u2019objet de d\u00e9bat au sein du conseil d\u2019administration : int\u00e9gration de produits carn\u00e9s, format de contenants, go\u00fbt et qualit\u00e9\u2026 Ces avis partag\u00e9s permettent d\u2019appuyer les d\u00e9cisions de la commission.<br \/>La localisation, la qualit\u00e9 des produits et la relation avec les producteurs sont plus importantes et ces crit\u00e8res peuvent parfois limiter la g\u00e9n\u00e9ralisation de produits biologiques.<br \/>Plus r\u00e9cemment, le cocktail Fisel et le casse-cro\u00fbte Fisel sont apparus comme recettes originales du festival. Compos\u00e9 de pain, crudit\u00e9s et fromage, le casse cro\u00fbte est pr\u00e9par\u00e9 et servi par les agriculteurs et des b\u00e9n\u00e9voles, permettant de parler directement des produits et de se faire conna\u00eetre aupr\u00e8s des habitants.<br \/>Pour mettre en valeur ces collaborations de proximit\u00e9, une pr\u00e9sentation illustr\u00e9e de chaque producteur sera install\u00e9e sur site.<br \/>Au-del\u00e0 des produits alimentaires, les prestations techniques et de services sont \u00e9galement r\u00e9alis\u00e9es aupr\u00e8s d\u2019entreprises et d\u2019associations locales : location de chapiteau, de sonorisation, prestations artistiques, pr\u00eat de locaux, de mat\u00e9riels, \u00e9lectricit\u00e9, \u00e9clairage, \u2026<br \/>Bas\u00e9es sur l\u2019envie et l\u2019\u00e9change, ces relations de travail diff\u00e8rent d\u2019une relation commerciale. Elles sont rendues possibles par l\u2019\u00e9chelle du festival.<\/p><p style=\"text-align: justify;\">Cette d\u00e9marche de solidarit\u00e9, qui marque l\u2019identit\u00e9 du festival est inscrite dans le projet associatif.<\/p><h2 style=\"text-align: justify;\"><b><\/b><span style=\"color: #237778;\"><strong>Acheter en circuits courts pour ma manifestation<\/strong><\/span><\/h2><p style=\"text-align: justify;\">&#8211; La d\u00e9marche d\u2019achat en circuit-court ou en approvisionnement locale peut \u00eatre progressive, en ciblant une cat\u00e9gorie de produits ou services facilement disponibles sur le territoire.<br \/>&#8211; La possibilit\u00e9 de couvrir tout ou partie de vos besoins en produits et services d\u00e9pend de l\u2019offre existante sur votre territoire. Pour conna\u00eetre les productions locales, il est possible de s\u2019appuyer sur des r\u00e9seaux et professionnels (r\u00e9seaux agricoles et paysans, chambres \u00e9conomiques, bouche \u00e0 oreille, r\u00e9seaux interpersonnels\u2026).<br \/>&#8211; La recherche et la rencontre des fournisseurs, puis l\u2019organisation logistique et les achats requi\u00e8rent des personnes ressources pour d\u00e9finir les besoins, estimer les quantit\u00e9s, commander puis stocker sur place.<\/p><h2 style=\"text-align: justify;\"><span style=\"color: #237778;\"><strong>Combien \u00e7a co\u00fbte\u00a0?<\/strong><\/span><\/h2><p style=\"text-align: justify;\">Cette d\u00e9marche demande surtout du temps et des comp\u00e9tences en logistique et en alimentation.<br \/>Le choix de produits biologiques peut faire augmenter les co\u00fbts (20 \u00e0 25% au Fisel).<br \/>Cependant la proximit\u00e9 avec les producteurs peut rendre plus simple l\u2019ajustement des quantit\u00e9s et la reprise des invendus.<\/p><h2 style=\"text-align: justify;\"><span style=\"color: #237778;\"><strong>Points de vigilance\u00a0<\/strong><\/span><\/h2><p style=\"text-align: justify;\">&#8211; La forte d\u00e9pendance des agriculteurs aux coop\u00e9ratives emp\u00eache la vente directe locale.<br \/>&#8211; Le temps n\u00e9cessaire \u00e0 consacrer \u00e0 la recherche des produits et des producteurs locaux.<\/p><h2 style=\"text-align: justify;\"><strong><span style=\"color: #237778;\">Contact<\/span><br \/><\/strong><\/h2><p style=\"text-align: justify;\">Guirec MILOT &#8211; Coordinateur<br \/>lafiselerie@gmail.com &#8211; 06 51 00 22 95<\/p>\t\t\t\t\t<\/div>\n\t\t\t\t\t\t<\/div>\n\t\t\t\t<\/div>\n\t\t\t\t\t\t<\/div>\n\t\t\t\t\t<\/div>\n\t\t<\/div>\n\t\t\t\t\t\t\t\t<\/div>\n\t\t\t\t\t<\/div>\n\t\t<\/section>\n\t\t\t\t<section class=\"elementor-section elementor-top-section elementor-element elementor-element-0e55eb9 elementor-section-boxed elementor-section-height-default elementor-section-height-default\" data-id=\"0e55eb9\" data-element_type=\"section\">\n\t\t\t\t\t\t<div class=\"elementor-container elementor-column-gap-default\">\n\t\t\t\t\t\t\t<div class=\"elementor-row\">\n\t\t\t\t\t<div class=\"elementor-column elementor-col-100 elementor-top-column elementor-element elementor-element-290beaa\" data-id=\"290beaa\" data-element_type=\"column\">\n\t\t\t<div class=\"elementor-column-wrap elementor-element-populated\">\n\t\t\t\t\t\t\t<div class=\"elementor-widget-wrap\">\n\t\t\t\t\t\t<div class=\"elementor-element elementor-element-d858c9f elementor-widget elementor-widget-text-editor\" data-id=\"d858c9f\" data-element_type=\"widget\" data-widget_type=\"text-editor.default\">\n\t\t\t\t<div class=\"elementor-widget-container\">\n\t\t\t\t\t\t\t\t<div class=\"elementor-text-editor elementor-clearfix\">\n\t\t\t\t<p><strong>\u25ba Voir \u00e9galement la vid\u00e9o :<\/strong><\/p>\t\t\t\t\t<\/div>\n\t\t\t\t\t\t<\/div>\n\t\t\t\t<\/div>\n\t\t\t\t\t\t<\/div>\n\t\t\t\t\t<\/div>\n\t\t<\/div>\n\t\t\t\t\t\t\t\t<\/div>\n\t\t\t\t\t<\/div>\n\t\t<\/section>\n\t\t\t\t<section class=\"elementor-section elementor-top-section elementor-element elementor-element-246ebdc elementor-section-boxed elementor-section-height-default elementor-section-height-default\" data-id=\"246ebdc\" data-element_type=\"section\">\n\t\t\t\t\t\t<div class=\"elementor-container elementor-column-gap-default\">\n\t\t\t\t\t\t\t<div class=\"elementor-row\">\n\t\t\t\t\t<div class=\"elementor-column elementor-col-100 elementor-top-column elementor-element elementor-element-0abae37\" data-id=\"0abae37\" data-element_type=\"column\">\n\t\t\t<div class=\"elementor-column-wrap elementor-element-populated\">\n\t\t\t\t\t\t\t<div class=\"elementor-widget-wrap\">\n\t\t\t\t\t\t<div class=\"elementor-element elementor-element-655c529 elementor-widget elementor-widget-video\" data-id=\"655c529\" data-element_type=\"widget\" data-settings=\"{&quot;youtube_url&quot;:&quot;https:\\\/\\\/youtu.be\\\/h9A4rYiB_rs&quot;,&quot;video_type&quot;:&quot;youtube&quot;,&quot;controls&quot;:&quot;yes&quot;}\" data-widget_type=\"video.default\">\n\t\t\t\t<div class=\"elementor-widget-container\">\n\t\t\t\t\t<div class=\"elementor-wrapper elementor-open-inline\">\n\t\t\t<div class=\"elementor-video\"><\/div>\t\t<\/div>\n\t\t\t\t<\/div>\n\t\t\t\t<\/div>\n\t\t\t\t\t\t<\/div>\n\t\t\t\t\t<\/div>\n\t\t<\/div>\n\t\t\t\t\t\t\t\t<\/div>\n\t\t\t\t\t<\/div>\n\t\t<\/section>\n\t\t\t\t<section class=\"elementor-section elementor-top-section elementor-element elementor-element-23e8005 elementor-section-boxed elementor-section-height-default elementor-section-height-default\" data-id=\"23e8005\" data-element_type=\"section\">\n\t\t\t\t\t\t<div class=\"elementor-container elementor-column-gap-default\">\n\t\t\t\t\t\t\t<div class=\"elementor-row\">\n\t\t\t\t\t<div class=\"elementor-column elementor-col-100 elementor-top-column elementor-element elementor-element-eb84641\" data-id=\"eb84641\" data-element_type=\"column\">\n\t\t\t<div class=\"elementor-column-wrap elementor-element-populated\">\n\t\t\t\t\t\t\t<div class=\"elementor-widget-wrap\">\n\t\t\t\t\t\t<div class=\"elementor-element elementor-element-f520e27 elementor-widget elementor-widget-spacer\" data-id=\"f520e27\" data-element_type=\"widget\" data-widget_type=\"spacer.default\">\n\t\t\t\t<div class=\"elementor-widget-container\">\n\t\t\t\t\t<div class=\"elementor-spacer\">\n\t\t\t<div class=\"elementor-spacer-inner\"><\/div>\n\t\t<\/div>\n\t\t\t\t<\/div>\n\t\t\t\t<\/div>\n\t\t\t\t\t\t<\/div>\n\t\t\t\t\t<\/div>\n\t\t<\/div>\n\t\t\t\t\t\t\t\t<\/div>\n\t\t\t\t\t<\/div>\n\t\t<\/section>\n\t\t\t\t\t\t\t\t\t<\/div>\n\t\t\t<\/div>\n\t\t\t\t\t<\/div>\n\t\t","protected":false},"excerpt":{"rendered":"<p>Quesako ? La pr\u00e9paration d\u2019un \u00e9v\u00e9nement n\u00e9cessite diff\u00e9rents types d\u2019achats, de produits et de services, dont certains peuvent \u00eatre r\u00e9alis\u00e9s aupr\u00e8s de fournisseurs et prestataires du territoire. Le circuit-court qualifie un mode de commercialisation effectu\u00e9 entre 0 et 1 interm\u00e9diaire maximum&nbsp;; le local s\u2019inscrit dans un rayon de 80 km entre le producteur et le&hellip;&nbsp;<a href=\"https:\/\/www.lecollectifdesfestivals.org\/collectif\/2016\/08\/les-approvisionnements-en-circuit-court-et-en-local-au-festival-fisel\/\" rel=\"bookmark\">Lire la suite &raquo;<span class=\"screen-reader-text\">Les approvisionnements en circuit court et en local au festival Fisel<\/span><\/a><\/p>\n","protected":false},"author":1,"featured_media":0,"comment_status":"open","ping_status":"open","sticky":false,"template":"","format":"standard","meta":{"neve_meta_sidebar":"","neve_meta_container":"","neve_meta_enable_content_width":"","neve_meta_content_width":0,"neve_meta_title_alignment":"","neve_meta_author_avatar":"","neve_post_elements_order":"","neve_meta_disable_header":"","neve_meta_disable_footer":"","neve_meta_disable_title":"","footnotes":""},"categories":[3,133,26,114],"tags":[],"class_list":["post-8204","post","type-post","status-publish","format-standard","hentry","category-achats","category-action","category-alimentation","category-festivals"],"yoast_head":"<!-- This site is optimized with the Yoast SEO plugin v27.4 - https:\/\/yoast.com\/product\/yoast-seo-wordpress\/ -->\n<title>Les approvisionnements en circuit court et en local au festival Fisel &#8226; Le Collectif des festivals<\/title>\n<meta name=\"description\" content=\"Le Collectif des festivals accompagne les organisateurs de festivals de Bretagne dans leurs d\u00e9marches de d\u00e9veloppement durable et solidaire.\" \/>\n<meta name=\"robots\" content=\"index, follow, max-snippet:-1, max-image-preview:large, max-video-preview:-1\" \/>\n<link rel=\"canonical\" href=\"https:\/\/www.lecollectifdesfestivals.org\/collectif\/2016\/08\/les-approvisionnements-en-circuit-court-et-en-local-au-festival-fisel\/\" \/>\n<meta property=\"og:locale\" content=\"fr_FR\" \/>\n<meta property=\"og:type\" content=\"article\" \/>\n<meta property=\"og:title\" content=\"Les approvisionnements en circuit court et en local au festival Fisel &#8226; Le Collectif des festivals\" \/>\n<meta property=\"og:description\" content=\"Le Collectif des festivals accompagne les organisateurs de festivals de Bretagne dans leurs d\u00e9marches de d\u00e9veloppement durable et solidaire.\" \/>\n<meta property=\"og:url\" content=\"https:\/\/www.lecollectifdesfestivals.org\/collectif\/2016\/08\/les-approvisionnements-en-circuit-court-et-en-local-au-festival-fisel\/\" \/>\n<meta property=\"og:site_name\" content=\"Le Collectif des festivals\" \/>\n<meta property=\"article:publisher\" content=\"https:\/\/www.facebook.com\/LeCollectifDesFestivals\/\" \/>\n<meta property=\"article:published_time\" content=\"2016-08-30T14:49:37+00:00\" \/>\n<meta property=\"article:modified_time\" content=\"2023-06-26T15:46:45+00:00\" \/>\n<meta name=\"author\" content=\"Le Collectif\" \/>\n<meta name=\"twitter:card\" content=\"summary_large_image\" \/>\n<meta name=\"twitter:creator\" content=\"@CollFestivals\" \/>\n<meta name=\"twitter:site\" content=\"@CollFestivals\" \/>\n<meta name=\"twitter:label1\" content=\"\u00c9crit par\" \/>\n\t<meta name=\"twitter:data1\" content=\"Le Collectif\" \/>\n\t<meta name=\"twitter:label2\" content=\"Dur\u00e9e de lecture estim\u00e9e\" \/>\n\t<meta name=\"twitter:data2\" content=\"4 minutes\" \/>\n<script type=\"application\/ld+json\" class=\"yoast-schema-graph\">{\"@context\":\"https:\\\/\\\/schema.org\",\"@graph\":[{\"@type\":\"Article\",\"@id\":\"https:\\\/\\\/www.lecollectifdesfestivals.org\\\/collectif\\\/2016\\\/08\\\/les-approvisionnements-en-circuit-court-et-en-local-au-festival-fisel\\\/#article\",\"isPartOf\":{\"@id\":\"https:\\\/\\\/www.lecollectifdesfestivals.org\\\/collectif\\\/2016\\\/08\\\/les-approvisionnements-en-circuit-court-et-en-local-au-festival-fisel\\\/\"},\"author\":{\"name\":\"Le Collectif\",\"@id\":\"https:\\\/\\\/www.lecollectifdesfestivals.org\\\/collectif\\\/#\\\/schema\\\/person\\\/86601dd4ec4be86cc3e9fc0f7a6de31c\"},\"headline\":\"Les approvisionnements en circuit court et en local au festival Fisel\",\"datePublished\":\"2016-08-30T14:49:37+00:00\",\"dateModified\":\"2023-06-26T15:46:45+00:00\",\"mainEntityOfPage\":{\"@id\":\"https:\\\/\\\/www.lecollectifdesfestivals.org\\\/collectif\\\/2016\\\/08\\\/les-approvisionnements-en-circuit-court-et-en-local-au-festival-fisel\\\/\"},\"wordCount\":734,\"commentCount\":0,\"articleSection\":[\"Achats\",\"Action !\",\"Alimentation\",\"Festivals\"],\"inLanguage\":\"fr-FR\",\"potentialAction\":[{\"@type\":\"CommentAction\",\"name\":\"Comment\",\"target\":[\"https:\\\/\\\/www.lecollectifdesfestivals.org\\\/collectif\\\/2016\\\/08\\\/les-approvisionnements-en-circuit-court-et-en-local-au-festival-fisel\\\/#respond\"]}]},{\"@type\":\"WebPage\",\"@id\":\"https:\\\/\\\/www.lecollectifdesfestivals.org\\\/collectif\\\/2016\\\/08\\\/les-approvisionnements-en-circuit-court-et-en-local-au-festival-fisel\\\/\",\"url\":\"https:\\\/\\\/www.lecollectifdesfestivals.org\\\/collectif\\\/2016\\\/08\\\/les-approvisionnements-en-circuit-court-et-en-local-au-festival-fisel\\\/\",\"name\":\"Les approvisionnements en circuit court et en local au festival Fisel &#8226; Le Collectif des festivals\",\"isPartOf\":{\"@id\":\"https:\\\/\\\/www.lecollectifdesfestivals.org\\\/collectif\\\/#website\"},\"datePublished\":\"2016-08-30T14:49:37+00:00\",\"dateModified\":\"2023-06-26T15:46:45+00:00\",\"author\":{\"@id\":\"https:\\\/\\\/www.lecollectifdesfestivals.org\\\/collectif\\\/#\\\/schema\\\/person\\\/86601dd4ec4be86cc3e9fc0f7a6de31c\"},\"description\":\"Le Collectif des festivals accompagne les organisateurs de festivals de Bretagne dans leurs d\u00e9marches de d\u00e9veloppement durable et solidaire.\",\"breadcrumb\":{\"@id\":\"https:\\\/\\\/www.lecollectifdesfestivals.org\\\/collectif\\\/2016\\\/08\\\/les-approvisionnements-en-circuit-court-et-en-local-au-festival-fisel\\\/#breadcrumb\"},\"inLanguage\":\"fr-FR\",\"potentialAction\":[{\"@type\":\"ReadAction\",\"target\":[\"https:\\\/\\\/www.lecollectifdesfestivals.org\\\/collectif\\\/2016\\\/08\\\/les-approvisionnements-en-circuit-court-et-en-local-au-festival-fisel\\\/\"]}]},{\"@type\":\"BreadcrumbList\",\"@id\":\"https:\\\/\\\/www.lecollectifdesfestivals.org\\\/collectif\\\/2016\\\/08\\\/les-approvisionnements-en-circuit-court-et-en-local-au-festival-fisel\\\/#breadcrumb\",\"itemListElement\":[{\"@type\":\"ListItem\",\"position\":1,\"name\":\"Accueil\",\"item\":\"https:\\\/\\\/www.lecollectifdesfestivals.org\\\/collectif\\\/\"},{\"@type\":\"ListItem\",\"position\":2,\"name\":\"Les approvisionnements en circuit court et en local au festival Fisel\"}]},{\"@type\":\"WebSite\",\"@id\":\"https:\\\/\\\/www.lecollectifdesfestivals.org\\\/collectif\\\/#website\",\"url\":\"https:\\\/\\\/www.lecollectifdesfestivals.org\\\/collectif\\\/\",\"name\":\"Le Collectif des festivals\",\"description\":\"Depuis 2005, le Collectif des festivals accompagne les acteurices culturel\u00b7les dans leurs d\u00e9marches de d\u00e9veloppement durable.\",\"potentialAction\":[{\"@type\":\"SearchAction\",\"target\":{\"@type\":\"EntryPoint\",\"urlTemplate\":\"https:\\\/\\\/www.lecollectifdesfestivals.org\\\/collectif\\\/?s={search_term_string}\"},\"query-input\":{\"@type\":\"PropertyValueSpecification\",\"valueRequired\":true,\"valueName\":\"search_term_string\"}}],\"inLanguage\":\"fr-FR\"},{\"@type\":\"Person\",\"@id\":\"https:\\\/\\\/www.lecollectifdesfestivals.org\\\/collectif\\\/#\\\/schema\\\/person\\\/86601dd4ec4be86cc3e9fc0f7a6de31c\",\"name\":\"Le Collectif\",\"image\":{\"@type\":\"ImageObject\",\"inLanguage\":\"fr-FR\",\"@id\":\"https:\\\/\\\/secure.gravatar.com\\\/avatar\\\/89073059d9fc0729af171a2cef817d198574cc88ac24fc455b289cc6ea1e6caa?s=96&d=mm&r=g\",\"url\":\"https:\\\/\\\/secure.gravatar.com\\\/avatar\\\/89073059d9fc0729af171a2cef817d198574cc88ac24fc455b289cc6ea1e6caa?s=96&d=mm&r=g\",\"contentUrl\":\"https:\\\/\\\/secure.gravatar.com\\\/avatar\\\/89073059d9fc0729af171a2cef817d198574cc88ac24fc455b289cc6ea1e6caa?s=96&d=mm&r=g\",\"caption\":\"Le Collectif\"}}]}<\/script>\n<!-- \/ Yoast SEO plugin. -->","yoast_head_json":{"title":"Les approvisionnements en circuit court et en local au festival Fisel &#8226; Le Collectif des festivals","description":"Le Collectif des festivals accompagne les organisateurs de festivals de Bretagne dans leurs d\u00e9marches de d\u00e9veloppement durable et solidaire.","robots":{"index":"index","follow":"follow","max-snippet":"max-snippet:-1","max-image-preview":"max-image-preview:large","max-video-preview":"max-video-preview:-1"},"canonical":"https:\/\/www.lecollectifdesfestivals.org\/collectif\/2016\/08\/les-approvisionnements-en-circuit-court-et-en-local-au-festival-fisel\/","og_locale":"fr_FR","og_type":"article","og_title":"Les approvisionnements en circuit court et en local au festival Fisel &#8226; Le Collectif des festivals","og_description":"Le Collectif des festivals accompagne les organisateurs de festivals de Bretagne dans leurs d\u00e9marches de d\u00e9veloppement durable et solidaire.","og_url":"https:\/\/www.lecollectifdesfestivals.org\/collectif\/2016\/08\/les-approvisionnements-en-circuit-court-et-en-local-au-festival-fisel\/","og_site_name":"Le Collectif des festivals","article_publisher":"https:\/\/www.facebook.com\/LeCollectifDesFestivals\/","article_published_time":"2016-08-30T14:49:37+00:00","article_modified_time":"2023-06-26T15:46:45+00:00","author":"Le Collectif","twitter_card":"summary_large_image","twitter_creator":"@CollFestivals","twitter_site":"@CollFestivals","twitter_misc":{"\u00c9crit par":"Le Collectif","Dur\u00e9e de lecture estim\u00e9e":"4 minutes"},"schema":{"@context":"https:\/\/schema.org","@graph":[{"@type":"Article","@id":"https:\/\/www.lecollectifdesfestivals.org\/collectif\/2016\/08\/les-approvisionnements-en-circuit-court-et-en-local-au-festival-fisel\/#article","isPartOf":{"@id":"https:\/\/www.lecollectifdesfestivals.org\/collectif\/2016\/08\/les-approvisionnements-en-circuit-court-et-en-local-au-festival-fisel\/"},"author":{"name":"Le Collectif","@id":"https:\/\/www.lecollectifdesfestivals.org\/collectif\/#\/schema\/person\/86601dd4ec4be86cc3e9fc0f7a6de31c"},"headline":"Les approvisionnements en circuit court et en local au festival Fisel","datePublished":"2016-08-30T14:49:37+00:00","dateModified":"2023-06-26T15:46:45+00:00","mainEntityOfPage":{"@id":"https:\/\/www.lecollectifdesfestivals.org\/collectif\/2016\/08\/les-approvisionnements-en-circuit-court-et-en-local-au-festival-fisel\/"},"wordCount":734,"commentCount":0,"articleSection":["Achats","Action !","Alimentation","Festivals"],"inLanguage":"fr-FR","potentialAction":[{"@type":"CommentAction","name":"Comment","target":["https:\/\/www.lecollectifdesfestivals.org\/collectif\/2016\/08\/les-approvisionnements-en-circuit-court-et-en-local-au-festival-fisel\/#respond"]}]},{"@type":"WebPage","@id":"https:\/\/www.lecollectifdesfestivals.org\/collectif\/2016\/08\/les-approvisionnements-en-circuit-court-et-en-local-au-festival-fisel\/","url":"https:\/\/www.lecollectifdesfestivals.org\/collectif\/2016\/08\/les-approvisionnements-en-circuit-court-et-en-local-au-festival-fisel\/","name":"Les approvisionnements en circuit court et en local au festival Fisel &#8226; Le Collectif des festivals","isPartOf":{"@id":"https:\/\/www.lecollectifdesfestivals.org\/collectif\/#website"},"datePublished":"2016-08-30T14:49:37+00:00","dateModified":"2023-06-26T15:46:45+00:00","author":{"@id":"https:\/\/www.lecollectifdesfestivals.org\/collectif\/#\/schema\/person\/86601dd4ec4be86cc3e9fc0f7a6de31c"},"description":"Le Collectif des festivals accompagne les organisateurs de festivals de Bretagne dans leurs d\u00e9marches de d\u00e9veloppement durable et solidaire.","breadcrumb":{"@id":"https:\/\/www.lecollectifdesfestivals.org\/collectif\/2016\/08\/les-approvisionnements-en-circuit-court-et-en-local-au-festival-fisel\/#breadcrumb"},"inLanguage":"fr-FR","potentialAction":[{"@type":"ReadAction","target":["https:\/\/www.lecollectifdesfestivals.org\/collectif\/2016\/08\/les-approvisionnements-en-circuit-court-et-en-local-au-festival-fisel\/"]}]},{"@type":"BreadcrumbList","@id":"https:\/\/www.lecollectifdesfestivals.org\/collectif\/2016\/08\/les-approvisionnements-en-circuit-court-et-en-local-au-festival-fisel\/#breadcrumb","itemListElement":[{"@type":"ListItem","position":1,"name":"Accueil","item":"https:\/\/www.lecollectifdesfestivals.org\/collectif\/"},{"@type":"ListItem","position":2,"name":"Les approvisionnements en circuit court et en local au festival Fisel"}]},{"@type":"WebSite","@id":"https:\/\/www.lecollectifdesfestivals.org\/collectif\/#website","url":"https:\/\/www.lecollectifdesfestivals.org\/collectif\/","name":"Le Collectif des festivals","description":"Depuis 2005, le Collectif des festivals accompagne les acteurices culturel\u00b7les dans leurs d\u00e9marches de d\u00e9veloppement durable.","potentialAction":[{"@type":"SearchAction","target":{"@type":"EntryPoint","urlTemplate":"https:\/\/www.lecollectifdesfestivals.org\/collectif\/?s={search_term_string}"},"query-input":{"@type":"PropertyValueSpecification","valueRequired":true,"valueName":"search_term_string"}}],"inLanguage":"fr-FR"},{"@type":"Person","@id":"https:\/\/www.lecollectifdesfestivals.org\/collectif\/#\/schema\/person\/86601dd4ec4be86cc3e9fc0f7a6de31c","name":"Le Collectif","image":{"@type":"ImageObject","inLanguage":"fr-FR","@id":"https:\/\/secure.gravatar.com\/avatar\/89073059d9fc0729af171a2cef817d198574cc88ac24fc455b289cc6ea1e6caa?s=96&d=mm&r=g","url":"https:\/\/secure.gravatar.com\/avatar\/89073059d9fc0729af171a2cef817d198574cc88ac24fc455b289cc6ea1e6caa?s=96&d=mm&r=g","contentUrl":"https:\/\/secure.gravatar.com\/avatar\/89073059d9fc0729af171a2cef817d198574cc88ac24fc455b289cc6ea1e6caa?s=96&d=mm&r=g","caption":"Le Collectif"}}]}},"_links":{"self":[{"href":"https:\/\/www.lecollectifdesfestivals.org\/collectif\/wp-json\/wp\/v2\/posts\/8204","targetHints":{"allow":["GET"]}}],"collection":[{"href":"https:\/\/www.lecollectifdesfestivals.org\/collectif\/wp-json\/wp\/v2\/posts"}],"about":[{"href":"https:\/\/www.lecollectifdesfestivals.org\/collectif\/wp-json\/wp\/v2\/types\/post"}],"author":[{"embeddable":true,"href":"https:\/\/www.lecollectifdesfestivals.org\/collectif\/wp-json\/wp\/v2\/users\/1"}],"replies":[{"embeddable":true,"href":"https:\/\/www.lecollectifdesfestivals.org\/collectif\/wp-json\/wp\/v2\/comments?post=8204"}],"version-history":[{"count":3,"href":"https:\/\/www.lecollectifdesfestivals.org\/collectif\/wp-json\/wp\/v2\/posts\/8204\/revisions"}],"predecessor-version":[{"id":22553,"href":"https:\/\/www.lecollectifdesfestivals.org\/collectif\/wp-json\/wp\/v2\/posts\/8204\/revisions\/22553"}],"wp:attachment":[{"href":"https:\/\/www.lecollectifdesfestivals.org\/collectif\/wp-json\/wp\/v2\/media?parent=8204"}],"wp:term":[{"taxonomy":"category","embeddable":true,"href":"https:\/\/www.lecollectifdesfestivals.org\/collectif\/wp-json\/wp\/v2\/categories?post=8204"},{"taxonomy":"post_tag","embeddable":true,"href":"https:\/\/www.lecollectifdesfestivals.org\/collectif\/wp-json\/wp\/v2\/tags?post=8204"}],"curies":[{"name":"wp","href":"https:\/\/api.w.org\/{rel}","templated":true}]}}