{"id":9801,"date":"2017-11-29T15:48:50","date_gmt":"2017-11-29T14:48:50","guid":{"rendered":"http:\/\/www.lecollectifdesfestivals.org\/collectif\/?p=9801"},"modified":"2023-06-26T17:48:38","modified_gmt":"2023-06-26T15:48:38","slug":"video-le-tri-des-dechets-au-festival-du-roi-arthur","status":"publish","type":"post","link":"https:\/\/www.lecollectifdesfestivals.org\/collectif\/2017\/11\/video-le-tri-des-dechets-au-festival-du-roi-arthur\/","title":{"rendered":"[Vid\u00e9o] Le tri des d\u00e9chets au Festival du Roi Arthur"},"content":{"rendered":"<p style=\"text-align: justify;\">Le Festival du Roi Arthur \u00e0 Br\u00e9al-sous-Montfort (35) a mis en place une d\u00e9marche importante autour de la gestion des d\u00e9chets et en particulier le tri. Gr\u00e2ce \u00e0 une table de tri &#8211; sp\u00e9cialement fabriqu\u00e9e pour le festival &#8211; tous les d\u00e9chets sont retri\u00e9s par une \u00e9quipe de b\u00e9n\u00e9voles pour garantir un meilleur tri et une valorisation optimum des d\u00e9chets.<\/p>\n<p><\/p>\n\n\n<figure class=\"wp-block-image size-large\"><a href=\"https:\/\/youtu.be\/eOHXoSRKycA\" target=\"_blank\" rel=\"noopener\"><img loading=\"lazy\" decoding=\"async\" width=\"1024\" height=\"575\" src=\"https:\/\/www.lecollectifdesfestivals.org\/collectif\/wp-content\/uploads\/2021\/07\/Video-RA-1.jpg\" alt=\"\" class=\"wp-image-15137\" srcset=\"https:\/\/www.lecollectifdesfestivals.org\/collectif\/wp-content\/uploads\/2021\/07\/Video-RA-1.jpg 1024w, https:\/\/www.lecollectifdesfestivals.org\/collectif\/wp-content\/uploads\/2021\/07\/Video-RA-1-300x168.jpg 300w, https:\/\/www.lecollectifdesfestivals.org\/collectif\/wp-content\/uploads\/2021\/07\/Video-RA-1-768x431.jpg 768w\" sizes=\"auto, (max-width: 1024px) 100vw, 1024px\" \/><\/a><\/figure>\n\n\n\n<div style=\"height:100px\" aria-hidden=\"true\" class=\"wp-block-spacer\"><\/div>\n","protected":false},"excerpt":{"rendered":"<p>Le Festival du Roi Arthur \u00e0 Br\u00e9al-sous-Montfort (35) a mis en place une d\u00e9marche importante autour de la gestion des d\u00e9chets et en particulier le tri. Gr\u00e2ce \u00e0 une table de tri &#8211; sp\u00e9cialement fabriqu\u00e9e pour le festival &#8211; tous les d\u00e9chets sont retri\u00e9s par une \u00e9quipe de b\u00e9n\u00e9voles pour garantir un meilleur tri et&hellip;&nbsp;<a href=\"https:\/\/www.lecollectifdesfestivals.org\/collectif\/2017\/11\/video-le-tri-des-dechets-au-festival-du-roi-arthur\/\" rel=\"bookmark\">Lire la suite &raquo;<span class=\"screen-reader-text\">[Vid\u00e9o] Le tri des d\u00e9chets au Festival du Roi Arthur<\/span><\/a><\/p>\n","protected":false},"author":1,"featured_media":0,"comment_status":"open","ping_status":"open","sticky":false,"template":"","format":"standard","meta":{"neve_meta_sidebar":"","neve_meta_container":"","neve_meta_enable_content_width":"","neve_meta_content_width":0,"neve_meta_title_alignment":"","neve_meta_author_avatar":"","neve_post_elements_order":"","neve_meta_disable_header":"","neve_meta_disable_footer":"","neve_meta_disable_title":"","footnotes":""},"categories":[133,27,114],"tags":[55,255,108],"class_list":["post-9801","post","type-post","status-publish","format-standard","hentry","category-action","category-dechets","category-festivals","tag-dechets-2","tag-roi-arthur","tag-tri"],"yoast_head":"<!-- This site is optimized with the Yoast SEO plugin v27.4 - https:\/\/yoast.com\/product\/yoast-seo-wordpress\/ -->\n<title>[Vid\u00e9o] Le tri des d\u00e9chets au Festival du Roi Arthur &#8226; Le Collectif des festivals<\/title>\n<meta name=\"description\" content=\"Le Collectif des festivals accompagne les organisateurs de festivals de Bretagne dans leurs d\u00e9marches de d\u00e9veloppement durable et solidaire.\" \/>\n<meta name=\"robots\" content=\"index, follow, max-snippet:-1, max-image-preview:large, max-video-preview:-1\" \/>\n<link rel=\"canonical\" href=\"https:\/\/www.lecollectifdesfestivals.org\/collectif\/2017\/11\/video-le-tri-des-dechets-au-festival-du-roi-arthur\/\" \/>\n<meta property=\"og:locale\" content=\"fr_FR\" \/>\n<meta property=\"og:type\" content=\"article\" \/>\n<meta property=\"og:title\" content=\"[Vid\u00e9o] Le tri des d\u00e9chets au Festival du Roi Arthur &#8226; Le Collectif des festivals\" \/>\n<meta property=\"og:description\" content=\"Le Collectif des festivals accompagne les organisateurs de festivals de Bretagne dans leurs d\u00e9marches de d\u00e9veloppement durable et solidaire.\" \/>\n<meta property=\"og:url\" content=\"https:\/\/www.lecollectifdesfestivals.org\/collectif\/2017\/11\/video-le-tri-des-dechets-au-festival-du-roi-arthur\/\" \/>\n<meta property=\"og:site_name\" content=\"Le Collectif des festivals\" \/>\n<meta property=\"article:publisher\" content=\"https:\/\/www.facebook.com\/LeCollectifDesFestivals\/\" \/>\n<meta property=\"article:published_time\" content=\"2017-11-29T14:48:50+00:00\" \/>\n<meta property=\"article:modified_time\" content=\"2023-06-26T15:48:38+00:00\" \/>\n<meta property=\"og:image\" content=\"https:\/\/www.lecollectifdesfestivals.org\/collectif\/wp-content\/uploads\/2021\/07\/Video-RA-1.jpg\" \/>\n<meta name=\"author\" content=\"Le Collectif\" \/>\n<meta name=\"twitter:card\" content=\"summary_large_image\" \/>\n<meta name=\"twitter:creator\" content=\"@CollFestivals\" \/>\n<meta name=\"twitter:site\" content=\"@CollFestivals\" \/>\n<meta name=\"twitter:label1\" content=\"\u00c9crit par\" \/>\n\t<meta name=\"twitter:data1\" content=\"Le Collectif\" \/>\n\t<meta name=\"twitter:label2\" content=\"Dur\u00e9e de lecture estim\u00e9e\" \/>\n\t<meta name=\"twitter:data2\" content=\"1 minute\" \/>\n<script type=\"application\/ld+json\" class=\"yoast-schema-graph\">{\"@context\":\"https:\\\/\\\/schema.org\",\"@graph\":[{\"@type\":\"Article\",\"@id\":\"https:\\\/\\\/www.lecollectifdesfestivals.org\\\/collectif\\\/2017\\\/11\\\/video-le-tri-des-dechets-au-festival-du-roi-arthur\\\/#article\",\"isPartOf\":{\"@id\":\"https:\\\/\\\/www.lecollectifdesfestivals.org\\\/collectif\\\/2017\\\/11\\\/video-le-tri-des-dechets-au-festival-du-roi-arthur\\\/\"},\"author\":{\"name\":\"Le Collectif\",\"@id\":\"https:\\\/\\\/www.lecollectifdesfestivals.org\\\/collectif\\\/#\\\/schema\\\/person\\\/86601dd4ec4be86cc3e9fc0f7a6de31c\"},\"headline\":\"[Vid\u00e9o] Le tri des d\u00e9chets au Festival du Roi Arthur\",\"datePublished\":\"2017-11-29T14:48:50+00:00\",\"dateModified\":\"2023-06-26T15:48:38+00:00\",\"mainEntityOfPage\":{\"@id\":\"https:\\\/\\\/www.lecollectifdesfestivals.org\\\/collectif\\\/2017\\\/11\\\/video-le-tri-des-dechets-au-festival-du-roi-arthur\\\/\"},\"wordCount\":80,\"commentCount\":0,\"image\":{\"@id\":\"https:\\\/\\\/www.lecollectifdesfestivals.org\\\/collectif\\\/2017\\\/11\\\/video-le-tri-des-dechets-au-festival-du-roi-arthur\\\/#primaryimage\"},\"thumbnailUrl\":\"https:\\\/\\\/www.lecollectifdesfestivals.org\\\/collectif\\\/wp-content\\\/uploads\\\/2021\\\/07\\\/Video-RA-1.jpg\",\"keywords\":[\"d\u00e9chets\",\"Roi Arthur\",\"tri\"],\"articleSection\":[\"Action !\",\"D\u00e9chets \\\/ \u00c9conomie circulaire\",\"Festivals\"],\"inLanguage\":\"fr-FR\",\"potentialAction\":[{\"@type\":\"CommentAction\",\"name\":\"Comment\",\"target\":[\"https:\\\/\\\/www.lecollectifdesfestivals.org\\\/collectif\\\/2017\\\/11\\\/video-le-tri-des-dechets-au-festival-du-roi-arthur\\\/#respond\"]}]},{\"@type\":\"WebPage\",\"@id\":\"https:\\\/\\\/www.lecollectifdesfestivals.org\\\/collectif\\\/2017\\\/11\\\/video-le-tri-des-dechets-au-festival-du-roi-arthur\\\/\",\"url\":\"https:\\\/\\\/www.lecollectifdesfestivals.org\\\/collectif\\\/2017\\\/11\\\/video-le-tri-des-dechets-au-festival-du-roi-arthur\\\/\",\"name\":\"[Vid\u00e9o] Le tri des d\u00e9chets au Festival du Roi Arthur &#8226; Le Collectif des festivals\",\"isPartOf\":{\"@id\":\"https:\\\/\\\/www.lecollectifdesfestivals.org\\\/collectif\\\/#website\"},\"primaryImageOfPage\":{\"@id\":\"https:\\\/\\\/www.lecollectifdesfestivals.org\\\/collectif\\\/2017\\\/11\\\/video-le-tri-des-dechets-au-festival-du-roi-arthur\\\/#primaryimage\"},\"image\":{\"@id\":\"https:\\\/\\\/www.lecollectifdesfestivals.org\\\/collectif\\\/2017\\\/11\\\/video-le-tri-des-dechets-au-festival-du-roi-arthur\\\/#primaryimage\"},\"thumbnailUrl\":\"https:\\\/\\\/www.lecollectifdesfestivals.org\\\/collectif\\\/wp-content\\\/uploads\\\/2021\\\/07\\\/Video-RA-1.jpg\",\"datePublished\":\"2017-11-29T14:48:50+00:00\",\"dateModified\":\"2023-06-26T15:48:38+00:00\",\"author\":{\"@id\":\"https:\\\/\\\/www.lecollectifdesfestivals.org\\\/collectif\\\/#\\\/schema\\\/person\\\/86601dd4ec4be86cc3e9fc0f7a6de31c\"},\"description\":\"Le Collectif des festivals accompagne les organisateurs de festivals de Bretagne dans leurs d\u00e9marches de d\u00e9veloppement durable et solidaire.\",\"breadcrumb\":{\"@id\":\"https:\\\/\\\/www.lecollectifdesfestivals.org\\\/collectif\\\/2017\\\/11\\\/video-le-tri-des-dechets-au-festival-du-roi-arthur\\\/#breadcrumb\"},\"inLanguage\":\"fr-FR\",\"potentialAction\":[{\"@type\":\"ReadAction\",\"target\":[\"https:\\\/\\\/www.lecollectifdesfestivals.org\\\/collectif\\\/2017\\\/11\\\/video-le-tri-des-dechets-au-festival-du-roi-arthur\\\/\"]}]},{\"@type\":\"ImageObject\",\"inLanguage\":\"fr-FR\",\"@id\":\"https:\\\/\\\/www.lecollectifdesfestivals.org\\\/collectif\\\/2017\\\/11\\\/video-le-tri-des-dechets-au-festival-du-roi-arthur\\\/#primaryimage\",\"url\":\"https:\\\/\\\/www.lecollectifdesfestivals.org\\\/collectif\\\/wp-content\\\/uploads\\\/2021\\\/07\\\/Video-RA-1.jpg\",\"contentUrl\":\"https:\\\/\\\/www.lecollectifdesfestivals.org\\\/collectif\\\/wp-content\\\/uploads\\\/2021\\\/07\\\/Video-RA-1.jpg\",\"width\":1024,\"height\":575},{\"@type\":\"BreadcrumbList\",\"@id\":\"https:\\\/\\\/www.lecollectifdesfestivals.org\\\/collectif\\\/2017\\\/11\\\/video-le-tri-des-dechets-au-festival-du-roi-arthur\\\/#breadcrumb\",\"itemListElement\":[{\"@type\":\"ListItem\",\"position\":1,\"name\":\"Accueil\",\"item\":\"https:\\\/\\\/www.lecollectifdesfestivals.org\\\/collectif\\\/\"},{\"@type\":\"ListItem\",\"position\":2,\"name\":\"[Vid\u00e9o] Le tri des d\u00e9chets au Festival du Roi Arthur\"}]},{\"@type\":\"WebSite\",\"@id\":\"https:\\\/\\\/www.lecollectifdesfestivals.org\\\/collectif\\\/#website\",\"url\":\"https:\\\/\\\/www.lecollectifdesfestivals.org\\\/collectif\\\/\",\"name\":\"Le Collectif des festivals\",\"description\":\"Depuis 2005, le Collectif des festivals accompagne les acteurices culturel\u00b7les dans leurs d\u00e9marches de d\u00e9veloppement durable.\",\"potentialAction\":[{\"@type\":\"SearchAction\",\"target\":{\"@type\":\"EntryPoint\",\"urlTemplate\":\"https:\\\/\\\/www.lecollectifdesfestivals.org\\\/collectif\\\/?s={search_term_string}\"},\"query-input\":{\"@type\":\"PropertyValueSpecification\",\"valueRequired\":true,\"valueName\":\"search_term_string\"}}],\"inLanguage\":\"fr-FR\"},{\"@type\":\"Person\",\"@id\":\"https:\\\/\\\/www.lecollectifdesfestivals.org\\\/collectif\\\/#\\\/schema\\\/person\\\/86601dd4ec4be86cc3e9fc0f7a6de31c\",\"name\":\"Le Collectif\",\"image\":{\"@type\":\"ImageObject\",\"inLanguage\":\"fr-FR\",\"@id\":\"https:\\\/\\\/secure.gravatar.com\\\/avatar\\\/89073059d9fc0729af171a2cef817d198574cc88ac24fc455b289cc6ea1e6caa?s=96&d=mm&r=g\",\"url\":\"https:\\\/\\\/secure.gravatar.com\\\/avatar\\\/89073059d9fc0729af171a2cef817d198574cc88ac24fc455b289cc6ea1e6caa?s=96&d=mm&r=g\",\"contentUrl\":\"https:\\\/\\\/secure.gravatar.com\\\/avatar\\\/89073059d9fc0729af171a2cef817d198574cc88ac24fc455b289cc6ea1e6caa?s=96&d=mm&r=g\",\"caption\":\"Le Collectif\"}}]}<\/script>\n<!-- \/ Yoast SEO plugin. -->","yoast_head_json":{"title":"[Vid\u00e9o] Le tri des d\u00e9chets au Festival du Roi Arthur &#8226; Le Collectif des festivals","description":"Le Collectif des festivals accompagne les organisateurs de festivals de Bretagne dans leurs d\u00e9marches de d\u00e9veloppement durable et solidaire.","robots":{"index":"index","follow":"follow","max-snippet":"max-snippet:-1","max-image-preview":"max-image-preview:large","max-video-preview":"max-video-preview:-1"},"canonical":"https:\/\/www.lecollectifdesfestivals.org\/collectif\/2017\/11\/video-le-tri-des-dechets-au-festival-du-roi-arthur\/","og_locale":"fr_FR","og_type":"article","og_title":"[Vid\u00e9o] Le tri des d\u00e9chets au Festival du Roi Arthur &#8226; Le Collectif des festivals","og_description":"Le Collectif des festivals accompagne les organisateurs de festivals de Bretagne dans leurs d\u00e9marches de d\u00e9veloppement durable et solidaire.","og_url":"https:\/\/www.lecollectifdesfestivals.org\/collectif\/2017\/11\/video-le-tri-des-dechets-au-festival-du-roi-arthur\/","og_site_name":"Le Collectif des festivals","article_publisher":"https:\/\/www.facebook.com\/LeCollectifDesFestivals\/","article_published_time":"2017-11-29T14:48:50+00:00","article_modified_time":"2023-06-26T15:48:38+00:00","og_image":[{"url":"https:\/\/www.lecollectifdesfestivals.org\/collectif\/wp-content\/uploads\/2021\/07\/Video-RA-1.jpg","type":"","width":"","height":""}],"author":"Le Collectif","twitter_card":"summary_large_image","twitter_creator":"@CollFestivals","twitter_site":"@CollFestivals","twitter_misc":{"\u00c9crit par":"Le Collectif","Dur\u00e9e de lecture estim\u00e9e":"1 minute"},"schema":{"@context":"https:\/\/schema.org","@graph":[{"@type":"Article","@id":"https:\/\/www.lecollectifdesfestivals.org\/collectif\/2017\/11\/video-le-tri-des-dechets-au-festival-du-roi-arthur\/#article","isPartOf":{"@id":"https:\/\/www.lecollectifdesfestivals.org\/collectif\/2017\/11\/video-le-tri-des-dechets-au-festival-du-roi-arthur\/"},"author":{"name":"Le Collectif","@id":"https:\/\/www.lecollectifdesfestivals.org\/collectif\/#\/schema\/person\/86601dd4ec4be86cc3e9fc0f7a6de31c"},"headline":"[Vid\u00e9o] Le tri des d\u00e9chets au Festival du Roi Arthur","datePublished":"2017-11-29T14:48:50+00:00","dateModified":"2023-06-26T15:48:38+00:00","mainEntityOfPage":{"@id":"https:\/\/www.lecollectifdesfestivals.org\/collectif\/2017\/11\/video-le-tri-des-dechets-au-festival-du-roi-arthur\/"},"wordCount":80,"commentCount":0,"image":{"@id":"https:\/\/www.lecollectifdesfestivals.org\/collectif\/2017\/11\/video-le-tri-des-dechets-au-festival-du-roi-arthur\/#primaryimage"},"thumbnailUrl":"https:\/\/www.lecollectifdesfestivals.org\/collectif\/wp-content\/uploads\/2021\/07\/Video-RA-1.jpg","keywords":["d\u00e9chets","Roi Arthur","tri"],"articleSection":["Action !","D\u00e9chets \/ \u00c9conomie circulaire","Festivals"],"inLanguage":"fr-FR","potentialAction":[{"@type":"CommentAction","name":"Comment","target":["https:\/\/www.lecollectifdesfestivals.org\/collectif\/2017\/11\/video-le-tri-des-dechets-au-festival-du-roi-arthur\/#respond"]}]},{"@type":"WebPage","@id":"https:\/\/www.lecollectifdesfestivals.org\/collectif\/2017\/11\/video-le-tri-des-dechets-au-festival-du-roi-arthur\/","url":"https:\/\/www.lecollectifdesfestivals.org\/collectif\/2017\/11\/video-le-tri-des-dechets-au-festival-du-roi-arthur\/","name":"[Vid\u00e9o] Le tri des d\u00e9chets au Festival du Roi Arthur &#8226; Le Collectif des festivals","isPartOf":{"@id":"https:\/\/www.lecollectifdesfestivals.org\/collectif\/#website"},"primaryImageOfPage":{"@id":"https:\/\/www.lecollectifdesfestivals.org\/collectif\/2017\/11\/video-le-tri-des-dechets-au-festival-du-roi-arthur\/#primaryimage"},"image":{"@id":"https:\/\/www.lecollectifdesfestivals.org\/collectif\/2017\/11\/video-le-tri-des-dechets-au-festival-du-roi-arthur\/#primaryimage"},"thumbnailUrl":"https:\/\/www.lecollectifdesfestivals.org\/collectif\/wp-content\/uploads\/2021\/07\/Video-RA-1.jpg","datePublished":"2017-11-29T14:48:50+00:00","dateModified":"2023-06-26T15:48:38+00:00","author":{"@id":"https:\/\/www.lecollectifdesfestivals.org\/collectif\/#\/schema\/person\/86601dd4ec4be86cc3e9fc0f7a6de31c"},"description":"Le Collectif des festivals accompagne les organisateurs de festivals de Bretagne dans leurs d\u00e9marches de d\u00e9veloppement durable et solidaire.","breadcrumb":{"@id":"https:\/\/www.lecollectifdesfestivals.org\/collectif\/2017\/11\/video-le-tri-des-dechets-au-festival-du-roi-arthur\/#breadcrumb"},"inLanguage":"fr-FR","potentialAction":[{"@type":"ReadAction","target":["https:\/\/www.lecollectifdesfestivals.org\/collectif\/2017\/11\/video-le-tri-des-dechets-au-festival-du-roi-arthur\/"]}]},{"@type":"ImageObject","inLanguage":"fr-FR","@id":"https:\/\/www.lecollectifdesfestivals.org\/collectif\/2017\/11\/video-le-tri-des-dechets-au-festival-du-roi-arthur\/#primaryimage","url":"https:\/\/www.lecollectifdesfestivals.org\/collectif\/wp-content\/uploads\/2021\/07\/Video-RA-1.jpg","contentUrl":"https:\/\/www.lecollectifdesfestivals.org\/collectif\/wp-content\/uploads\/2021\/07\/Video-RA-1.jpg","width":1024,"height":575},{"@type":"BreadcrumbList","@id":"https:\/\/www.lecollectifdesfestivals.org\/collectif\/2017\/11\/video-le-tri-des-dechets-au-festival-du-roi-arthur\/#breadcrumb","itemListElement":[{"@type":"ListItem","position":1,"name":"Accueil","item":"https:\/\/www.lecollectifdesfestivals.org\/collectif\/"},{"@type":"ListItem","position":2,"name":"[Vid\u00e9o] Le tri des d\u00e9chets au Festival du Roi Arthur"}]},{"@type":"WebSite","@id":"https:\/\/www.lecollectifdesfestivals.org\/collectif\/#website","url":"https:\/\/www.lecollectifdesfestivals.org\/collectif\/","name":"Le Collectif des festivals","description":"Depuis 2005, le Collectif des festivals accompagne les acteurices culturel\u00b7les dans leurs d\u00e9marches de d\u00e9veloppement durable.","potentialAction":[{"@type":"SearchAction","target":{"@type":"EntryPoint","urlTemplate":"https:\/\/www.lecollectifdesfestivals.org\/collectif\/?s={search_term_string}"},"query-input":{"@type":"PropertyValueSpecification","valueRequired":true,"valueName":"search_term_string"}}],"inLanguage":"fr-FR"},{"@type":"Person","@id":"https:\/\/www.lecollectifdesfestivals.org\/collectif\/#\/schema\/person\/86601dd4ec4be86cc3e9fc0f7a6de31c","name":"Le Collectif","image":{"@type":"ImageObject","inLanguage":"fr-FR","@id":"https:\/\/secure.gravatar.com\/avatar\/89073059d9fc0729af171a2cef817d198574cc88ac24fc455b289cc6ea1e6caa?s=96&d=mm&r=g","url":"https:\/\/secure.gravatar.com\/avatar\/89073059d9fc0729af171a2cef817d198574cc88ac24fc455b289cc6ea1e6caa?s=96&d=mm&r=g","contentUrl":"https:\/\/secure.gravatar.com\/avatar\/89073059d9fc0729af171a2cef817d198574cc88ac24fc455b289cc6ea1e6caa?s=96&d=mm&r=g","caption":"Le Collectif"}}]}},"_links":{"self":[{"href":"https:\/\/www.lecollectifdesfestivals.org\/collectif\/wp-json\/wp\/v2\/posts\/9801","targetHints":{"allow":["GET"]}}],"collection":[{"href":"https:\/\/www.lecollectifdesfestivals.org\/collectif\/wp-json\/wp\/v2\/posts"}],"about":[{"href":"https:\/\/www.lecollectifdesfestivals.org\/collectif\/wp-json\/wp\/v2\/types\/post"}],"author":[{"embeddable":true,"href":"https:\/\/www.lecollectifdesfestivals.org\/collectif\/wp-json\/wp\/v2\/users\/1"}],"replies":[{"embeddable":true,"href":"https:\/\/www.lecollectifdesfestivals.org\/collectif\/wp-json\/wp\/v2\/comments?post=9801"}],"version-history":[{"count":3,"href":"https:\/\/www.lecollectifdesfestivals.org\/collectif\/wp-json\/wp\/v2\/posts\/9801\/revisions"}],"predecessor-version":[{"id":22619,"href":"https:\/\/www.lecollectifdesfestivals.org\/collectif\/wp-json\/wp\/v2\/posts\/9801\/revisions\/22619"}],"wp:attachment":[{"href":"https:\/\/www.lecollectifdesfestivals.org\/collectif\/wp-json\/wp\/v2\/media?parent=9801"}],"wp:term":[{"taxonomy":"category","embeddable":true,"href":"https:\/\/www.lecollectifdesfestivals.org\/collectif\/wp-json\/wp\/v2\/categories?post=9801"},{"taxonomy":"post_tag","embeddable":true,"href":"https:\/\/www.lecollectifdesfestivals.org\/collectif\/wp-json\/wp\/v2\/tags?post=9801"}],"curies":[{"name":"wp","href":"https:\/\/api.w.org\/{rel}","templated":true}]}}